{"id":2341,"date":"2011-12-02T17:56:05","date_gmt":"2011-12-02T19:56:05","guid":{"rendered":"http:\/\/www.encontramoema.com.br\/blog\/?p=2341"},"modified":"2019-04-12T19:04:33","modified_gmt":"2019-04-12T21:04:33","slug":"cet-fara-operacao-para-inaugurar-arvore-de-natal-do-parque-ibirapuera","status":"publish","type":"post","link":"https:\/\/www.encontramoema.com.br\/sobre\/cet-fara-operacao-para-inaugurar-arvore-de-natal-do-parque-ibirapuera\/","title":{"rendered":"CET far\u00e1 opera\u00e7\u00e3o para inaugurar \u00e1rvore de Natal do Parque Ibirapuera"},"content":{"rendered":"<div class=\"b7f545a958fd6350ffae2d30a84cafb8\" data-index=\"1\" style=\"float: none; margin:0px;\">\n<!-- Anuncio display - global -->\r\n<ins class=\"adsbygoogle\"\r\n     style=\"display:block\"\r\n     data-ad-client=\"ca-pub-8585364105181520\"\r\n     data-ad-slot=\"8789329856\"\r\n     data-ad-format=\"auto\"\r\n     data-full-width-responsive=\"true\"><\/ins>\r\n<script>\r\n     (adsbygoogle = window.adsbygoogle || []).push({});\r\n<\/script>\n<\/div>\n<p>A CET (Companhia de Engenharia de Tr\u00e1fego) vai implantar opera\u00e7\u00e3o especial de tr\u00e2nsito na regi\u00e3o do <a href=\"http:\/\/www.encontramoema.com.br\/moema\/parque-do-ibirapuera.shtml\" target=\"_blank\">Parque Ibirapuera<\/a>, na zona sul de S\u00e3o Paulo, para inaugura\u00e7\u00e3o da \u00c1rvore de Natal, no domingo (4). Por causa da inaugura\u00e7\u00e3o da \u00e1rvore na pra\u00e7a Escoteiro Aldo Chioratto, com a avenida Pedro \u00c1lvares Cabral, algumas vias ficar\u00e3o interditadas das 16h \u00e0s 23h.<\/p>\n<p>A partir das 16h, haver\u00e1 interdi\u00e7\u00e3o total da avenida Pedro \u00c1lvares Cabral, no sentido Pinheiros, entre a rua Maur\u00edcio Cardoso e a rua Ab\u00edlio Soares.<\/p>\n<p>\u00c0s 19h, haver\u00e1 bloqueio ao tr\u00e2nsito de ve\u00edculos na Pedro \u00c1lvares Cabral, sentido Vila Mariana, entre a pra\u00e7a Armando Salles de Oliveira e o Obelisco.<\/p>\n<p>A zona azul ser\u00e1 desativada e ser\u00e1 implantada restri\u00e7\u00e3o integral de estacionamento na Pedro \u00c1lvares Cabral, sentido Vila Mariana, entre os port\u00f5es nove e dez do Parque do Ibirapuera.<\/p>\n<p><em>Fonte: R7<\/em><\/p>\n\n<div style=\"font-size: 0px; height: 0px; line-height: 0px; margin: 0; padding: 0; clear: both;\"><\/div>","protected":false},"excerpt":{"rendered":"<p>A CET (Companhia de Engenharia de Tr\u00e1fego) vai implantar opera\u00e7\u00e3o especial de tr\u00e2nsito na regi\u00e3o do Parque Ibirapuera, na zona sul de S\u00e3o Paulo, para inaugura\u00e7\u00e3o da \u00c1rvore de Natal, no domingo (4). Por causa da inaugura\u00e7\u00e3o da \u00e1rvore na pra\u00e7a Escoteiro Aldo Chioratto, com a avenida Pedro \u00c1lvares Cabral, algumas vias ficar\u00e3o interditadas das 16h \u00e0s 23h. A partir das 16h, haver\u00e1 interdi\u00e7\u00e3o total da avenida Pedro \u00c1lvares Cabral, no sentido Pinheiros, entre a rua Maur\u00edcio Cardoso e a rua Ab\u00edlio Soares. \u00c0s 19h, haver\u00e1 bloqueio ao tr\u00e2nsito de ve\u00edculos na Pedro \u00c1lvares Cabral, sentido Vila Mariana, entre a <\/p>\n","protected":false},"author":1,"featured_media":0,"comment_status":"open","ping_status":"closed","sticky":false,"template":"","format":"standard","meta":{"footnotes":""},"categories":[1],"tags":[7],"class_list":["post-2341","post","type-post","status-publish","format-standard","hentry","category-noticias-em-moema","tag-moema"],"yoast_head":"<!-- This site is optimized with the Yoast SEO plugin v26.3 - https:\/\/yoast.com\/wordpress\/plugins\/seo\/ -->\n<title>CET far\u00e1 opera\u00e7\u00e3o para inaugurar \u00e1rvore de Natal do Parque Ibirapuera - Encontra Moema<\/title>\n<meta name=\"robots\" content=\"index, follow, max-snippet:-1, max-image-preview:large, max-video-preview:-1\" \/>\n<link rel=\"canonical\" href=\"https:\/\/www.encontramoema.com.br\/sobre\/cet-fara-operacao-para-inaugurar-arvore-de-natal-do-parque-ibirapuera\/\" \/>\n<meta property=\"og:locale\" content=\"pt_BR\" \/>\n<meta property=\"og:type\" content=\"article\" \/>\n<meta property=\"og:title\" content=\"CET far\u00e1 opera\u00e7\u00e3o para inaugurar \u00e1rvore de Natal do Parque Ibirapuera - Encontra Moema\" \/>\n<meta property=\"og:description\" content=\"A CET (Companhia de Engenharia de Tr\u00e1fego) vai implantar opera\u00e7\u00e3o especial de tr\u00e2nsito na regi\u00e3o do Parque Ibirapuera, na zona sul de S\u00e3o Paulo, para inaugura\u00e7\u00e3o da \u00c1rvore de Natal, no domingo (4). Por causa da inaugura\u00e7\u00e3o da \u00e1rvore na pra\u00e7a Escoteiro Aldo Chioratto, com a avenida Pedro \u00c1lvares Cabral, algumas vias ficar\u00e3o interditadas das 16h \u00e0s 23h. A partir das 16h, haver\u00e1 interdi\u00e7\u00e3o total da avenida Pedro \u00c1lvares Cabral, no sentido Pinheiros, entre a rua Maur\u00edcio Cardoso e a rua Ab\u00edlio Soares. \u00c0s 19h, haver\u00e1 bloqueio ao tr\u00e2nsito de ve\u00edculos na Pedro \u00c1lvares Cabral, sentido Vila Mariana, entre a\" \/>\n<meta property=\"og:url\" content=\"https:\/\/www.encontramoema.com.br\/sobre\/cet-fara-operacao-para-inaugurar-arvore-de-natal-do-parque-ibirapuera\/\" \/>\n<meta property=\"og:site_name\" content=\"Encontra Moema\" \/>\n<meta property=\"article:published_time\" content=\"2011-12-02T19:56:05+00:00\" \/>\n<meta property=\"article:modified_time\" content=\"2019-04-12T21:04:33+00:00\" \/>\n<meta name=\"author\" content=\"Encontra Moema\" \/>\n<meta name=\"twitter:card\" content=\"summary_large_image\" \/>\n<meta name=\"twitter:label1\" content=\"Escrito por\" \/>\n\t<meta name=\"twitter:data1\" content=\"Encontra Moema\" \/>\n\t<meta name=\"twitter:label2\" content=\"Est. tempo de leitura\" \/>\n\t<meta name=\"twitter:data2\" content=\"1 minuto\" \/>\n<script type=\"application\/ld+json\" class=\"yoast-schema-graph\">{\"@context\":\"https:\/\/schema.org\",\"@graph\":[{\"@type\":\"WebPage\",\"@id\":\"https:\/\/www.encontramoema.com.br\/sobre\/cet-fara-operacao-para-inaugurar-arvore-de-natal-do-parque-ibirapuera\/\",\"url\":\"https:\/\/www.encontramoema.com.br\/sobre\/cet-fara-operacao-para-inaugurar-arvore-de-natal-do-parque-ibirapuera\/\",\"name\":\"CET far\u00e1 opera\u00e7\u00e3o para inaugurar \u00e1rvore de Natal do Parque Ibirapuera - Encontra Moema\",\"isPartOf\":{\"@id\":\"https:\/\/www.encontramoema.com.br\/sobre\/#website\"},\"datePublished\":\"2011-12-02T19:56:05+00:00\",\"dateModified\":\"2019-04-12T21:04:33+00:00\",\"author\":{\"@id\":\"https:\/\/www.encontramoema.com.br\/sobre\/#\/schema\/person\/3c3656d12b82130d77eba13c4ef23efa\"},\"breadcrumb\":{\"@id\":\"https:\/\/www.encontramoema.com.br\/sobre\/cet-fara-operacao-para-inaugurar-arvore-de-natal-do-parque-ibirapuera\/#breadcrumb\"},\"inLanguage\":\"pt-BR\",\"potentialAction\":[{\"@type\":\"ReadAction\",\"target\":[\"https:\/\/www.encontramoema.com.br\/sobre\/cet-fara-operacao-para-inaugurar-arvore-de-natal-do-parque-ibirapuera\/\"]}]},{\"@type\":\"BreadcrumbList\",\"@id\":\"https:\/\/www.encontramoema.com.br\/sobre\/cet-fara-operacao-para-inaugurar-arvore-de-natal-do-parque-ibirapuera\/#breadcrumb\",\"itemListElement\":[{\"@type\":\"ListItem\",\"position\":1,\"name\":\"In\u00edcio\",\"item\":\"https:\/\/www.encontramoema.com.br\/sobre\/\"},{\"@type\":\"ListItem\",\"position\":2,\"name\":\"CET far\u00e1 opera\u00e7\u00e3o para inaugurar \u00e1rvore de Natal do Parque Ibirapuera\"}]},{\"@type\":\"WebSite\",\"@id\":\"https:\/\/www.encontramoema.com.br\/sobre\/#website\",\"url\":\"https:\/\/www.encontramoema.com.br\/sobre\/\",\"name\":\"Encontra Moema\",\"description\":\"Not\u00edcias, eventos, informa\u00e7\u00f5es e dicas no bairro de Moema e regi\u00e3o.\",\"potentialAction\":[{\"@type\":\"SearchAction\",\"target\":{\"@type\":\"EntryPoint\",\"urlTemplate\":\"https:\/\/www.encontramoema.com.br\/sobre\/?s={search_term_string}\"},\"query-input\":{\"@type\":\"PropertyValueSpecification\",\"valueRequired\":true,\"valueName\":\"search_term_string\"}}],\"inLanguage\":\"pt-BR\"},{\"@type\":\"Person\",\"@id\":\"https:\/\/www.encontramoema.com.br\/sobre\/#\/schema\/person\/3c3656d12b82130d77eba13c4ef23efa\",\"name\":\"Encontra Moema\",\"image\":{\"@type\":\"ImageObject\",\"inLanguage\":\"pt-BR\",\"@id\":\"https:\/\/www.encontramoema.com.br\/sobre\/#\/schema\/person\/image\/\",\"url\":\"https:\/\/secure.gravatar.com\/avatar\/0fbed662e37531ae23e68f85f9517b2454e50c1dfebf80eb9b721449ac95e0b9?s=96&d=mm&r=g\",\"contentUrl\":\"https:\/\/secure.gravatar.com\/avatar\/0fbed662e37531ae23e68f85f9517b2454e50c1dfebf80eb9b721449ac95e0b9?s=96&d=mm&r=g\",\"caption\":\"Encontra Moema\"},\"url\":\"https:\/\/www.encontramoema.com.br\/sobre\/author\/emoema\/\"}]}<\/script>\n<!-- \/ Yoast SEO plugin. -->","yoast_head_json":{"title":"CET far\u00e1 opera\u00e7\u00e3o para inaugurar \u00e1rvore de Natal do Parque Ibirapuera - Encontra Moema","robots":{"index":"index","follow":"follow","max-snippet":"max-snippet:-1","max-image-preview":"max-image-preview:large","max-video-preview":"max-video-preview:-1"},"canonical":"https:\/\/www.encontramoema.com.br\/sobre\/cet-fara-operacao-para-inaugurar-arvore-de-natal-do-parque-ibirapuera\/","og_locale":"pt_BR","og_type":"article","og_title":"CET far\u00e1 opera\u00e7\u00e3o para inaugurar \u00e1rvore de Natal do Parque Ibirapuera - Encontra Moema","og_description":"A CET (Companhia de Engenharia de Tr\u00e1fego) vai implantar opera\u00e7\u00e3o especial de tr\u00e2nsito na regi\u00e3o do Parque Ibirapuera, na zona sul de S\u00e3o Paulo, para inaugura\u00e7\u00e3o da \u00c1rvore de Natal, no domingo (4). Por causa da inaugura\u00e7\u00e3o da \u00e1rvore na pra\u00e7a Escoteiro Aldo Chioratto, com a avenida Pedro \u00c1lvares Cabral, algumas vias ficar\u00e3o interditadas das 16h \u00e0s 23h. A partir das 16h, haver\u00e1 interdi\u00e7\u00e3o total da avenida Pedro \u00c1lvares Cabral, no sentido Pinheiros, entre a rua Maur\u00edcio Cardoso e a rua Ab\u00edlio Soares. \u00c0s 19h, haver\u00e1 bloqueio ao tr\u00e2nsito de ve\u00edculos na Pedro \u00c1lvares Cabral, sentido Vila Mariana, entre a","og_url":"https:\/\/www.encontramoema.com.br\/sobre\/cet-fara-operacao-para-inaugurar-arvore-de-natal-do-parque-ibirapuera\/","og_site_name":"Encontra Moema","article_published_time":"2011-12-02T19:56:05+00:00","article_modified_time":"2019-04-12T21:04:33+00:00","author":"Encontra Moema","twitter_card":"summary_large_image","twitter_misc":{"Escrito por":"Encontra Moema","Est. tempo de leitura":"1 minuto"},"schema":{"@context":"https:\/\/schema.org","@graph":[{"@type":"WebPage","@id":"https:\/\/www.encontramoema.com.br\/sobre\/cet-fara-operacao-para-inaugurar-arvore-de-natal-do-parque-ibirapuera\/","url":"https:\/\/www.encontramoema.com.br\/sobre\/cet-fara-operacao-para-inaugurar-arvore-de-natal-do-parque-ibirapuera\/","name":"CET far\u00e1 opera\u00e7\u00e3o para inaugurar \u00e1rvore de Natal do Parque Ibirapuera - Encontra Moema","isPartOf":{"@id":"https:\/\/www.encontramoema.com.br\/sobre\/#website"},"datePublished":"2011-12-02T19:56:05+00:00","dateModified":"2019-04-12T21:04:33+00:00","author":{"@id":"https:\/\/www.encontramoema.com.br\/sobre\/#\/schema\/person\/3c3656d12b82130d77eba13c4ef23efa"},"breadcrumb":{"@id":"https:\/\/www.encontramoema.com.br\/sobre\/cet-fara-operacao-para-inaugurar-arvore-de-natal-do-parque-ibirapuera\/#breadcrumb"},"inLanguage":"pt-BR","potentialAction":[{"@type":"ReadAction","target":["https:\/\/www.encontramoema.com.br\/sobre\/cet-fara-operacao-para-inaugurar-arvore-de-natal-do-parque-ibirapuera\/"]}]},{"@type":"BreadcrumbList","@id":"https:\/\/www.encontramoema.com.br\/sobre\/cet-fara-operacao-para-inaugurar-arvore-de-natal-do-parque-ibirapuera\/#breadcrumb","itemListElement":[{"@type":"ListItem","position":1,"name":"In\u00edcio","item":"https:\/\/www.encontramoema.com.br\/sobre\/"},{"@type":"ListItem","position":2,"name":"CET far\u00e1 opera\u00e7\u00e3o para inaugurar \u00e1rvore de Natal do Parque Ibirapuera"}]},{"@type":"WebSite","@id":"https:\/\/www.encontramoema.com.br\/sobre\/#website","url":"https:\/\/www.encontramoema.com.br\/sobre\/","name":"Encontra Moema","description":"Not\u00edcias, eventos, informa\u00e7\u00f5es e dicas no bairro de Moema e regi\u00e3o.","potentialAction":[{"@type":"SearchAction","target":{"@type":"EntryPoint","urlTemplate":"https:\/\/www.encontramoema.com.br\/sobre\/?s={search_term_string}"},"query-input":{"@type":"PropertyValueSpecification","valueRequired":true,"valueName":"search_term_string"}}],"inLanguage":"pt-BR"},{"@type":"Person","@id":"https:\/\/www.encontramoema.com.br\/sobre\/#\/schema\/person\/3c3656d12b82130d77eba13c4ef23efa","name":"Encontra Moema","image":{"@type":"ImageObject","inLanguage":"pt-BR","@id":"https:\/\/www.encontramoema.com.br\/sobre\/#\/schema\/person\/image\/","url":"https:\/\/secure.gravatar.com\/avatar\/0fbed662e37531ae23e68f85f9517b2454e50c1dfebf80eb9b721449ac95e0b9?s=96&d=mm&r=g","contentUrl":"https:\/\/secure.gravatar.com\/avatar\/0fbed662e37531ae23e68f85f9517b2454e50c1dfebf80eb9b721449ac95e0b9?s=96&d=mm&r=g","caption":"Encontra Moema"},"url":"https:\/\/www.encontramoema.com.br\/sobre\/author\/emoema\/"}]}},"_links":{"self":[{"href":"https:\/\/www.encontramoema.com.br\/sobre\/wp-json\/wp\/v2\/posts\/2341","targetHints":{"allow":["GET"]}}],"collection":[{"href":"https:\/\/www.encontramoema.com.br\/sobre\/wp-json\/wp\/v2\/posts"}],"about":[{"href":"https:\/\/www.encontramoema.com.br\/sobre\/wp-json\/wp\/v2\/types\/post"}],"author":[{"embeddable":true,"href":"https:\/\/www.encontramoema.com.br\/sobre\/wp-json\/wp\/v2\/users\/1"}],"replies":[{"embeddable":true,"href":"https:\/\/www.encontramoema.com.br\/sobre\/wp-json\/wp\/v2\/comments?post=2341"}],"version-history":[{"count":0,"href":"https:\/\/www.encontramoema.com.br\/sobre\/wp-json\/wp\/v2\/posts\/2341\/revisions"}],"wp:attachment":[{"href":"https:\/\/www.encontramoema.com.br\/sobre\/wp-json\/wp\/v2\/media?parent=2341"}],"wp:term":[{"taxonomy":"category","embeddable":true,"href":"https:\/\/www.encontramoema.com.br\/sobre\/wp-json\/wp\/v2\/categories?post=2341"},{"taxonomy":"post_tag","embeddable":true,"href":"https:\/\/www.encontramoema.com.br\/sobre\/wp-json\/wp\/v2\/tags?post=2341"}],"curies":[{"name":"wp","href":"https:\/\/api.w.org\/{rel}","templated":true}]}}