{"id":2502,"date":"2011-12-05T18:09:40","date_gmt":"2011-12-05T20:09:40","guid":{"rendered":"http:\/\/www.encontramoema.com.br\/blog\/?p=2502"},"modified":"2019-04-12T19:04:32","modified_gmt":"2019-04-12T21:04:32","slug":"inauguracao-de-arvore-de-natal-no-parque-do-ibirapuera-reune-multidao","status":"publish","type":"post","link":"https:\/\/www.encontramoema.com.br\/sobre\/inauguracao-de-arvore-de-natal-no-parque-do-ibirapuera-reune-multidao\/","title":{"rendered":"Inaugura\u00e7\u00e3o de \u00e1rvore de Natal no Parque do Ibirapuera re\u00fane multid\u00e3o"},"content":{"rendered":"<div class=\"b7f545a958fd6350ffae2d30a84cafb8\" data-index=\"1\" style=\"float: none; margin:0px;\">\n<!-- Anuncio display - global -->\r\n<ins class=\"adsbygoogle\"\r\n     style=\"display:block\"\r\n     data-ad-client=\"ca-pub-8585364105181520\"\r\n     data-ad-slot=\"8789329856\"\r\n     data-ad-format=\"auto\"\r\n     data-full-width-responsive=\"true\"><\/ins>\r\n<script>\r\n     (adsbygoogle = window.adsbygoogle || []).push({});\r\n<\/script>\n<\/div>\n<p>A garoa paulistana n\u00e3o assustou o p\u00fablico e cerca de 15 mil pessoas compareceram na noite de ontem \u00e0 inaugura\u00e7\u00e3o da \u00e1rvore de Natal do <a href=\"http:\/\/www.encontramoema.com.br\/moema\/parque-do-ibirapuera.shtml\" target=\"_blank\">Parque do Ibirapuera<\/a>, de acordo com a GCM (Guarda Civil Metropolitana). A Pol\u00edcia Militar n\u00e3o fez a contagem.<\/p>\n<p>At\u00e9 o in\u00edcio das apresenta\u00e7\u00f5es, os organizadores esperavam 4.000 pessoas, mas, ap\u00f3s fim do cl\u00e1ssico entre Corinthians e Palmeiras, o p\u00fablico no Ibirapuera mais que duplicou, o que complicou o tr\u00e2nsito da regi\u00e3o.<\/p>\n<p>O acender das luzes ocorreu \u00e0s 20h30, ap\u00f3s um show natalino com m\u00fasicos e corais.<\/p>\n<p>Ap\u00f3s a inaugura\u00e7\u00e3o, que contou com a presen\u00e7a do prefeito Gilberto Kassab (PSD), a cantora de MPB Bruna Caram animou o p\u00fablico.<\/p>\n<p><em>(Foto: Cris Faga\/AE)<\/em><\/p>\n<p><em>Fonte: Agora S\u00e3o Paulo<\/em><\/p>\n\n<div style=\"font-size: 0px; height: 0px; line-height: 0px; margin: 0; padding: 0; clear: both;\"><\/div>","protected":false},"excerpt":{"rendered":"<p>A garoa paulistana n\u00e3o assustou o p\u00fablico e cerca de 15 mil pessoas compareceram na noite de ontem \u00e0 inaugura\u00e7\u00e3o da \u00e1rvore de Natal do Parque do Ibirapuera, de acordo com a GCM (Guarda Civil Metropolitana). A Pol\u00edcia Militar n\u00e3o fez a contagem. At\u00e9 o in\u00edcio das apresenta\u00e7\u00f5es, os organizadores esperavam 4.000 pessoas, mas, ap\u00f3s fim do cl\u00e1ssico entre Corinthians e Palmeiras, o p\u00fablico no Ibirapuera mais que duplicou, o que complicou o tr\u00e2nsito da regi\u00e3o. O acender das luzes ocorreu \u00e0s 20h30, ap\u00f3s um show natalino com m\u00fasicos e corais. Ap\u00f3s a inaugura\u00e7\u00e3o, que contou com a presen\u00e7a do <\/p>\n","protected":false},"author":1,"featured_media":0,"comment_status":"open","ping_status":"closed","sticky":false,"template":"","format":"standard","meta":{"footnotes":""},"categories":[1],"tags":[7],"class_list":["post-2502","post","type-post","status-publish","format-standard","hentry","category-noticias-em-moema","tag-moema"],"yoast_head":"<!-- This site is optimized with the Yoast SEO plugin v26.3 - https:\/\/yoast.com\/wordpress\/plugins\/seo\/ -->\n<title>Inaugura\u00e7\u00e3o de \u00e1rvore de Natal no Parque do Ibirapuera re\u00fane multid\u00e3o - Encontra Moema<\/title>\n<meta name=\"robots\" content=\"index, follow, max-snippet:-1, max-image-preview:large, max-video-preview:-1\" \/>\n<link rel=\"canonical\" href=\"https:\/\/www.encontramoema.com.br\/sobre\/inauguracao-de-arvore-de-natal-no-parque-do-ibirapuera-reune-multidao\/\" \/>\n<meta property=\"og:locale\" content=\"pt_BR\" \/>\n<meta property=\"og:type\" content=\"article\" \/>\n<meta property=\"og:title\" content=\"Inaugura\u00e7\u00e3o de \u00e1rvore de Natal no Parque do Ibirapuera re\u00fane multid\u00e3o - Encontra Moema\" \/>\n<meta property=\"og:description\" content=\"A garoa paulistana n\u00e3o assustou o p\u00fablico e cerca de 15 mil pessoas compareceram na noite de ontem \u00e0 inaugura\u00e7\u00e3o da \u00e1rvore de Natal do Parque do Ibirapuera, de acordo com a GCM (Guarda Civil Metropolitana). A Pol\u00edcia Militar n\u00e3o fez a contagem. At\u00e9 o in\u00edcio das apresenta\u00e7\u00f5es, os organizadores esperavam 4.000 pessoas, mas, ap\u00f3s fim do cl\u00e1ssico entre Corinthians e Palmeiras, o p\u00fablico no Ibirapuera mais que duplicou, o que complicou o tr\u00e2nsito da regi\u00e3o. O acender das luzes ocorreu \u00e0s 20h30, ap\u00f3s um show natalino com m\u00fasicos e corais. Ap\u00f3s a inaugura\u00e7\u00e3o, que contou com a presen\u00e7a do\" \/>\n<meta property=\"og:url\" content=\"https:\/\/www.encontramoema.com.br\/sobre\/inauguracao-de-arvore-de-natal-no-parque-do-ibirapuera-reune-multidao\/\" \/>\n<meta property=\"og:site_name\" content=\"Encontra Moema\" \/>\n<meta property=\"article:published_time\" content=\"2011-12-05T20:09:40+00:00\" \/>\n<meta property=\"article:modified_time\" content=\"2019-04-12T21:04:32+00:00\" \/>\n<meta name=\"author\" content=\"Encontra Moema\" \/>\n<meta name=\"twitter:card\" content=\"summary_large_image\" \/>\n<meta name=\"twitter:label1\" content=\"Escrito por\" \/>\n\t<meta name=\"twitter:data1\" content=\"Encontra Moema\" \/>\n\t<meta name=\"twitter:label2\" content=\"Est. tempo de leitura\" \/>\n\t<meta name=\"twitter:data2\" content=\"1 minuto\" \/>\n<script type=\"application\/ld+json\" class=\"yoast-schema-graph\">{\"@context\":\"https:\/\/schema.org\",\"@graph\":[{\"@type\":\"WebPage\",\"@id\":\"https:\/\/www.encontramoema.com.br\/sobre\/inauguracao-de-arvore-de-natal-no-parque-do-ibirapuera-reune-multidao\/\",\"url\":\"https:\/\/www.encontramoema.com.br\/sobre\/inauguracao-de-arvore-de-natal-no-parque-do-ibirapuera-reune-multidao\/\",\"name\":\"Inaugura\u00e7\u00e3o de \u00e1rvore de Natal no Parque do Ibirapuera re\u00fane multid\u00e3o - Encontra Moema\",\"isPartOf\":{\"@id\":\"https:\/\/www.encontramoema.com.br\/sobre\/#website\"},\"datePublished\":\"2011-12-05T20:09:40+00:00\",\"dateModified\":\"2019-04-12T21:04:32+00:00\",\"author\":{\"@id\":\"https:\/\/www.encontramoema.com.br\/sobre\/#\/schema\/person\/3c3656d12b82130d77eba13c4ef23efa\"},\"breadcrumb\":{\"@id\":\"https:\/\/www.encontramoema.com.br\/sobre\/inauguracao-de-arvore-de-natal-no-parque-do-ibirapuera-reune-multidao\/#breadcrumb\"},\"inLanguage\":\"pt-BR\",\"potentialAction\":[{\"@type\":\"ReadAction\",\"target\":[\"https:\/\/www.encontramoema.com.br\/sobre\/inauguracao-de-arvore-de-natal-no-parque-do-ibirapuera-reune-multidao\/\"]}]},{\"@type\":\"BreadcrumbList\",\"@id\":\"https:\/\/www.encontramoema.com.br\/sobre\/inauguracao-de-arvore-de-natal-no-parque-do-ibirapuera-reune-multidao\/#breadcrumb\",\"itemListElement\":[{\"@type\":\"ListItem\",\"position\":1,\"name\":\"In\u00edcio\",\"item\":\"https:\/\/www.encontramoema.com.br\/sobre\/\"},{\"@type\":\"ListItem\",\"position\":2,\"name\":\"Inaugura\u00e7\u00e3o de \u00e1rvore de Natal no Parque do Ibirapuera re\u00fane multid\u00e3o\"}]},{\"@type\":\"WebSite\",\"@id\":\"https:\/\/www.encontramoema.com.br\/sobre\/#website\",\"url\":\"https:\/\/www.encontramoema.com.br\/sobre\/\",\"name\":\"Encontra Moema\",\"description\":\"Not\u00edcias, eventos, informa\u00e7\u00f5es e dicas no bairro de Moema e regi\u00e3o.\",\"potentialAction\":[{\"@type\":\"SearchAction\",\"target\":{\"@type\":\"EntryPoint\",\"urlTemplate\":\"https:\/\/www.encontramoema.com.br\/sobre\/?s={search_term_string}\"},\"query-input\":{\"@type\":\"PropertyValueSpecification\",\"valueRequired\":true,\"valueName\":\"search_term_string\"}}],\"inLanguage\":\"pt-BR\"},{\"@type\":\"Person\",\"@id\":\"https:\/\/www.encontramoema.com.br\/sobre\/#\/schema\/person\/3c3656d12b82130d77eba13c4ef23efa\",\"name\":\"Encontra Moema\",\"image\":{\"@type\":\"ImageObject\",\"inLanguage\":\"pt-BR\",\"@id\":\"https:\/\/www.encontramoema.com.br\/sobre\/#\/schema\/person\/image\/\",\"url\":\"https:\/\/secure.gravatar.com\/avatar\/0fbed662e37531ae23e68f85f9517b2454e50c1dfebf80eb9b721449ac95e0b9?s=96&d=mm&r=g\",\"contentUrl\":\"https:\/\/secure.gravatar.com\/avatar\/0fbed662e37531ae23e68f85f9517b2454e50c1dfebf80eb9b721449ac95e0b9?s=96&d=mm&r=g\",\"caption\":\"Encontra Moema\"},\"url\":\"https:\/\/www.encontramoema.com.br\/sobre\/author\/emoema\/\"}]}<\/script>\n<!-- \/ Yoast SEO plugin. -->","yoast_head_json":{"title":"Inaugura\u00e7\u00e3o de \u00e1rvore de Natal no Parque do Ibirapuera re\u00fane multid\u00e3o - Encontra Moema","robots":{"index":"index","follow":"follow","max-snippet":"max-snippet:-1","max-image-preview":"max-image-preview:large","max-video-preview":"max-video-preview:-1"},"canonical":"https:\/\/www.encontramoema.com.br\/sobre\/inauguracao-de-arvore-de-natal-no-parque-do-ibirapuera-reune-multidao\/","og_locale":"pt_BR","og_type":"article","og_title":"Inaugura\u00e7\u00e3o de \u00e1rvore de Natal no Parque do Ibirapuera re\u00fane multid\u00e3o - Encontra Moema","og_description":"A garoa paulistana n\u00e3o assustou o p\u00fablico e cerca de 15 mil pessoas compareceram na noite de ontem \u00e0 inaugura\u00e7\u00e3o da \u00e1rvore de Natal do Parque do Ibirapuera, de acordo com a GCM (Guarda Civil Metropolitana). A Pol\u00edcia Militar n\u00e3o fez a contagem. At\u00e9 o in\u00edcio das apresenta\u00e7\u00f5es, os organizadores esperavam 4.000 pessoas, mas, ap\u00f3s fim do cl\u00e1ssico entre Corinthians e Palmeiras, o p\u00fablico no Ibirapuera mais que duplicou, o que complicou o tr\u00e2nsito da regi\u00e3o. O acender das luzes ocorreu \u00e0s 20h30, ap\u00f3s um show natalino com m\u00fasicos e corais. Ap\u00f3s a inaugura\u00e7\u00e3o, que contou com a presen\u00e7a do","og_url":"https:\/\/www.encontramoema.com.br\/sobre\/inauguracao-de-arvore-de-natal-no-parque-do-ibirapuera-reune-multidao\/","og_site_name":"Encontra Moema","article_published_time":"2011-12-05T20:09:40+00:00","article_modified_time":"2019-04-12T21:04:32+00:00","author":"Encontra Moema","twitter_card":"summary_large_image","twitter_misc":{"Escrito por":"Encontra Moema","Est. tempo de leitura":"1 minuto"},"schema":{"@context":"https:\/\/schema.org","@graph":[{"@type":"WebPage","@id":"https:\/\/www.encontramoema.com.br\/sobre\/inauguracao-de-arvore-de-natal-no-parque-do-ibirapuera-reune-multidao\/","url":"https:\/\/www.encontramoema.com.br\/sobre\/inauguracao-de-arvore-de-natal-no-parque-do-ibirapuera-reune-multidao\/","name":"Inaugura\u00e7\u00e3o de \u00e1rvore de Natal no Parque do Ibirapuera re\u00fane multid\u00e3o - Encontra Moema","isPartOf":{"@id":"https:\/\/www.encontramoema.com.br\/sobre\/#website"},"datePublished":"2011-12-05T20:09:40+00:00","dateModified":"2019-04-12T21:04:32+00:00","author":{"@id":"https:\/\/www.encontramoema.com.br\/sobre\/#\/schema\/person\/3c3656d12b82130d77eba13c4ef23efa"},"breadcrumb":{"@id":"https:\/\/www.encontramoema.com.br\/sobre\/inauguracao-de-arvore-de-natal-no-parque-do-ibirapuera-reune-multidao\/#breadcrumb"},"inLanguage":"pt-BR","potentialAction":[{"@type":"ReadAction","target":["https:\/\/www.encontramoema.com.br\/sobre\/inauguracao-de-arvore-de-natal-no-parque-do-ibirapuera-reune-multidao\/"]}]},{"@type":"BreadcrumbList","@id":"https:\/\/www.encontramoema.com.br\/sobre\/inauguracao-de-arvore-de-natal-no-parque-do-ibirapuera-reune-multidao\/#breadcrumb","itemListElement":[{"@type":"ListItem","position":1,"name":"In\u00edcio","item":"https:\/\/www.encontramoema.com.br\/sobre\/"},{"@type":"ListItem","position":2,"name":"Inaugura\u00e7\u00e3o de \u00e1rvore de Natal no Parque do Ibirapuera re\u00fane multid\u00e3o"}]},{"@type":"WebSite","@id":"https:\/\/www.encontramoema.com.br\/sobre\/#website","url":"https:\/\/www.encontramoema.com.br\/sobre\/","name":"Encontra Moema","description":"Not\u00edcias, eventos, informa\u00e7\u00f5es e dicas no bairro de Moema e regi\u00e3o.","potentialAction":[{"@type":"SearchAction","target":{"@type":"EntryPoint","urlTemplate":"https:\/\/www.encontramoema.com.br\/sobre\/?s={search_term_string}"},"query-input":{"@type":"PropertyValueSpecification","valueRequired":true,"valueName":"search_term_string"}}],"inLanguage":"pt-BR"},{"@type":"Person","@id":"https:\/\/www.encontramoema.com.br\/sobre\/#\/schema\/person\/3c3656d12b82130d77eba13c4ef23efa","name":"Encontra Moema","image":{"@type":"ImageObject","inLanguage":"pt-BR","@id":"https:\/\/www.encontramoema.com.br\/sobre\/#\/schema\/person\/image\/","url":"https:\/\/secure.gravatar.com\/avatar\/0fbed662e37531ae23e68f85f9517b2454e50c1dfebf80eb9b721449ac95e0b9?s=96&d=mm&r=g","contentUrl":"https:\/\/secure.gravatar.com\/avatar\/0fbed662e37531ae23e68f85f9517b2454e50c1dfebf80eb9b721449ac95e0b9?s=96&d=mm&r=g","caption":"Encontra Moema"},"url":"https:\/\/www.encontramoema.com.br\/sobre\/author\/emoema\/"}]}},"_links":{"self":[{"href":"https:\/\/www.encontramoema.com.br\/sobre\/wp-json\/wp\/v2\/posts\/2502","targetHints":{"allow":["GET"]}}],"collection":[{"href":"https:\/\/www.encontramoema.com.br\/sobre\/wp-json\/wp\/v2\/posts"}],"about":[{"href":"https:\/\/www.encontramoema.com.br\/sobre\/wp-json\/wp\/v2\/types\/post"}],"author":[{"embeddable":true,"href":"https:\/\/www.encontramoema.com.br\/sobre\/wp-json\/wp\/v2\/users\/1"}],"replies":[{"embeddable":true,"href":"https:\/\/www.encontramoema.com.br\/sobre\/wp-json\/wp\/v2\/comments?post=2502"}],"version-history":[{"count":0,"href":"https:\/\/www.encontramoema.com.br\/sobre\/wp-json\/wp\/v2\/posts\/2502\/revisions"}],"wp:attachment":[{"href":"https:\/\/www.encontramoema.com.br\/sobre\/wp-json\/wp\/v2\/media?parent=2502"}],"wp:term":[{"taxonomy":"category","embeddable":true,"href":"https:\/\/www.encontramoema.com.br\/sobre\/wp-json\/wp\/v2\/categories?post=2502"},{"taxonomy":"post_tag","embeddable":true,"href":"https:\/\/www.encontramoema.com.br\/sobre\/wp-json\/wp\/v2\/tags?post=2502"}],"curies":[{"name":"wp","href":"https:\/\/api.w.org\/{rel}","templated":true}]}}