{"id":320,"date":"2010-03-05T19:03:08","date_gmt":"2010-03-05T21:03:08","guid":{"rendered":"http:\/\/www.encontramoema.com.br\/blog\/?p=320"},"modified":"2019-04-12T19:06:27","modified_gmt":"2019-04-12T21:06:27","slug":"exposicao-na-oca-do-ibirapuera-homenageia-os-50-anos-de-carreira-de-roberto-carlos","status":"publish","type":"post","link":"https:\/\/www.encontramoema.com.br\/sobre\/exposicao-na-oca-do-ibirapuera-homenageia-os-50-anos-de-carreira-de-roberto-carlos\/","title":{"rendered":"Exposi\u00e7\u00e3o na Oca do Ibirapuera homenageia os 50 anos de carreira de Roberto Carlos"},"content":{"rendered":"<div class=\"b7f545a958fd6350ffae2d30a84cafb8\" data-index=\"1\" style=\"float: none; margin:0px;\">\n<!-- Anuncio display - global -->\r\n<ins class=\"adsbygoogle\"\r\n     style=\"display:block\"\r\n     data-ad-client=\"ca-pub-8585364105181520\"\r\n     data-ad-slot=\"8789329856\"\r\n     data-ad-format=\"auto\"\r\n     data-full-width-responsive=\"true\"><\/ins>\r\n<script>\r\n     (adsbygoogle = window.adsbygoogle || []).push({});\r\n<\/script>\n<\/div>\n<p>T\u00e3o bom quanto ver de perto objetos selecionados pessoalmente por Roberto Carlos \u00e9 poder cantar um dos cl\u00e1ssicos do Rei. A exposi\u00e7\u00e3o &#8220;Roberto Carlos &#8211; 50 anos de carreira&#8221;, que abre \u00e0s 19h desta sexta (5) na <a href=\"http:\/\/www.encontramoema.com.br\/moema\/oca-no-ibirapuera.shtml\" target=\"_blank\">Oca<\/a>, no <a href=\"http:\/\/www.encontramoema.com.br\/moema\/parque-do-ibirapuera.shtml\" target=\"_blank\">Parque do Ibirapuera<\/a>, n\u00e3o s\u00f3 re\u00fane um acervo in\u00e9dito como tamb\u00e9m oferece ao visitante a oportunidade de participar de um karaok\u00ea.<\/p>\n<p>O p\u00fablico ter\u00e1 quatro esta\u00e7\u00f5es para cantar a m\u00fasica &#8220;Eu quero apenas&#8221;, cuja letra diz\u00a0&#8220;Eu quero ter um milh\u00e3o de amigos&#8221;.\u00a0A performance ser\u00e1 gravad\u00e1 e depois disponibilizada na internet. A ideia dos curadores do evento \u00e9 chegar a um milh\u00e3o de contribui\u00e7\u00f5es.<\/p>\n<p>A mostra ser\u00e1 dividida por temas que fazem parte da carreira do Rei.\u00a0Um document\u00e1rio in\u00e9dito dirigido por Carlos Nader, por exemplo, registra o per\u00edodo da Jovem Guarda. Em 1965, Roberto Carlos foi convidado a apresentar um novo programa na TV Record, que\u00a0acabou dando\u00a0nome ao movimento. Nader tamb\u00e9m dirige um filme sobre\u00a0a rela\u00e7\u00e3o de RC com Erasmo Carlos, parceria que foi celebrada em 1977 com a m\u00fasica \u201cAmigo\u201d.<\/p>\n<p>Cachoeiro de Itapemirim, cidade natal do artista,\u00a0se faz presente no document\u00e1rio, tamb\u00e9m in\u00e9dito, de Raquel Couto. O filme re\u00fane\u00a0imagens da cidade, depoimentos de habitantes e do pr\u00f3prio cantor falando sobre a sua inf\u00e2ncia.<\/p>\n<p>Estar\u00e3o expostos ainda alguns dos carros da cole\u00e7\u00e3o de Roberto Carlos, como o Calhambeque, um Cadillac, um LTD e uma Mercedes-Benz 1978 prateada. A cabine de um caminh\u00e3o especialmente adaptado para a mostra exibir\u00e1 o clipe de \u201cCaminhoneiro\u201d, sucesso de 1984.<\/p>\n<p>A discografia completa do Rei tamb\u00e9m estar\u00e1 al alcance dos visitantes. No evento ser\u00e3o reunidos primeira vez todos os discos gravados em portugu\u00eas, espanhol, italiano, franc\u00eas e ingl\u00eas. A discografia digitalizada ter\u00e1\u00a0nove telas touchscreen\u00a0em que o visitante toca no disco que quer ouvir, abre uma janela com todas as m\u00fasicas e escolhe a faixa que poder\u00e1 ser escutada na \u00edntegra. S\u00e3o 90 discos, sendo 37 internacionais, com 984 m\u00fasicas no total. S\u00f3 n\u00e3o entram as colet\u00e2neas.<\/p>\n<p><strong>SERVI\u00c7O<\/strong><\/p>\n<p><strong>Roberto Carlos &#8211; 50 anos de carreira<\/strong><\/p>\n<p><strong>Quando:<\/strong> sexta (5), a partir das 19h, at\u00e9 9 de maio\u00a0(ter\u00e7a a domingo, das 10h \u00e0s 21h)<br \/>\n<strong>Onde:<\/strong> Oca, Pq. do Ibirapuera, Av. Pedro \u00c1lvares Cabral, s\/n, port\u00e3o 03, tel.\u00a0(11) 3079-1065<br \/>\n<strong>Quanto:<\/strong> R$\u00a05 (promocional, ter\u00e7as e quartas) e R$ 20 (quinta a domingo)<\/p>\n<p><em>Fonte: G1<\/em><\/p>\n\n<div style=\"font-size: 0px; height: 0px; line-height: 0px; margin: 0; padding: 0; clear: both;\"><\/div>","protected":false},"excerpt":{"rendered":"<p>T\u00e3o bom quanto ver de perto objetos selecionados pessoalmente por Roberto Carlos \u00e9 poder cantar um dos cl\u00e1ssicos do Rei. A exposi\u00e7\u00e3o &#8220;Roberto Carlos &#8211; 50 anos de carreira&#8221;, que abre \u00e0s 19h desta sexta (5) na Oca, no Parque do Ibirapuera, n\u00e3o s\u00f3 re\u00fane um acervo in\u00e9dito como tamb\u00e9m oferece ao visitante a oportunidade de participar de um karaok\u00ea. O p\u00fablico ter\u00e1 quatro esta\u00e7\u00f5es para cantar a m\u00fasica &#8220;Eu quero apenas&#8221;, cuja letra diz\u00a0&#8220;Eu quero ter um milh\u00e3o de amigos&#8221;.\u00a0A performance ser\u00e1 gravad\u00e1 e depois disponibilizada na internet. A ideia dos curadores do evento \u00e9 chegar a um milh\u00e3o <\/p>\n","protected":false},"author":1,"featured_media":0,"comment_status":"open","ping_status":"closed","sticky":false,"template":"","format":"standard","meta":{"footnotes":""},"categories":[1],"tags":[7],"class_list":["post-320","post","type-post","status-publish","format-standard","hentry","category-noticias-em-moema","tag-moema"],"yoast_head":"<!-- This site is optimized with the Yoast SEO plugin v26.3 - https:\/\/yoast.com\/wordpress\/plugins\/seo\/ -->\n<title>Exposi\u00e7\u00e3o na Oca do Ibirapuera homenageia os 50 anos de carreira de Roberto Carlos - Encontra Moema<\/title>\n<meta name=\"robots\" content=\"index, follow, max-snippet:-1, max-image-preview:large, max-video-preview:-1\" \/>\n<link rel=\"canonical\" href=\"https:\/\/www.encontramoema.com.br\/sobre\/exposicao-na-oca-do-ibirapuera-homenageia-os-50-anos-de-carreira-de-roberto-carlos\/\" \/>\n<meta property=\"og:locale\" content=\"pt_BR\" \/>\n<meta property=\"og:type\" content=\"article\" \/>\n<meta property=\"og:title\" content=\"Exposi\u00e7\u00e3o na Oca do Ibirapuera homenageia os 50 anos de carreira de Roberto Carlos - Encontra Moema\" \/>\n<meta property=\"og:description\" content=\"T\u00e3o bom quanto ver de perto objetos selecionados pessoalmente por Roberto Carlos \u00e9 poder cantar um dos cl\u00e1ssicos do Rei. A exposi\u00e7\u00e3o &#8220;Roberto Carlos &#8211; 50 anos de carreira&#8221;, que abre \u00e0s 19h desta sexta (5) na Oca, no Parque do Ibirapuera, n\u00e3o s\u00f3 re\u00fane um acervo in\u00e9dito como tamb\u00e9m oferece ao visitante a oportunidade de participar de um karaok\u00ea. O p\u00fablico ter\u00e1 quatro esta\u00e7\u00f5es para cantar a m\u00fasica &#8220;Eu quero apenas&#8221;, cuja letra diz\u00a0&#8220;Eu quero ter um milh\u00e3o de amigos&#8221;.\u00a0A performance ser\u00e1 gravad\u00e1 e depois disponibilizada na internet. A ideia dos curadores do evento \u00e9 chegar a um milh\u00e3o\" \/>\n<meta property=\"og:url\" content=\"https:\/\/www.encontramoema.com.br\/sobre\/exposicao-na-oca-do-ibirapuera-homenageia-os-50-anos-de-carreira-de-roberto-carlos\/\" \/>\n<meta property=\"og:site_name\" content=\"Encontra Moema\" \/>\n<meta property=\"article:published_time\" content=\"2010-03-05T21:03:08+00:00\" \/>\n<meta property=\"article:modified_time\" content=\"2019-04-12T21:06:27+00:00\" \/>\n<meta name=\"author\" content=\"Encontra Moema\" \/>\n<meta name=\"twitter:card\" content=\"summary_large_image\" \/>\n<meta name=\"twitter:label1\" content=\"Escrito por\" \/>\n\t<meta name=\"twitter:data1\" content=\"Encontra Moema\" \/>\n\t<meta name=\"twitter:label2\" content=\"Est. tempo de leitura\" \/>\n\t<meta name=\"twitter:data2\" content=\"2 minutos\" \/>\n<script type=\"application\/ld+json\" class=\"yoast-schema-graph\">{\"@context\":\"https:\/\/schema.org\",\"@graph\":[{\"@type\":\"WebPage\",\"@id\":\"https:\/\/www.encontramoema.com.br\/sobre\/exposicao-na-oca-do-ibirapuera-homenageia-os-50-anos-de-carreira-de-roberto-carlos\/\",\"url\":\"https:\/\/www.encontramoema.com.br\/sobre\/exposicao-na-oca-do-ibirapuera-homenageia-os-50-anos-de-carreira-de-roberto-carlos\/\",\"name\":\"Exposi\u00e7\u00e3o na Oca do Ibirapuera homenageia os 50 anos de carreira de Roberto Carlos - Encontra Moema\",\"isPartOf\":{\"@id\":\"https:\/\/www.encontramoema.com.br\/sobre\/#website\"},\"datePublished\":\"2010-03-05T21:03:08+00:00\",\"dateModified\":\"2019-04-12T21:06:27+00:00\",\"author\":{\"@id\":\"https:\/\/www.encontramoema.com.br\/sobre\/#\/schema\/person\/3c3656d12b82130d77eba13c4ef23efa\"},\"breadcrumb\":{\"@id\":\"https:\/\/www.encontramoema.com.br\/sobre\/exposicao-na-oca-do-ibirapuera-homenageia-os-50-anos-de-carreira-de-roberto-carlos\/#breadcrumb\"},\"inLanguage\":\"pt-BR\",\"potentialAction\":[{\"@type\":\"ReadAction\",\"target\":[\"https:\/\/www.encontramoema.com.br\/sobre\/exposicao-na-oca-do-ibirapuera-homenageia-os-50-anos-de-carreira-de-roberto-carlos\/\"]}]},{\"@type\":\"BreadcrumbList\",\"@id\":\"https:\/\/www.encontramoema.com.br\/sobre\/exposicao-na-oca-do-ibirapuera-homenageia-os-50-anos-de-carreira-de-roberto-carlos\/#breadcrumb\",\"itemListElement\":[{\"@type\":\"ListItem\",\"position\":1,\"name\":\"In\u00edcio\",\"item\":\"https:\/\/www.encontramoema.com.br\/sobre\/\"},{\"@type\":\"ListItem\",\"position\":2,\"name\":\"Exposi\u00e7\u00e3o na Oca do Ibirapuera homenageia os 50 anos de carreira de Roberto Carlos\"}]},{\"@type\":\"WebSite\",\"@id\":\"https:\/\/www.encontramoema.com.br\/sobre\/#website\",\"url\":\"https:\/\/www.encontramoema.com.br\/sobre\/\",\"name\":\"Encontra Moema\",\"description\":\"Not\u00edcias, eventos, informa\u00e7\u00f5es e dicas no bairro de Moema e regi\u00e3o.\",\"potentialAction\":[{\"@type\":\"SearchAction\",\"target\":{\"@type\":\"EntryPoint\",\"urlTemplate\":\"https:\/\/www.encontramoema.com.br\/sobre\/?s={search_term_string}\"},\"query-input\":{\"@type\":\"PropertyValueSpecification\",\"valueRequired\":true,\"valueName\":\"search_term_string\"}}],\"inLanguage\":\"pt-BR\"},{\"@type\":\"Person\",\"@id\":\"https:\/\/www.encontramoema.com.br\/sobre\/#\/schema\/person\/3c3656d12b82130d77eba13c4ef23efa\",\"name\":\"Encontra Moema\",\"image\":{\"@type\":\"ImageObject\",\"inLanguage\":\"pt-BR\",\"@id\":\"https:\/\/www.encontramoema.com.br\/sobre\/#\/schema\/person\/image\/\",\"url\":\"https:\/\/secure.gravatar.com\/avatar\/0fbed662e37531ae23e68f85f9517b2454e50c1dfebf80eb9b721449ac95e0b9?s=96&d=mm&r=g\",\"contentUrl\":\"https:\/\/secure.gravatar.com\/avatar\/0fbed662e37531ae23e68f85f9517b2454e50c1dfebf80eb9b721449ac95e0b9?s=96&d=mm&r=g\",\"caption\":\"Encontra Moema\"},\"url\":\"https:\/\/www.encontramoema.com.br\/sobre\/author\/emoema\/\"}]}<\/script>\n<!-- \/ Yoast SEO plugin. -->","yoast_head_json":{"title":"Exposi\u00e7\u00e3o na Oca do Ibirapuera homenageia os 50 anos de carreira de Roberto Carlos - Encontra Moema","robots":{"index":"index","follow":"follow","max-snippet":"max-snippet:-1","max-image-preview":"max-image-preview:large","max-video-preview":"max-video-preview:-1"},"canonical":"https:\/\/www.encontramoema.com.br\/sobre\/exposicao-na-oca-do-ibirapuera-homenageia-os-50-anos-de-carreira-de-roberto-carlos\/","og_locale":"pt_BR","og_type":"article","og_title":"Exposi\u00e7\u00e3o na Oca do Ibirapuera homenageia os 50 anos de carreira de Roberto Carlos - Encontra Moema","og_description":"T\u00e3o bom quanto ver de perto objetos selecionados pessoalmente por Roberto Carlos \u00e9 poder cantar um dos cl\u00e1ssicos do Rei. A exposi\u00e7\u00e3o &#8220;Roberto Carlos &#8211; 50 anos de carreira&#8221;, que abre \u00e0s 19h desta sexta (5) na Oca, no Parque do Ibirapuera, n\u00e3o s\u00f3 re\u00fane um acervo in\u00e9dito como tamb\u00e9m oferece ao visitante a oportunidade de participar de um karaok\u00ea. O p\u00fablico ter\u00e1 quatro esta\u00e7\u00f5es para cantar a m\u00fasica &#8220;Eu quero apenas&#8221;, cuja letra diz\u00a0&#8220;Eu quero ter um milh\u00e3o de amigos&#8221;.\u00a0A performance ser\u00e1 gravad\u00e1 e depois disponibilizada na internet. A ideia dos curadores do evento \u00e9 chegar a um milh\u00e3o","og_url":"https:\/\/www.encontramoema.com.br\/sobre\/exposicao-na-oca-do-ibirapuera-homenageia-os-50-anos-de-carreira-de-roberto-carlos\/","og_site_name":"Encontra Moema","article_published_time":"2010-03-05T21:03:08+00:00","article_modified_time":"2019-04-12T21:06:27+00:00","author":"Encontra Moema","twitter_card":"summary_large_image","twitter_misc":{"Escrito por":"Encontra Moema","Est. tempo de leitura":"2 minutos"},"schema":{"@context":"https:\/\/schema.org","@graph":[{"@type":"WebPage","@id":"https:\/\/www.encontramoema.com.br\/sobre\/exposicao-na-oca-do-ibirapuera-homenageia-os-50-anos-de-carreira-de-roberto-carlos\/","url":"https:\/\/www.encontramoema.com.br\/sobre\/exposicao-na-oca-do-ibirapuera-homenageia-os-50-anos-de-carreira-de-roberto-carlos\/","name":"Exposi\u00e7\u00e3o na Oca do Ibirapuera homenageia os 50 anos de carreira de Roberto Carlos - Encontra Moema","isPartOf":{"@id":"https:\/\/www.encontramoema.com.br\/sobre\/#website"},"datePublished":"2010-03-05T21:03:08+00:00","dateModified":"2019-04-12T21:06:27+00:00","author":{"@id":"https:\/\/www.encontramoema.com.br\/sobre\/#\/schema\/person\/3c3656d12b82130d77eba13c4ef23efa"},"breadcrumb":{"@id":"https:\/\/www.encontramoema.com.br\/sobre\/exposicao-na-oca-do-ibirapuera-homenageia-os-50-anos-de-carreira-de-roberto-carlos\/#breadcrumb"},"inLanguage":"pt-BR","potentialAction":[{"@type":"ReadAction","target":["https:\/\/www.encontramoema.com.br\/sobre\/exposicao-na-oca-do-ibirapuera-homenageia-os-50-anos-de-carreira-de-roberto-carlos\/"]}]},{"@type":"BreadcrumbList","@id":"https:\/\/www.encontramoema.com.br\/sobre\/exposicao-na-oca-do-ibirapuera-homenageia-os-50-anos-de-carreira-de-roberto-carlos\/#breadcrumb","itemListElement":[{"@type":"ListItem","position":1,"name":"In\u00edcio","item":"https:\/\/www.encontramoema.com.br\/sobre\/"},{"@type":"ListItem","position":2,"name":"Exposi\u00e7\u00e3o na Oca do Ibirapuera homenageia os 50 anos de carreira de Roberto Carlos"}]},{"@type":"WebSite","@id":"https:\/\/www.encontramoema.com.br\/sobre\/#website","url":"https:\/\/www.encontramoema.com.br\/sobre\/","name":"Encontra Moema","description":"Not\u00edcias, eventos, informa\u00e7\u00f5es e dicas no bairro de Moema e regi\u00e3o.","potentialAction":[{"@type":"SearchAction","target":{"@type":"EntryPoint","urlTemplate":"https:\/\/www.encontramoema.com.br\/sobre\/?s={search_term_string}"},"query-input":{"@type":"PropertyValueSpecification","valueRequired":true,"valueName":"search_term_string"}}],"inLanguage":"pt-BR"},{"@type":"Person","@id":"https:\/\/www.encontramoema.com.br\/sobre\/#\/schema\/person\/3c3656d12b82130d77eba13c4ef23efa","name":"Encontra Moema","image":{"@type":"ImageObject","inLanguage":"pt-BR","@id":"https:\/\/www.encontramoema.com.br\/sobre\/#\/schema\/person\/image\/","url":"https:\/\/secure.gravatar.com\/avatar\/0fbed662e37531ae23e68f85f9517b2454e50c1dfebf80eb9b721449ac95e0b9?s=96&d=mm&r=g","contentUrl":"https:\/\/secure.gravatar.com\/avatar\/0fbed662e37531ae23e68f85f9517b2454e50c1dfebf80eb9b721449ac95e0b9?s=96&d=mm&r=g","caption":"Encontra Moema"},"url":"https:\/\/www.encontramoema.com.br\/sobre\/author\/emoema\/"}]}},"_links":{"self":[{"href":"https:\/\/www.encontramoema.com.br\/sobre\/wp-json\/wp\/v2\/posts\/320","targetHints":{"allow":["GET"]}}],"collection":[{"href":"https:\/\/www.encontramoema.com.br\/sobre\/wp-json\/wp\/v2\/posts"}],"about":[{"href":"https:\/\/www.encontramoema.com.br\/sobre\/wp-json\/wp\/v2\/types\/post"}],"author":[{"embeddable":true,"href":"https:\/\/www.encontramoema.com.br\/sobre\/wp-json\/wp\/v2\/users\/1"}],"replies":[{"embeddable":true,"href":"https:\/\/www.encontramoema.com.br\/sobre\/wp-json\/wp\/v2\/comments?post=320"}],"version-history":[{"count":0,"href":"https:\/\/www.encontramoema.com.br\/sobre\/wp-json\/wp\/v2\/posts\/320\/revisions"}],"wp:attachment":[{"href":"https:\/\/www.encontramoema.com.br\/sobre\/wp-json\/wp\/v2\/media?parent=320"}],"wp:term":[{"taxonomy":"category","embeddable":true,"href":"https:\/\/www.encontramoema.com.br\/sobre\/wp-json\/wp\/v2\/categories?post=320"},{"taxonomy":"post_tag","embeddable":true,"href":"https:\/\/www.encontramoema.com.br\/sobre\/wp-json\/wp\/v2\/tags?post=320"}],"curies":[{"name":"wp","href":"https:\/\/api.w.org\/{rel}","templated":true}]}}