{"id":338,"date":"2010-03-17T19:07:35","date_gmt":"2010-03-17T21:07:35","guid":{"rendered":"http:\/\/www.encontramoema.com.br\/blog\/?p=338"},"modified":"2019-04-12T19:06:26","modified_gmt":"2019-04-12T21:06:26","slug":"roberto-carlos-faz-show-com-sertanejos-no-ibirapuera-nesta-quarta","status":"publish","type":"post","link":"https:\/\/www.encontramoema.com.br\/sobre\/roberto-carlos-faz-show-com-sertanejos-no-ibirapuera-nesta-quarta\/","title":{"rendered":"Roberto Carlos faz show com sertanejos no Ibirapuera nesta quarta"},"content":{"rendered":"<div class=\"b7f545a958fd6350ffae2d30a84cafb8\" data-index=\"1\" style=\"float: none; margin:0px;\">\n<!-- Anuncio display - global -->\r\n<ins class=\"adsbygoogle\"\r\n     style=\"display:block\"\r\n     data-ad-client=\"ca-pub-8585364105181520\"\r\n     data-ad-slot=\"8789329856\"\r\n     data-ad-format=\"auto\"\r\n     data-full-width-responsive=\"true\"><\/ins>\r\n<script>\r\n     (adsbygoogle = window.adsbygoogle || []).push({});\r\n<\/script>\n<\/div>\n<p>O\u00a0cantor Roberto Carlos se re\u00fane com um time de artistas sertanejos nesta quarta-feira (17), no Gin\u00e1sio do Ibirapuera, na regi\u00e3o de Moema, em S\u00e3o Paulo, para um show especial como parte das comemora\u00e7\u00f5es dos seus 50 anos de carreira.<\/p>\n<p>O espet\u00e1culo &#8220;Emo\u00e7\u00f5es sertanejas&#8221; conta com convidados como\u00a0Zez\u00e9 di Camargo &amp; Luciano,\u00a0Chit\u00e3ozinho &amp; Xoror\u00f3, Bruno &amp; Marrone,\u00a0Victor &amp; L\u00e9o, S\u00e9rgio Reis, Almir Sater, C\u00e9sar Menotti &amp; Fabiano, Daniel, Dominguinhos, Elba Ramalho, Gian &amp; Giovani, Leonardo, Martinha, Milion\u00e1rio &amp; Jos\u00e9 Rico, Nalva Aguiar, Paula Fernandes, Rio Negro &amp; Solim\u00f5es e Roberta Miranda.<\/p>\n<p>O espet\u00e1culo come\u00e7a com um medley de m\u00fasicas do Rei em vers\u00e3o sertaneja. Na sequ\u00eancia, cada convidado interpreta uma can\u00e7\u00e3o do repert\u00f3rio de Roberto Carlos, que entre no final do espet\u00e1culo para cantar duas faixas sozinho e se reunir com os convidados em &#8220;Eu quero\u00a0apenas (Um milh\u00e3o de amigos)&#8221;.<\/p>\n<p>Os ingressos custam entre R$ 60 e R$ 360 e est\u00e3o \u00e0 venda atrav\u00e9s do site da empresa Ingresso R\u00e1pido\u00a0ou do telefone\u00a0(11) 4003-1212. &#8220;Emo\u00e7\u00f5es Sertanejas&#8221; ser\u00e1 gravado pela Rede Globo para exibi\u00e7\u00e3o como especial, e posteriormente se transformar\u00e1 em CD e DVD.<\/p>\n<p>Confira o repert\u00f3rio do show, em ordem alfab\u00e9tica:<\/p>\n<p>Almir Sater &#8211; &#8220;No quintal do vizinho&#8221;<br \/>\nBruno &amp; Marrone &#8211; &#8220;Desabafo&#8221;<br \/>\nCesar Menotti &amp; Fabiano &#8211; &#8220;Proposta&#8221;<br \/>\nChit\u00e3ozinho &amp; Xoror\u00f3 &#8211; &#8220;Eu preciso de voc\u00ea&#8221;<br \/>\nChit\u00e3ozinho &amp; Xoror\u00f3 e Leonardo &#8211; &#8220;\u00c9 preciso saber viver&#8221;<br \/>\nDaniel &#8211; &#8220;Do fundo do meu cora\u00e7\u00e3o&#8221;<br \/>\nDaniel e Zez\u00e9 Di Camargo &amp; Luciano &#8211; &#8220;Quando&#8221;<br \/>\nElba Ramalho &#8211; &#8220;Esque\u00e7a&#8221;<br \/>\nGian &amp; Giovani &#8211; &#8220;Eu te amo,\u00a0te amo, te amo&#8221;<br \/>\nLeonardo &#8211; &#8220;Por amor&#8221;<br \/>\nMartinha &#8211; &#8220;Al\u00f4&#8221;<br \/>\nMilion\u00e1rio &amp; Jos\u00e9 Rico &#8211; &#8220;A dist\u00e2ncia&#8221;<br \/>\nNalva Aguiar &#8211; &#8220;As curvas da estrada de Santos&#8221;<br \/>\nPaula Fernandes e Dominguinhos &#8211; &#8220;Caminhoneiro&#8221;<br \/>\nRio Negro &amp; Solim\u00f5es &#8211; &#8220;Sentado \u00e0 beira do caminho&#8221;<br \/>\nRoberta Miranda &#8211; &#8220;Eu disse adeus&#8221;<br \/>\nS\u00e9rgio Reis &#8211; &#8220;Todas as manh\u00e3s&#8221;<br \/>\nVictor &amp; L\u00e9o &#8211; &#8220;Jesus Cristo&#8221;<br \/>\nZez\u00e9 Di Camargo &amp; Luciano &#8211; &#8220;O port\u00e3o&#8221;<\/p>\n<p><strong>Emo\u00e7\u00f5es Sertanejas &#8211; Roberto Carlos e amigos<\/strong><\/p>\n<p><strong>Quando<\/strong>: Quarta-feira (17), \u00e0s 21h<\/p>\n<p><strong>Onde<\/strong>: Gin\u00e1sio do Ibirapuera &#8211;\u00a0Rua Manoel da N\u00f3brega, 1361 &#8211; S\u00e3o Paulo<\/p>\n<p><strong>Quanto<\/strong>: entre R$ 60 e R$ 360<\/p>\n<p><strong>Informa\u00e7\u00f5es<\/strong>:\u00a0www.ingressorapido.com.br\u00a0\/ (11) 4003-1212<\/p>\n\n<div style=\"font-size: 0px; height: 0px; line-height: 0px; margin: 0; padding: 0; clear: both;\"><\/div>","protected":false},"excerpt":{"rendered":"<p>O\u00a0cantor Roberto Carlos se re\u00fane com um time de artistas sertanejos nesta quarta-feira (17), no Gin\u00e1sio do Ibirapuera, na regi\u00e3o de Moema, em S\u00e3o Paulo, para um show especial como parte das comemora\u00e7\u00f5es dos seus 50 anos de carreira. O espet\u00e1culo &#8220;Emo\u00e7\u00f5es sertanejas&#8221; conta com convidados como\u00a0Zez\u00e9 di Camargo &amp; Luciano,\u00a0Chit\u00e3ozinho &amp; Xoror\u00f3, Bruno &amp; Marrone,\u00a0Victor &amp; L\u00e9o, S\u00e9rgio Reis, Almir Sater, C\u00e9sar Menotti &amp; Fabiano, Daniel, Dominguinhos, Elba Ramalho, Gian &amp; Giovani, Leonardo, Martinha, Milion\u00e1rio &amp; Jos\u00e9 Rico, Nalva Aguiar, Paula Fernandes, Rio Negro &amp; Solim\u00f5es e Roberta Miranda. O espet\u00e1culo come\u00e7a com um medley de m\u00fasicas do Rei <\/p>\n","protected":false},"author":1,"featured_media":0,"comment_status":"open","ping_status":"closed","sticky":false,"template":"","format":"standard","meta":{"footnotes":""},"categories":[1],"tags":[7],"class_list":["post-338","post","type-post","status-publish","format-standard","hentry","category-noticias-em-moema","tag-moema"],"yoast_head":"<!-- This site is optimized with the Yoast SEO plugin v26.3 - https:\/\/yoast.com\/wordpress\/plugins\/seo\/ -->\n<title>Roberto Carlos faz show com sertanejos no Ibirapuera nesta quarta - Encontra Moema<\/title>\n<meta name=\"robots\" content=\"index, follow, max-snippet:-1, max-image-preview:large, max-video-preview:-1\" \/>\n<link rel=\"canonical\" href=\"https:\/\/www.encontramoema.com.br\/sobre\/roberto-carlos-faz-show-com-sertanejos-no-ibirapuera-nesta-quarta\/\" \/>\n<meta property=\"og:locale\" content=\"pt_BR\" \/>\n<meta property=\"og:type\" content=\"article\" \/>\n<meta property=\"og:title\" content=\"Roberto Carlos faz show com sertanejos no Ibirapuera nesta quarta - Encontra Moema\" \/>\n<meta property=\"og:description\" content=\"O\u00a0cantor Roberto Carlos se re\u00fane com um time de artistas sertanejos nesta quarta-feira (17), no Gin\u00e1sio do Ibirapuera, na regi\u00e3o de Moema, em S\u00e3o Paulo, para um show especial como parte das comemora\u00e7\u00f5es dos seus 50 anos de carreira. O espet\u00e1culo &#8220;Emo\u00e7\u00f5es sertanejas&#8221; conta com convidados como\u00a0Zez\u00e9 di Camargo &amp; Luciano,\u00a0Chit\u00e3ozinho &amp; Xoror\u00f3, Bruno &amp; Marrone,\u00a0Victor &amp; L\u00e9o, S\u00e9rgio Reis, Almir Sater, C\u00e9sar Menotti &amp; Fabiano, Daniel, Dominguinhos, Elba Ramalho, Gian &amp; Giovani, Leonardo, Martinha, Milion\u00e1rio &amp; Jos\u00e9 Rico, Nalva Aguiar, Paula Fernandes, Rio Negro &amp; Solim\u00f5es e Roberta Miranda. O espet\u00e1culo come\u00e7a com um medley de m\u00fasicas do Rei\" \/>\n<meta property=\"og:url\" content=\"https:\/\/www.encontramoema.com.br\/sobre\/roberto-carlos-faz-show-com-sertanejos-no-ibirapuera-nesta-quarta\/\" \/>\n<meta property=\"og:site_name\" content=\"Encontra Moema\" \/>\n<meta property=\"article:published_time\" content=\"2010-03-17T21:07:35+00:00\" \/>\n<meta property=\"article:modified_time\" content=\"2019-04-12T21:06:26+00:00\" \/>\n<meta name=\"author\" content=\"Encontra Moema\" \/>\n<meta name=\"twitter:card\" content=\"summary_large_image\" \/>\n<meta name=\"twitter:label1\" content=\"Escrito por\" \/>\n\t<meta name=\"twitter:data1\" content=\"Encontra Moema\" \/>\n\t<meta name=\"twitter:label2\" content=\"Est. tempo de leitura\" \/>\n\t<meta name=\"twitter:data2\" content=\"2 minutos\" \/>\n<script type=\"application\/ld+json\" class=\"yoast-schema-graph\">{\"@context\":\"https:\/\/schema.org\",\"@graph\":[{\"@type\":\"WebPage\",\"@id\":\"https:\/\/www.encontramoema.com.br\/sobre\/roberto-carlos-faz-show-com-sertanejos-no-ibirapuera-nesta-quarta\/\",\"url\":\"https:\/\/www.encontramoema.com.br\/sobre\/roberto-carlos-faz-show-com-sertanejos-no-ibirapuera-nesta-quarta\/\",\"name\":\"Roberto Carlos faz show com sertanejos no Ibirapuera nesta quarta - Encontra Moema\",\"isPartOf\":{\"@id\":\"https:\/\/www.encontramoema.com.br\/sobre\/#website\"},\"datePublished\":\"2010-03-17T21:07:35+00:00\",\"dateModified\":\"2019-04-12T21:06:26+00:00\",\"author\":{\"@id\":\"https:\/\/www.encontramoema.com.br\/sobre\/#\/schema\/person\/3c3656d12b82130d77eba13c4ef23efa\"},\"breadcrumb\":{\"@id\":\"https:\/\/www.encontramoema.com.br\/sobre\/roberto-carlos-faz-show-com-sertanejos-no-ibirapuera-nesta-quarta\/#breadcrumb\"},\"inLanguage\":\"pt-BR\",\"potentialAction\":[{\"@type\":\"ReadAction\",\"target\":[\"https:\/\/www.encontramoema.com.br\/sobre\/roberto-carlos-faz-show-com-sertanejos-no-ibirapuera-nesta-quarta\/\"]}]},{\"@type\":\"BreadcrumbList\",\"@id\":\"https:\/\/www.encontramoema.com.br\/sobre\/roberto-carlos-faz-show-com-sertanejos-no-ibirapuera-nesta-quarta\/#breadcrumb\",\"itemListElement\":[{\"@type\":\"ListItem\",\"position\":1,\"name\":\"In\u00edcio\",\"item\":\"https:\/\/www.encontramoema.com.br\/sobre\/\"},{\"@type\":\"ListItem\",\"position\":2,\"name\":\"Roberto Carlos faz show com sertanejos no Ibirapuera nesta quarta\"}]},{\"@type\":\"WebSite\",\"@id\":\"https:\/\/www.encontramoema.com.br\/sobre\/#website\",\"url\":\"https:\/\/www.encontramoema.com.br\/sobre\/\",\"name\":\"Encontra Moema\",\"description\":\"Not\u00edcias, eventos, informa\u00e7\u00f5es e dicas no bairro de Moema e regi\u00e3o.\",\"potentialAction\":[{\"@type\":\"SearchAction\",\"target\":{\"@type\":\"EntryPoint\",\"urlTemplate\":\"https:\/\/www.encontramoema.com.br\/sobre\/?s={search_term_string}\"},\"query-input\":{\"@type\":\"PropertyValueSpecification\",\"valueRequired\":true,\"valueName\":\"search_term_string\"}}],\"inLanguage\":\"pt-BR\"},{\"@type\":\"Person\",\"@id\":\"https:\/\/www.encontramoema.com.br\/sobre\/#\/schema\/person\/3c3656d12b82130d77eba13c4ef23efa\",\"name\":\"Encontra Moema\",\"image\":{\"@type\":\"ImageObject\",\"inLanguage\":\"pt-BR\",\"@id\":\"https:\/\/www.encontramoema.com.br\/sobre\/#\/schema\/person\/image\/\",\"url\":\"https:\/\/secure.gravatar.com\/avatar\/0fbed662e37531ae23e68f85f9517b2454e50c1dfebf80eb9b721449ac95e0b9?s=96&d=mm&r=g\",\"contentUrl\":\"https:\/\/secure.gravatar.com\/avatar\/0fbed662e37531ae23e68f85f9517b2454e50c1dfebf80eb9b721449ac95e0b9?s=96&d=mm&r=g\",\"caption\":\"Encontra Moema\"},\"url\":\"https:\/\/www.encontramoema.com.br\/sobre\/author\/emoema\/\"}]}<\/script>\n<!-- \/ Yoast SEO plugin. -->","yoast_head_json":{"title":"Roberto Carlos faz show com sertanejos no Ibirapuera nesta quarta - Encontra Moema","robots":{"index":"index","follow":"follow","max-snippet":"max-snippet:-1","max-image-preview":"max-image-preview:large","max-video-preview":"max-video-preview:-1"},"canonical":"https:\/\/www.encontramoema.com.br\/sobre\/roberto-carlos-faz-show-com-sertanejos-no-ibirapuera-nesta-quarta\/","og_locale":"pt_BR","og_type":"article","og_title":"Roberto Carlos faz show com sertanejos no Ibirapuera nesta quarta - Encontra Moema","og_description":"O\u00a0cantor Roberto Carlos se re\u00fane com um time de artistas sertanejos nesta quarta-feira (17), no Gin\u00e1sio do Ibirapuera, na regi\u00e3o de Moema, em S\u00e3o Paulo, para um show especial como parte das comemora\u00e7\u00f5es dos seus 50 anos de carreira. O espet\u00e1culo &#8220;Emo\u00e7\u00f5es sertanejas&#8221; conta com convidados como\u00a0Zez\u00e9 di Camargo &amp; Luciano,\u00a0Chit\u00e3ozinho &amp; Xoror\u00f3, Bruno &amp; Marrone,\u00a0Victor &amp; L\u00e9o, S\u00e9rgio Reis, Almir Sater, C\u00e9sar Menotti &amp; Fabiano, Daniel, Dominguinhos, Elba Ramalho, Gian &amp; Giovani, Leonardo, Martinha, Milion\u00e1rio &amp; Jos\u00e9 Rico, Nalva Aguiar, Paula Fernandes, Rio Negro &amp; Solim\u00f5es e Roberta Miranda. O espet\u00e1culo come\u00e7a com um medley de m\u00fasicas do Rei","og_url":"https:\/\/www.encontramoema.com.br\/sobre\/roberto-carlos-faz-show-com-sertanejos-no-ibirapuera-nesta-quarta\/","og_site_name":"Encontra Moema","article_published_time":"2010-03-17T21:07:35+00:00","article_modified_time":"2019-04-12T21:06:26+00:00","author":"Encontra Moema","twitter_card":"summary_large_image","twitter_misc":{"Escrito por":"Encontra Moema","Est. tempo de leitura":"2 minutos"},"schema":{"@context":"https:\/\/schema.org","@graph":[{"@type":"WebPage","@id":"https:\/\/www.encontramoema.com.br\/sobre\/roberto-carlos-faz-show-com-sertanejos-no-ibirapuera-nesta-quarta\/","url":"https:\/\/www.encontramoema.com.br\/sobre\/roberto-carlos-faz-show-com-sertanejos-no-ibirapuera-nesta-quarta\/","name":"Roberto Carlos faz show com sertanejos no Ibirapuera nesta quarta - Encontra Moema","isPartOf":{"@id":"https:\/\/www.encontramoema.com.br\/sobre\/#website"},"datePublished":"2010-03-17T21:07:35+00:00","dateModified":"2019-04-12T21:06:26+00:00","author":{"@id":"https:\/\/www.encontramoema.com.br\/sobre\/#\/schema\/person\/3c3656d12b82130d77eba13c4ef23efa"},"breadcrumb":{"@id":"https:\/\/www.encontramoema.com.br\/sobre\/roberto-carlos-faz-show-com-sertanejos-no-ibirapuera-nesta-quarta\/#breadcrumb"},"inLanguage":"pt-BR","potentialAction":[{"@type":"ReadAction","target":["https:\/\/www.encontramoema.com.br\/sobre\/roberto-carlos-faz-show-com-sertanejos-no-ibirapuera-nesta-quarta\/"]}]},{"@type":"BreadcrumbList","@id":"https:\/\/www.encontramoema.com.br\/sobre\/roberto-carlos-faz-show-com-sertanejos-no-ibirapuera-nesta-quarta\/#breadcrumb","itemListElement":[{"@type":"ListItem","position":1,"name":"In\u00edcio","item":"https:\/\/www.encontramoema.com.br\/sobre\/"},{"@type":"ListItem","position":2,"name":"Roberto Carlos faz show com sertanejos no Ibirapuera nesta quarta"}]},{"@type":"WebSite","@id":"https:\/\/www.encontramoema.com.br\/sobre\/#website","url":"https:\/\/www.encontramoema.com.br\/sobre\/","name":"Encontra Moema","description":"Not\u00edcias, eventos, informa\u00e7\u00f5es e dicas no bairro de Moema e regi\u00e3o.","potentialAction":[{"@type":"SearchAction","target":{"@type":"EntryPoint","urlTemplate":"https:\/\/www.encontramoema.com.br\/sobre\/?s={search_term_string}"},"query-input":{"@type":"PropertyValueSpecification","valueRequired":true,"valueName":"search_term_string"}}],"inLanguage":"pt-BR"},{"@type":"Person","@id":"https:\/\/www.encontramoema.com.br\/sobre\/#\/schema\/person\/3c3656d12b82130d77eba13c4ef23efa","name":"Encontra Moema","image":{"@type":"ImageObject","inLanguage":"pt-BR","@id":"https:\/\/www.encontramoema.com.br\/sobre\/#\/schema\/person\/image\/","url":"https:\/\/secure.gravatar.com\/avatar\/0fbed662e37531ae23e68f85f9517b2454e50c1dfebf80eb9b721449ac95e0b9?s=96&d=mm&r=g","contentUrl":"https:\/\/secure.gravatar.com\/avatar\/0fbed662e37531ae23e68f85f9517b2454e50c1dfebf80eb9b721449ac95e0b9?s=96&d=mm&r=g","caption":"Encontra Moema"},"url":"https:\/\/www.encontramoema.com.br\/sobre\/author\/emoema\/"}]}},"_links":{"self":[{"href":"https:\/\/www.encontramoema.com.br\/sobre\/wp-json\/wp\/v2\/posts\/338","targetHints":{"allow":["GET"]}}],"collection":[{"href":"https:\/\/www.encontramoema.com.br\/sobre\/wp-json\/wp\/v2\/posts"}],"about":[{"href":"https:\/\/www.encontramoema.com.br\/sobre\/wp-json\/wp\/v2\/types\/post"}],"author":[{"embeddable":true,"href":"https:\/\/www.encontramoema.com.br\/sobre\/wp-json\/wp\/v2\/users\/1"}],"replies":[{"embeddable":true,"href":"https:\/\/www.encontramoema.com.br\/sobre\/wp-json\/wp\/v2\/comments?post=338"}],"version-history":[{"count":0,"href":"https:\/\/www.encontramoema.com.br\/sobre\/wp-json\/wp\/v2\/posts\/338\/revisions"}],"wp:attachment":[{"href":"https:\/\/www.encontramoema.com.br\/sobre\/wp-json\/wp\/v2\/media?parent=338"}],"wp:term":[{"taxonomy":"category","embeddable":true,"href":"https:\/\/www.encontramoema.com.br\/sobre\/wp-json\/wp\/v2\/categories?post=338"},{"taxonomy":"post_tag","embeddable":true,"href":"https:\/\/www.encontramoema.com.br\/sobre\/wp-json\/wp\/v2\/tags?post=338"}],"curies":[{"name":"wp","href":"https:\/\/api.w.org\/{rel}","templated":true}]}}