{"id":340,"date":"2010-03-19T18:11:32","date_gmt":"2010-03-19T20:11:32","guid":{"rendered":"http:\/\/www.encontramoema.com.br\/blog\/?p=340"},"modified":"2019-04-12T19:06:26","modified_gmt":"2019-04-12T21:06:26","slug":"show-de-roberto-carlos-no-ginasio-do-ibirapuera-reune-diferentes-geracoes-da-musica-sertaneja","status":"publish","type":"post","link":"https:\/\/www.encontramoema.com.br\/sobre\/show-de-roberto-carlos-no-ginasio-do-ibirapuera-reune-diferentes-geracoes-da-musica-sertaneja\/","title":{"rendered":"Show de Roberto Carlos no Gin\u00e1sio do Ibirapuera re\u00fane diferentes gera\u00e7\u00f5es da m\u00fasica sertaneja"},"content":{"rendered":"<div class=\"b7f545a958fd6350ffae2d30a84cafb8\" data-index=\"1\" style=\"float: none; margin:0px;\">\n<!-- Anuncio display - global -->\r\n<ins class=\"adsbygoogle\"\r\n     style=\"display:block\"\r\n     data-ad-client=\"ca-pub-8585364105181520\"\r\n     data-ad-slot=\"8789329856\"\r\n     data-ad-format=\"auto\"\r\n     data-full-width-responsive=\"true\"><\/ins>\r\n<script>\r\n     (adsbygoogle = window.adsbygoogle || []).push({});\r\n<\/script>\n<\/div>\n<p>O Rei\u00a0n\u00e3o estava l\u00e1 desde o in\u00edcio, mas quando Roberto Carlos\u00a0pisou pela primeira vez no palco do show &#8220;Emo\u00e7\u00f5es sertanejas&#8221;,\u00a0por volta das\u00a024h desta quarta-feira (17),\u00a0a noite j\u00e1 era toda sua.\u00a0A apresenta\u00e7\u00e3o, que havia come\u00e7ado\u00a0\u00e0s 21h40, com atraso e\u00a0Milion\u00e1rio &amp; Jos\u00e9 Rico interpretando \u201cA dist\u00e2ncia\u201d,\u00a0trouxe dezenas de duplas e artistas sertanejos\u00a0se revezando no palco em uma homenagem caipira aos 50 anos de carreira do cantor.<\/p>\n<p>Com uma estrutura de ilumina\u00e7\u00e3o em forma de roda de madeira e um tel\u00e3o tecnol\u00f3gico de fundo mostrando temas como chap\u00e9us e estradas, o palco o Gin\u00e1sio Ibirapuera, na regi\u00e3o de Moema,\u00a0recebeu nomes como Leonardo, Almir Sater, Gian &amp; Giovani, Zez\u00e9 di Camargo &amp; Luciano, C\u00e9sar Menotti &amp; Fabiano e Roberta Miranda. No repert\u00f3rio, cl\u00e1ssicos rom\u00e2nticos de Roberto Carlos com arranjos sertanejos\u00a0de violas, sopros, cordas e guitarras.<\/p>\n<p>Cerca de\u00a09 mil\u00a0f\u00e3s\u00a0assistiram ao show, que\u00a0foi gravado e ser\u00e1 transformado em CD e DVD, al\u00e9m de\u00a0transmitido como especial da TV Globo.<\/p>\n<p>Como \u00e9 praxe em\u00a0grava\u00e7\u00f5es ao vivo, algumas faixas tiveram que se repetidas. Os n\u00fameros de Nalva Aguiar, al\u00e9m das parcerias entre Daniel e Zez\u00e9 Di Camargo &amp; Luciano e Paula Fernandes e Dominguinhos, foram ouvidas duas vezes pela plateia. Almir Sater, que tamb\u00e9m teve que cantar duas vezes \u201cNo quintal do vizinho\u201d, brincou: \u201c\u00c9 que ficou t\u00e3o bom que a gente vai ter que repetir\u201d.<\/p>\n<p>Victor &amp; L\u00e9o, principal dupla da nova gera\u00e7\u00e3o de cantores sertanejos, viveu\u00a0a situa\u00e7\u00e3o contr\u00e1ria. Aplaudidos em p\u00e9 por toda a plateia que gritava \u201cmais um, mais um\u201d ap\u00f3s a sua vers\u00e3o de \u201cJesus Cristo\u201d, os neosertanejos foram impedidos\u00a0de tocar\u00a0a segunda\u00a0pelo maestro Eduardo Lages, que j\u00e1 estava provavelmente satisfeito com a performance e preocupado com o atraso da noite, que se encerrou \u00e0 0h20.<\/p>\n<p><strong>Tinoco<br \/>\n<\/strong><br \/>\nRoberto Carlos, a estrela da noite, s\u00f3\u00a0entrou ap\u00f3s a vers\u00e3o de Chit\u00e3ozinho &amp; Xoror\u00f3 e Leonardo para \u201c\u00c9 preciso saber viver\u201d. Sorridente, o Rei cantou \u201cComo \u00e9 grande o meu amor por voc\u00ea\u201d e , antes da segunda m\u00fasica, parou a apresenta\u00e7\u00e3o para homenagear \u201co maior nome da m\u00fasica sertaneja\u201d, Tinoco.<\/p>\n<p>Visivelmente emocionado, o cantor caipira, que fazia dupla com o irm\u00e3o Tonico (morto em 1994), subiu ao palco para receber uma placa em homenagem aos seus 75 anos de carreira das m\u00e3os de Roberto Carlos e de Chit\u00e3ozinho &amp; Xoror\u00f3. Sob uma chuva de aplausos, o\u00a0m\u00fasico de Botucatu aproveitou para brincar com o Rei. \u201cEu dei de mamar para ele. Mas foi de mamadeira\u201d, disse,\u00a0acrescentando que \u201cRoberto Carlos tem o cora\u00e7\u00e3o do tamanho do Brasil\u201d.<\/p>\n<p>Para encerrar o show, o Rei cantou ainda \u201cCavalgada\u201d (\u201cacho que tem um pouco a ver com m\u00fasica sertaneja, n\u00e9?\u201d, brincou) e se juntou a todos os convidados para interpretar \u201cEu quero apenas (um milh\u00e3o de amigos)\u201d, usando chap\u00e9u de caub\u00f3i.<\/p>\n<p><strong>Confira abaixo o repert\u00f3rio completo da noite<\/strong><\/p>\n<p>Milion\u00e1rio &amp; Jos\u00e9 Rico &#8211; &#8220;A dist\u00e2ncia&#8221;<br \/>\nCesar Menotti &amp; Fabiano &#8211; &#8220;Proposta&#8221;<br \/>\nNalva Aguiar &#8211; &#8220;As curvas da estrada de Santos&#8221;<br \/>\nGian &amp; Giovani &#8211; &#8220;Eu te amo, te amo, te amo&#8221;<br \/>\nMartinha &#8211; &#8220;Al\u00f4&#8221;<br \/>\nBruno &amp; Marrone &#8211; &#8220;Desabafo&#8221;<br \/>\nPaula Fernandes e Dominguinhos &#8211; &#8220;Caminhoneiro&#8221;<br \/>\nS\u00e9rgio Reis &#8211; &#8220;Todas as manh\u00e3s&#8221;<br \/>\nAlmir Sater &#8211; &#8220;No quintal do vizinho&#8221;<br \/>\nElba Ramalho &#8211; &#8220;Esque\u00e7a&#8221;<br \/>\nVictor &amp; L\u00e9o &#8211; &#8220;Jesus Cristo&#8221;<br \/>\nRoberta Miranda &#8211; &#8220;Eu disse adeus&#8221;<br \/>\nZez\u00e9 Di Camargo &amp; Luciano &#8211; &#8220;O port\u00e3o&#8221;<br \/>\nDaniel e Zez\u00e9 Di Camargo &amp; Luciano &#8211; &#8220;Quando&#8221;<br \/>\nDaniel &#8211; &#8220;Do fundo do meu cora\u00e7\u00e3o&#8221;<br \/>\nRio Negro &amp; Solim\u00f5es &#8211; &#8220;Sentado \u00e0 beira do caminho&#8221;<br \/>\nLeonardo &#8211; &#8220;Por amor&#8221;<br \/>\nChit\u00e3ozinho &amp; Xoror\u00f3 &#8211; &#8220;Eu preciso de voc\u00ea&#8221;<br \/>\nChit\u00e3ozinho &amp; Xoror\u00f3 e Leonardo &#8211; &#8220;\u00c9 preciso saber viver&#8221;<br \/>\nRoberto Carlos \u2013 \u201cComo \u00e9 grande o meu amor por voc\u00ea\u201d<br \/>\nRoberto Caros \u2013 \u201cCavalgada\u201d<br \/>\nRoberto Carlos e convidados \u2013 \u201cEu quero apenas (um milh\u00e3o de amigos)\u201d<\/p>\n<p><em>Fonte: G1<\/em><\/p>\n\n<div style=\"font-size: 0px; height: 0px; line-height: 0px; margin: 0; padding: 0; clear: both;\"><\/div>","protected":false},"excerpt":{"rendered":"<p>O Rei\u00a0n\u00e3o estava l\u00e1 desde o in\u00edcio, mas quando Roberto Carlos\u00a0pisou pela primeira vez no palco do show &#8220;Emo\u00e7\u00f5es sertanejas&#8221;,\u00a0por volta das\u00a024h desta quarta-feira (17),\u00a0a noite j\u00e1 era toda sua.\u00a0A apresenta\u00e7\u00e3o, que havia come\u00e7ado\u00a0\u00e0s 21h40, com atraso e\u00a0Milion\u00e1rio &amp; Jos\u00e9 Rico interpretando \u201cA dist\u00e2ncia\u201d,\u00a0trouxe dezenas de duplas e artistas sertanejos\u00a0se revezando no palco em uma homenagem caipira aos 50 anos de carreira do cantor. Com uma estrutura de ilumina\u00e7\u00e3o em forma de roda de madeira e um tel\u00e3o tecnol\u00f3gico de fundo mostrando temas como chap\u00e9us e estradas, o palco o Gin\u00e1sio Ibirapuera, na regi\u00e3o de Moema,\u00a0recebeu nomes como Leonardo, Almir <\/p>\n","protected":false},"author":1,"featured_media":0,"comment_status":"open","ping_status":"closed","sticky":false,"template":"","format":"standard","meta":{"footnotes":""},"categories":[1],"tags":[7],"class_list":["post-340","post","type-post","status-publish","format-standard","hentry","category-noticias-em-moema","tag-moema"],"yoast_head":"<!-- This site is optimized with the Yoast SEO plugin v26.3 - https:\/\/yoast.com\/wordpress\/plugins\/seo\/ -->\n<title>Show de Roberto Carlos no Gin\u00e1sio do Ibirapuera re\u00fane diferentes gera\u00e7\u00f5es da m\u00fasica sertaneja - Encontra Moema<\/title>\n<meta name=\"robots\" content=\"index, follow, max-snippet:-1, max-image-preview:large, max-video-preview:-1\" \/>\n<link rel=\"canonical\" href=\"https:\/\/www.encontramoema.com.br\/sobre\/show-de-roberto-carlos-no-ginasio-do-ibirapuera-reune-diferentes-geracoes-da-musica-sertaneja\/\" \/>\n<meta property=\"og:locale\" content=\"pt_BR\" \/>\n<meta property=\"og:type\" content=\"article\" \/>\n<meta property=\"og:title\" content=\"Show de Roberto Carlos no Gin\u00e1sio do Ibirapuera re\u00fane diferentes gera\u00e7\u00f5es da m\u00fasica sertaneja - Encontra Moema\" \/>\n<meta property=\"og:description\" content=\"O Rei\u00a0n\u00e3o estava l\u00e1 desde o in\u00edcio, mas quando Roberto Carlos\u00a0pisou pela primeira vez no palco do show &#8220;Emo\u00e7\u00f5es sertanejas&#8221;,\u00a0por volta das\u00a024h desta quarta-feira (17),\u00a0a noite j\u00e1 era toda sua.\u00a0A apresenta\u00e7\u00e3o, que havia come\u00e7ado\u00a0\u00e0s 21h40, com atraso e\u00a0Milion\u00e1rio &amp; Jos\u00e9 Rico interpretando \u201cA dist\u00e2ncia\u201d,\u00a0trouxe dezenas de duplas e artistas sertanejos\u00a0se revezando no palco em uma homenagem caipira aos 50 anos de carreira do cantor. Com uma estrutura de ilumina\u00e7\u00e3o em forma de roda de madeira e um tel\u00e3o tecnol\u00f3gico de fundo mostrando temas como chap\u00e9us e estradas, o palco o Gin\u00e1sio Ibirapuera, na regi\u00e3o de Moema,\u00a0recebeu nomes como Leonardo, Almir\" \/>\n<meta property=\"og:url\" content=\"https:\/\/www.encontramoema.com.br\/sobre\/show-de-roberto-carlos-no-ginasio-do-ibirapuera-reune-diferentes-geracoes-da-musica-sertaneja\/\" \/>\n<meta property=\"og:site_name\" content=\"Encontra Moema\" \/>\n<meta property=\"article:published_time\" content=\"2010-03-19T20:11:32+00:00\" \/>\n<meta property=\"article:modified_time\" content=\"2019-04-12T21:06:26+00:00\" \/>\n<meta name=\"author\" content=\"Encontra Moema\" \/>\n<meta name=\"twitter:card\" content=\"summary_large_image\" \/>\n<meta name=\"twitter:label1\" content=\"Escrito por\" \/>\n\t<meta name=\"twitter:data1\" content=\"Encontra Moema\" \/>\n\t<meta name=\"twitter:label2\" content=\"Est. tempo de leitura\" \/>\n\t<meta name=\"twitter:data2\" content=\"3 minutos\" \/>\n<script type=\"application\/ld+json\" class=\"yoast-schema-graph\">{\"@context\":\"https:\/\/schema.org\",\"@graph\":[{\"@type\":\"WebPage\",\"@id\":\"https:\/\/www.encontramoema.com.br\/sobre\/show-de-roberto-carlos-no-ginasio-do-ibirapuera-reune-diferentes-geracoes-da-musica-sertaneja\/\",\"url\":\"https:\/\/www.encontramoema.com.br\/sobre\/show-de-roberto-carlos-no-ginasio-do-ibirapuera-reune-diferentes-geracoes-da-musica-sertaneja\/\",\"name\":\"Show de Roberto Carlos no Gin\u00e1sio do Ibirapuera re\u00fane diferentes gera\u00e7\u00f5es da m\u00fasica sertaneja - Encontra Moema\",\"isPartOf\":{\"@id\":\"https:\/\/www.encontramoema.com.br\/sobre\/#website\"},\"datePublished\":\"2010-03-19T20:11:32+00:00\",\"dateModified\":\"2019-04-12T21:06:26+00:00\",\"author\":{\"@id\":\"https:\/\/www.encontramoema.com.br\/sobre\/#\/schema\/person\/3c3656d12b82130d77eba13c4ef23efa\"},\"breadcrumb\":{\"@id\":\"https:\/\/www.encontramoema.com.br\/sobre\/show-de-roberto-carlos-no-ginasio-do-ibirapuera-reune-diferentes-geracoes-da-musica-sertaneja\/#breadcrumb\"},\"inLanguage\":\"pt-BR\",\"potentialAction\":[{\"@type\":\"ReadAction\",\"target\":[\"https:\/\/www.encontramoema.com.br\/sobre\/show-de-roberto-carlos-no-ginasio-do-ibirapuera-reune-diferentes-geracoes-da-musica-sertaneja\/\"]}]},{\"@type\":\"BreadcrumbList\",\"@id\":\"https:\/\/www.encontramoema.com.br\/sobre\/show-de-roberto-carlos-no-ginasio-do-ibirapuera-reune-diferentes-geracoes-da-musica-sertaneja\/#breadcrumb\",\"itemListElement\":[{\"@type\":\"ListItem\",\"position\":1,\"name\":\"In\u00edcio\",\"item\":\"https:\/\/www.encontramoema.com.br\/sobre\/\"},{\"@type\":\"ListItem\",\"position\":2,\"name\":\"Show de Roberto Carlos no Gin\u00e1sio do Ibirapuera re\u00fane diferentes gera\u00e7\u00f5es da m\u00fasica sertaneja\"}]},{\"@type\":\"WebSite\",\"@id\":\"https:\/\/www.encontramoema.com.br\/sobre\/#website\",\"url\":\"https:\/\/www.encontramoema.com.br\/sobre\/\",\"name\":\"Encontra Moema\",\"description\":\"Not\u00edcias, eventos, informa\u00e7\u00f5es e dicas no bairro de Moema e regi\u00e3o.\",\"potentialAction\":[{\"@type\":\"SearchAction\",\"target\":{\"@type\":\"EntryPoint\",\"urlTemplate\":\"https:\/\/www.encontramoema.com.br\/sobre\/?s={search_term_string}\"},\"query-input\":{\"@type\":\"PropertyValueSpecification\",\"valueRequired\":true,\"valueName\":\"search_term_string\"}}],\"inLanguage\":\"pt-BR\"},{\"@type\":\"Person\",\"@id\":\"https:\/\/www.encontramoema.com.br\/sobre\/#\/schema\/person\/3c3656d12b82130d77eba13c4ef23efa\",\"name\":\"Encontra Moema\",\"image\":{\"@type\":\"ImageObject\",\"inLanguage\":\"pt-BR\",\"@id\":\"https:\/\/www.encontramoema.com.br\/sobre\/#\/schema\/person\/image\/\",\"url\":\"https:\/\/secure.gravatar.com\/avatar\/0fbed662e37531ae23e68f85f9517b2454e50c1dfebf80eb9b721449ac95e0b9?s=96&d=mm&r=g\",\"contentUrl\":\"https:\/\/secure.gravatar.com\/avatar\/0fbed662e37531ae23e68f85f9517b2454e50c1dfebf80eb9b721449ac95e0b9?s=96&d=mm&r=g\",\"caption\":\"Encontra Moema\"},\"url\":\"https:\/\/www.encontramoema.com.br\/sobre\/author\/emoema\/\"}]}<\/script>\n<!-- \/ Yoast SEO plugin. -->","yoast_head_json":{"title":"Show de Roberto Carlos no Gin\u00e1sio do Ibirapuera re\u00fane diferentes gera\u00e7\u00f5es da m\u00fasica sertaneja - Encontra Moema","robots":{"index":"index","follow":"follow","max-snippet":"max-snippet:-1","max-image-preview":"max-image-preview:large","max-video-preview":"max-video-preview:-1"},"canonical":"https:\/\/www.encontramoema.com.br\/sobre\/show-de-roberto-carlos-no-ginasio-do-ibirapuera-reune-diferentes-geracoes-da-musica-sertaneja\/","og_locale":"pt_BR","og_type":"article","og_title":"Show de Roberto Carlos no Gin\u00e1sio do Ibirapuera re\u00fane diferentes gera\u00e7\u00f5es da m\u00fasica sertaneja - Encontra Moema","og_description":"O Rei\u00a0n\u00e3o estava l\u00e1 desde o in\u00edcio, mas quando Roberto Carlos\u00a0pisou pela primeira vez no palco do show &#8220;Emo\u00e7\u00f5es sertanejas&#8221;,\u00a0por volta das\u00a024h desta quarta-feira (17),\u00a0a noite j\u00e1 era toda sua.\u00a0A apresenta\u00e7\u00e3o, que havia come\u00e7ado\u00a0\u00e0s 21h40, com atraso e\u00a0Milion\u00e1rio &amp; Jos\u00e9 Rico interpretando \u201cA dist\u00e2ncia\u201d,\u00a0trouxe dezenas de duplas e artistas sertanejos\u00a0se revezando no palco em uma homenagem caipira aos 50 anos de carreira do cantor. Com uma estrutura de ilumina\u00e7\u00e3o em forma de roda de madeira e um tel\u00e3o tecnol\u00f3gico de fundo mostrando temas como chap\u00e9us e estradas, o palco o Gin\u00e1sio Ibirapuera, na regi\u00e3o de Moema,\u00a0recebeu nomes como Leonardo, Almir","og_url":"https:\/\/www.encontramoema.com.br\/sobre\/show-de-roberto-carlos-no-ginasio-do-ibirapuera-reune-diferentes-geracoes-da-musica-sertaneja\/","og_site_name":"Encontra Moema","article_published_time":"2010-03-19T20:11:32+00:00","article_modified_time":"2019-04-12T21:06:26+00:00","author":"Encontra Moema","twitter_card":"summary_large_image","twitter_misc":{"Escrito por":"Encontra Moema","Est. tempo de leitura":"3 minutos"},"schema":{"@context":"https:\/\/schema.org","@graph":[{"@type":"WebPage","@id":"https:\/\/www.encontramoema.com.br\/sobre\/show-de-roberto-carlos-no-ginasio-do-ibirapuera-reune-diferentes-geracoes-da-musica-sertaneja\/","url":"https:\/\/www.encontramoema.com.br\/sobre\/show-de-roberto-carlos-no-ginasio-do-ibirapuera-reune-diferentes-geracoes-da-musica-sertaneja\/","name":"Show de Roberto Carlos no Gin\u00e1sio do Ibirapuera re\u00fane diferentes gera\u00e7\u00f5es da m\u00fasica sertaneja - Encontra Moema","isPartOf":{"@id":"https:\/\/www.encontramoema.com.br\/sobre\/#website"},"datePublished":"2010-03-19T20:11:32+00:00","dateModified":"2019-04-12T21:06:26+00:00","author":{"@id":"https:\/\/www.encontramoema.com.br\/sobre\/#\/schema\/person\/3c3656d12b82130d77eba13c4ef23efa"},"breadcrumb":{"@id":"https:\/\/www.encontramoema.com.br\/sobre\/show-de-roberto-carlos-no-ginasio-do-ibirapuera-reune-diferentes-geracoes-da-musica-sertaneja\/#breadcrumb"},"inLanguage":"pt-BR","potentialAction":[{"@type":"ReadAction","target":["https:\/\/www.encontramoema.com.br\/sobre\/show-de-roberto-carlos-no-ginasio-do-ibirapuera-reune-diferentes-geracoes-da-musica-sertaneja\/"]}]},{"@type":"BreadcrumbList","@id":"https:\/\/www.encontramoema.com.br\/sobre\/show-de-roberto-carlos-no-ginasio-do-ibirapuera-reune-diferentes-geracoes-da-musica-sertaneja\/#breadcrumb","itemListElement":[{"@type":"ListItem","position":1,"name":"In\u00edcio","item":"https:\/\/www.encontramoema.com.br\/sobre\/"},{"@type":"ListItem","position":2,"name":"Show de Roberto Carlos no Gin\u00e1sio do Ibirapuera re\u00fane diferentes gera\u00e7\u00f5es da m\u00fasica sertaneja"}]},{"@type":"WebSite","@id":"https:\/\/www.encontramoema.com.br\/sobre\/#website","url":"https:\/\/www.encontramoema.com.br\/sobre\/","name":"Encontra Moema","description":"Not\u00edcias, eventos, informa\u00e7\u00f5es e dicas no bairro de Moema e regi\u00e3o.","potentialAction":[{"@type":"SearchAction","target":{"@type":"EntryPoint","urlTemplate":"https:\/\/www.encontramoema.com.br\/sobre\/?s={search_term_string}"},"query-input":{"@type":"PropertyValueSpecification","valueRequired":true,"valueName":"search_term_string"}}],"inLanguage":"pt-BR"},{"@type":"Person","@id":"https:\/\/www.encontramoema.com.br\/sobre\/#\/schema\/person\/3c3656d12b82130d77eba13c4ef23efa","name":"Encontra Moema","image":{"@type":"ImageObject","inLanguage":"pt-BR","@id":"https:\/\/www.encontramoema.com.br\/sobre\/#\/schema\/person\/image\/","url":"https:\/\/secure.gravatar.com\/avatar\/0fbed662e37531ae23e68f85f9517b2454e50c1dfebf80eb9b721449ac95e0b9?s=96&d=mm&r=g","contentUrl":"https:\/\/secure.gravatar.com\/avatar\/0fbed662e37531ae23e68f85f9517b2454e50c1dfebf80eb9b721449ac95e0b9?s=96&d=mm&r=g","caption":"Encontra Moema"},"url":"https:\/\/www.encontramoema.com.br\/sobre\/author\/emoema\/"}]}},"_links":{"self":[{"href":"https:\/\/www.encontramoema.com.br\/sobre\/wp-json\/wp\/v2\/posts\/340","targetHints":{"allow":["GET"]}}],"collection":[{"href":"https:\/\/www.encontramoema.com.br\/sobre\/wp-json\/wp\/v2\/posts"}],"about":[{"href":"https:\/\/www.encontramoema.com.br\/sobre\/wp-json\/wp\/v2\/types\/post"}],"author":[{"embeddable":true,"href":"https:\/\/www.encontramoema.com.br\/sobre\/wp-json\/wp\/v2\/users\/1"}],"replies":[{"embeddable":true,"href":"https:\/\/www.encontramoema.com.br\/sobre\/wp-json\/wp\/v2\/comments?post=340"}],"version-history":[{"count":0,"href":"https:\/\/www.encontramoema.com.br\/sobre\/wp-json\/wp\/v2\/posts\/340\/revisions"}],"wp:attachment":[{"href":"https:\/\/www.encontramoema.com.br\/sobre\/wp-json\/wp\/v2\/media?parent=340"}],"wp:term":[{"taxonomy":"category","embeddable":true,"href":"https:\/\/www.encontramoema.com.br\/sobre\/wp-json\/wp\/v2\/categories?post=340"},{"taxonomy":"post_tag","embeddable":true,"href":"https:\/\/www.encontramoema.com.br\/sobre\/wp-json\/wp\/v2\/tags?post=340"}],"curies":[{"name":"wp","href":"https:\/\/api.w.org\/{rel}","templated":true}]}}