{"id":3419,"date":"2011-12-23T16:29:37","date_gmt":"2011-12-23T18:29:37","guid":{"rendered":"http:\/\/www.encontramoema.com.br\/blog\/?p=3419"},"modified":"2019-04-12T19:04:30","modified_gmt":"2019-04-12T21:04:30","slug":"natal-faz-numero-de-flanelinhas-dobrar-na-regiao-do-parque-do-ibirapuera","status":"publish","type":"post","link":"https:\/\/www.encontramoema.com.br\/sobre\/natal-faz-numero-de-flanelinhas-dobrar-na-regiao-do-parque-do-ibirapuera\/","title":{"rendered":"Natal faz n\u00famero de flanelinhas dobrar na regi\u00e3o do Parque do Ibirapuera"},"content":{"rendered":"<div class=\"b7f545a958fd6350ffae2d30a84cafb8\" data-index=\"1\" style=\"float: none; margin:0px;\">\n<!-- Anuncio display - global -->\r\n<ins class=\"adsbygoogle\"\r\n     style=\"display:block\"\r\n     data-ad-client=\"ca-pub-8585364105181520\"\r\n     data-ad-slot=\"8789329856\"\r\n     data-ad-format=\"auto\"\r\n     data-full-width-responsive=\"true\"><\/ins>\r\n<script>\r\n     (adsbygoogle = window.adsbygoogle || []).push({});\r\n<\/script>\n<\/div>\n<p>Oito da noite. Todas as vagas de estacionamento na Pra\u00e7a T\u00falio Fontoura, na frente da \u00c1rvore de Natal do Ibirapuera, na zona sul de S\u00e3o Paulo, est\u00e3o ocupadas. Motoristas que chegam para assistir ao espet\u00e1culo de luzes na <a href=\"http:\/\/www.encontramoema.com.br\/moema\/fonte-multimidia-no-ibirapuera.shtml\" target=\"_blank\">fonte multim\u00eddia<\/a> do parque s\u00e3o abordados por nada menos do que 15 flanelinhas. Um guardador diz:\u00a0<strong><br \/>\n<\/strong><br \/>\n&#8211; R$ 10 para estacionar, querid\u00e3o. Aproveita que \u00e9 a \u00faltima vaga e o show j\u00e1 vai come\u00e7ar.<\/p>\n<p>No entorno do Mercado Municipal, na regi\u00e3o central, o pre\u00e7o cobrado para estacionar na rua, sobre cal\u00e7adas e at\u00e9 em lugares proibidos, varia entre R$ 5 e R$ 10.<\/p>\n<p>Por causa das festas de fim de ano e do consequente aumento de visitantes no <a href=\"http:\/\/www.encontramoema.com.br\/moema\/parque-do-ibirapuera.shtml\" target=\"_blank\">Parque do Ibirapuera<\/a>, o n\u00famero de guardadores de carros quase dobrou.\u00a0Um dos flanelinhas, que considera justo o pre\u00e7o cobrado por uma vaga de carro em lugar p\u00fablico, fala sobre o refor\u00e7o de final de ano.<\/p>\n<p>&#8211; Normalmente, somos oito. Refor\u00e7amos a equipe neste m\u00eas em mais sete pessoas para dar conta do servi\u00e7o. A gente faz a seguran\u00e7a do local, evita que o carro seja roubado. Estacionamento \u00e9 muito mais caro.<\/p>\n<p>Durante a noite, na esquina da pra\u00e7a com a rua Ab\u00edlio Soares, um policial militar apoiado na viatura faz a seguran\u00e7a da Assembleia Legislativa. A travessia de pedestres e a passagem dos carros na avenida Pedro \u00c1lvares Cabral \u00e9 monitorada por um agente da Companhia de Engenharia de Tr\u00e1fego (CET). A presen\u00e7a deles, no entanto, n\u00e3o inibe os flanelinhas.<\/p>\n<p><em>Fonte: R7<\/em><\/p>\n\n<div style=\"font-size: 0px; height: 0px; line-height: 0px; margin: 0; padding: 0; clear: both;\"><\/div>","protected":false},"excerpt":{"rendered":"<p>Oito da noite. Todas as vagas de estacionamento na Pra\u00e7a T\u00falio Fontoura, na frente da \u00c1rvore de Natal do Ibirapuera, na zona sul de S\u00e3o Paulo, est\u00e3o ocupadas. Motoristas que chegam para assistir ao espet\u00e1culo de luzes na fonte multim\u00eddia do parque s\u00e3o abordados por nada menos do que 15 flanelinhas. Um guardador diz:\u00a0 &#8211; R$ 10 para estacionar, querid\u00e3o. Aproveita que \u00e9 a \u00faltima vaga e o show j\u00e1 vai come\u00e7ar. No entorno do Mercado Municipal, na regi\u00e3o central, o pre\u00e7o cobrado para estacionar na rua, sobre cal\u00e7adas e at\u00e9 em lugares proibidos, varia entre R$ 5 e R$ <\/p>\n","protected":false},"author":1,"featured_media":0,"comment_status":"open","ping_status":"closed","sticky":false,"template":"","format":"standard","meta":{"footnotes":""},"categories":[1],"tags":[7],"class_list":["post-3419","post","type-post","status-publish","format-standard","hentry","category-noticias-em-moema","tag-moema"],"yoast_head":"<!-- This site is optimized with the Yoast SEO plugin v26.3 - https:\/\/yoast.com\/wordpress\/plugins\/seo\/ -->\n<title>Natal faz n\u00famero de flanelinhas dobrar na regi\u00e3o do Parque do Ibirapuera - Encontra Moema<\/title>\n<meta name=\"robots\" content=\"index, follow, max-snippet:-1, max-image-preview:large, max-video-preview:-1\" \/>\n<link rel=\"canonical\" href=\"https:\/\/www.encontramoema.com.br\/sobre\/natal-faz-numero-de-flanelinhas-dobrar-na-regiao-do-parque-do-ibirapuera\/\" \/>\n<meta property=\"og:locale\" content=\"pt_BR\" \/>\n<meta property=\"og:type\" content=\"article\" \/>\n<meta property=\"og:title\" content=\"Natal faz n\u00famero de flanelinhas dobrar na regi\u00e3o do Parque do Ibirapuera - Encontra Moema\" \/>\n<meta property=\"og:description\" content=\"Oito da noite. Todas as vagas de estacionamento na Pra\u00e7a T\u00falio Fontoura, na frente da \u00c1rvore de Natal do Ibirapuera, na zona sul de S\u00e3o Paulo, est\u00e3o ocupadas. Motoristas que chegam para assistir ao espet\u00e1culo de luzes na fonte multim\u00eddia do parque s\u00e3o abordados por nada menos do que 15 flanelinhas. Um guardador diz:\u00a0 &#8211; R$ 10 para estacionar, querid\u00e3o. Aproveita que \u00e9 a \u00faltima vaga e o show j\u00e1 vai come\u00e7ar. No entorno do Mercado Municipal, na regi\u00e3o central, o pre\u00e7o cobrado para estacionar na rua, sobre cal\u00e7adas e at\u00e9 em lugares proibidos, varia entre R$ 5 e R$\" \/>\n<meta property=\"og:url\" content=\"https:\/\/www.encontramoema.com.br\/sobre\/natal-faz-numero-de-flanelinhas-dobrar-na-regiao-do-parque-do-ibirapuera\/\" \/>\n<meta property=\"og:site_name\" content=\"Encontra Moema\" \/>\n<meta property=\"article:published_time\" content=\"2011-12-23T18:29:37+00:00\" \/>\n<meta property=\"article:modified_time\" content=\"2019-04-12T21:04:30+00:00\" \/>\n<meta name=\"author\" content=\"Encontra Moema\" \/>\n<meta name=\"twitter:card\" content=\"summary_large_image\" \/>\n<meta name=\"twitter:label1\" content=\"Escrito por\" \/>\n\t<meta name=\"twitter:data1\" content=\"Encontra Moema\" \/>\n\t<meta name=\"twitter:label2\" content=\"Est. tempo de leitura\" \/>\n\t<meta name=\"twitter:data2\" content=\"1 minuto\" \/>\n<script type=\"application\/ld+json\" class=\"yoast-schema-graph\">{\"@context\":\"https:\/\/schema.org\",\"@graph\":[{\"@type\":\"WebPage\",\"@id\":\"https:\/\/www.encontramoema.com.br\/sobre\/natal-faz-numero-de-flanelinhas-dobrar-na-regiao-do-parque-do-ibirapuera\/\",\"url\":\"https:\/\/www.encontramoema.com.br\/sobre\/natal-faz-numero-de-flanelinhas-dobrar-na-regiao-do-parque-do-ibirapuera\/\",\"name\":\"Natal faz n\u00famero de flanelinhas dobrar na regi\u00e3o do Parque do Ibirapuera - Encontra Moema\",\"isPartOf\":{\"@id\":\"https:\/\/www.encontramoema.com.br\/sobre\/#website\"},\"datePublished\":\"2011-12-23T18:29:37+00:00\",\"dateModified\":\"2019-04-12T21:04:30+00:00\",\"author\":{\"@id\":\"https:\/\/www.encontramoema.com.br\/sobre\/#\/schema\/person\/3c3656d12b82130d77eba13c4ef23efa\"},\"breadcrumb\":{\"@id\":\"https:\/\/www.encontramoema.com.br\/sobre\/natal-faz-numero-de-flanelinhas-dobrar-na-regiao-do-parque-do-ibirapuera\/#breadcrumb\"},\"inLanguage\":\"pt-BR\",\"potentialAction\":[{\"@type\":\"ReadAction\",\"target\":[\"https:\/\/www.encontramoema.com.br\/sobre\/natal-faz-numero-de-flanelinhas-dobrar-na-regiao-do-parque-do-ibirapuera\/\"]}]},{\"@type\":\"BreadcrumbList\",\"@id\":\"https:\/\/www.encontramoema.com.br\/sobre\/natal-faz-numero-de-flanelinhas-dobrar-na-regiao-do-parque-do-ibirapuera\/#breadcrumb\",\"itemListElement\":[{\"@type\":\"ListItem\",\"position\":1,\"name\":\"In\u00edcio\",\"item\":\"https:\/\/www.encontramoema.com.br\/sobre\/\"},{\"@type\":\"ListItem\",\"position\":2,\"name\":\"Natal faz n\u00famero de flanelinhas dobrar na regi\u00e3o do Parque do Ibirapuera\"}]},{\"@type\":\"WebSite\",\"@id\":\"https:\/\/www.encontramoema.com.br\/sobre\/#website\",\"url\":\"https:\/\/www.encontramoema.com.br\/sobre\/\",\"name\":\"Encontra Moema\",\"description\":\"Not\u00edcias, eventos, informa\u00e7\u00f5es e dicas no bairro de Moema e regi\u00e3o.\",\"potentialAction\":[{\"@type\":\"SearchAction\",\"target\":{\"@type\":\"EntryPoint\",\"urlTemplate\":\"https:\/\/www.encontramoema.com.br\/sobre\/?s={search_term_string}\"},\"query-input\":{\"@type\":\"PropertyValueSpecification\",\"valueRequired\":true,\"valueName\":\"search_term_string\"}}],\"inLanguage\":\"pt-BR\"},{\"@type\":\"Person\",\"@id\":\"https:\/\/www.encontramoema.com.br\/sobre\/#\/schema\/person\/3c3656d12b82130d77eba13c4ef23efa\",\"name\":\"Encontra Moema\",\"image\":{\"@type\":\"ImageObject\",\"inLanguage\":\"pt-BR\",\"@id\":\"https:\/\/www.encontramoema.com.br\/sobre\/#\/schema\/person\/image\/\",\"url\":\"https:\/\/secure.gravatar.com\/avatar\/0fbed662e37531ae23e68f85f9517b2454e50c1dfebf80eb9b721449ac95e0b9?s=96&d=mm&r=g\",\"contentUrl\":\"https:\/\/secure.gravatar.com\/avatar\/0fbed662e37531ae23e68f85f9517b2454e50c1dfebf80eb9b721449ac95e0b9?s=96&d=mm&r=g\",\"caption\":\"Encontra Moema\"},\"url\":\"https:\/\/www.encontramoema.com.br\/sobre\/author\/emoema\/\"}]}<\/script>\n<!-- \/ Yoast SEO plugin. -->","yoast_head_json":{"title":"Natal faz n\u00famero de flanelinhas dobrar na regi\u00e3o do Parque do Ibirapuera - Encontra Moema","robots":{"index":"index","follow":"follow","max-snippet":"max-snippet:-1","max-image-preview":"max-image-preview:large","max-video-preview":"max-video-preview:-1"},"canonical":"https:\/\/www.encontramoema.com.br\/sobre\/natal-faz-numero-de-flanelinhas-dobrar-na-regiao-do-parque-do-ibirapuera\/","og_locale":"pt_BR","og_type":"article","og_title":"Natal faz n\u00famero de flanelinhas dobrar na regi\u00e3o do Parque do Ibirapuera - Encontra Moema","og_description":"Oito da noite. Todas as vagas de estacionamento na Pra\u00e7a T\u00falio Fontoura, na frente da \u00c1rvore de Natal do Ibirapuera, na zona sul de S\u00e3o Paulo, est\u00e3o ocupadas. Motoristas que chegam para assistir ao espet\u00e1culo de luzes na fonte multim\u00eddia do parque s\u00e3o abordados por nada menos do que 15 flanelinhas. Um guardador diz:\u00a0 &#8211; R$ 10 para estacionar, querid\u00e3o. Aproveita que \u00e9 a \u00faltima vaga e o show j\u00e1 vai come\u00e7ar. No entorno do Mercado Municipal, na regi\u00e3o central, o pre\u00e7o cobrado para estacionar na rua, sobre cal\u00e7adas e at\u00e9 em lugares proibidos, varia entre R$ 5 e R$","og_url":"https:\/\/www.encontramoema.com.br\/sobre\/natal-faz-numero-de-flanelinhas-dobrar-na-regiao-do-parque-do-ibirapuera\/","og_site_name":"Encontra Moema","article_published_time":"2011-12-23T18:29:37+00:00","article_modified_time":"2019-04-12T21:04:30+00:00","author":"Encontra Moema","twitter_card":"summary_large_image","twitter_misc":{"Escrito por":"Encontra Moema","Est. tempo de leitura":"1 minuto"},"schema":{"@context":"https:\/\/schema.org","@graph":[{"@type":"WebPage","@id":"https:\/\/www.encontramoema.com.br\/sobre\/natal-faz-numero-de-flanelinhas-dobrar-na-regiao-do-parque-do-ibirapuera\/","url":"https:\/\/www.encontramoema.com.br\/sobre\/natal-faz-numero-de-flanelinhas-dobrar-na-regiao-do-parque-do-ibirapuera\/","name":"Natal faz n\u00famero de flanelinhas dobrar na regi\u00e3o do Parque do Ibirapuera - Encontra Moema","isPartOf":{"@id":"https:\/\/www.encontramoema.com.br\/sobre\/#website"},"datePublished":"2011-12-23T18:29:37+00:00","dateModified":"2019-04-12T21:04:30+00:00","author":{"@id":"https:\/\/www.encontramoema.com.br\/sobre\/#\/schema\/person\/3c3656d12b82130d77eba13c4ef23efa"},"breadcrumb":{"@id":"https:\/\/www.encontramoema.com.br\/sobre\/natal-faz-numero-de-flanelinhas-dobrar-na-regiao-do-parque-do-ibirapuera\/#breadcrumb"},"inLanguage":"pt-BR","potentialAction":[{"@type":"ReadAction","target":["https:\/\/www.encontramoema.com.br\/sobre\/natal-faz-numero-de-flanelinhas-dobrar-na-regiao-do-parque-do-ibirapuera\/"]}]},{"@type":"BreadcrumbList","@id":"https:\/\/www.encontramoema.com.br\/sobre\/natal-faz-numero-de-flanelinhas-dobrar-na-regiao-do-parque-do-ibirapuera\/#breadcrumb","itemListElement":[{"@type":"ListItem","position":1,"name":"In\u00edcio","item":"https:\/\/www.encontramoema.com.br\/sobre\/"},{"@type":"ListItem","position":2,"name":"Natal faz n\u00famero de flanelinhas dobrar na regi\u00e3o do Parque do Ibirapuera"}]},{"@type":"WebSite","@id":"https:\/\/www.encontramoema.com.br\/sobre\/#website","url":"https:\/\/www.encontramoema.com.br\/sobre\/","name":"Encontra Moema","description":"Not\u00edcias, eventos, informa\u00e7\u00f5es e dicas no bairro de Moema e regi\u00e3o.","potentialAction":[{"@type":"SearchAction","target":{"@type":"EntryPoint","urlTemplate":"https:\/\/www.encontramoema.com.br\/sobre\/?s={search_term_string}"},"query-input":{"@type":"PropertyValueSpecification","valueRequired":true,"valueName":"search_term_string"}}],"inLanguage":"pt-BR"},{"@type":"Person","@id":"https:\/\/www.encontramoema.com.br\/sobre\/#\/schema\/person\/3c3656d12b82130d77eba13c4ef23efa","name":"Encontra Moema","image":{"@type":"ImageObject","inLanguage":"pt-BR","@id":"https:\/\/www.encontramoema.com.br\/sobre\/#\/schema\/person\/image\/","url":"https:\/\/secure.gravatar.com\/avatar\/0fbed662e37531ae23e68f85f9517b2454e50c1dfebf80eb9b721449ac95e0b9?s=96&d=mm&r=g","contentUrl":"https:\/\/secure.gravatar.com\/avatar\/0fbed662e37531ae23e68f85f9517b2454e50c1dfebf80eb9b721449ac95e0b9?s=96&d=mm&r=g","caption":"Encontra Moema"},"url":"https:\/\/www.encontramoema.com.br\/sobre\/author\/emoema\/"}]}},"_links":{"self":[{"href":"https:\/\/www.encontramoema.com.br\/sobre\/wp-json\/wp\/v2\/posts\/3419","targetHints":{"allow":["GET"]}}],"collection":[{"href":"https:\/\/www.encontramoema.com.br\/sobre\/wp-json\/wp\/v2\/posts"}],"about":[{"href":"https:\/\/www.encontramoema.com.br\/sobre\/wp-json\/wp\/v2\/types\/post"}],"author":[{"embeddable":true,"href":"https:\/\/www.encontramoema.com.br\/sobre\/wp-json\/wp\/v2\/users\/1"}],"replies":[{"embeddable":true,"href":"https:\/\/www.encontramoema.com.br\/sobre\/wp-json\/wp\/v2\/comments?post=3419"}],"version-history":[{"count":0,"href":"https:\/\/www.encontramoema.com.br\/sobre\/wp-json\/wp\/v2\/posts\/3419\/revisions"}],"wp:attachment":[{"href":"https:\/\/www.encontramoema.com.br\/sobre\/wp-json\/wp\/v2\/media?parent=3419"}],"wp:term":[{"taxonomy":"category","embeddable":true,"href":"https:\/\/www.encontramoema.com.br\/sobre\/wp-json\/wp\/v2\/categories?post=3419"},{"taxonomy":"post_tag","embeddable":true,"href":"https:\/\/www.encontramoema.com.br\/sobre\/wp-json\/wp\/v2\/tags?post=3419"}],"curies":[{"name":"wp","href":"https:\/\/api.w.org\/{rel}","templated":true}]}}