{"id":412,"date":"2010-05-05T17:46:54","date_gmt":"2010-05-05T19:46:54","guid":{"rendered":"http:\/\/www.encontramoema.com.br\/blog\/?p=412"},"modified":"2019-04-12T19:06:26","modified_gmt":"2019-04-12T21:06:26","slug":"motorista-ignora-1%c2%ba-dia-de-zona-azul-em-moema","status":"publish","type":"post","link":"https:\/\/www.encontramoema.com.br\/sobre\/motorista-ignora-1%c2%ba-dia-de-zona-azul-em-moema\/","title":{"rendered":"Motorista ignora 1\u00ba dia de Zona Azul em Moema"},"content":{"rendered":"<div class=\"b7f545a958fd6350ffae2d30a84cafb8\" data-index=\"1\" style=\"float: none; margin:0px;\">\n<!-- Anuncio display - global -->\r\n<ins class=\"adsbygoogle\"\r\n     style=\"display:block\"\r\n     data-ad-client=\"ca-pub-8585364105181520\"\r\n     data-ad-slot=\"8789329856\"\r\n     data-ad-format=\"auto\"\r\n     data-full-width-responsive=\"true\"><\/ins>\r\n<script>\r\n     (adsbygoogle = window.adsbygoogle || []).push({});\r\n<\/script>\n<\/div>\n<p>No primeiro dia de funcionamento da Zona Azul em Moema, na zona sul, muitos motoristas descumpriram as novas determina\u00e7\u00f5es de estacionamento. Desde ontem, a Companhia de\u00a0Engenharia de Tr\u00e1fego\u00a0(CET) cortou 3.850 vagas gratuitas e criou outras 1.072 no sistema rotativo.<\/p>\n<p>Na rec\u00e9m alterada Avenida Moema, dois carros pararam embaixo da placa de proibido estacionar. Em um dos ve\u00edculos estava o aut\u00f4nomo Paulo Oliveira, de 36 anos. Ele disse que s\u00f3 percebeu que havia estacionado em local proibido depois de abordado pela reportagem. &#8220;Vi as faixas, mas n\u00e3o fui informado das mudan\u00e7as&#8221;, justificou. Oliveira n\u00e3o foi multado.<\/p>\n<p>A CET informou que os fiscais agem &#8220;com um n\u00edvel maior de toler\u00e2ncia&#8221; nos primeiros dias. O motorista s\u00f3 \u00e9 multado se insistir na infra\u00e7\u00e3o ou parar o ve\u00edculo em local que coloque em risco a seguran\u00e7a do tr\u00e2nsito, prejudique os moradores ou atrapalhe a fluidez.<\/p>\n<p>Nos estacionamentos da regi\u00e3o, a procura por vaga de mensalista cresceu. Com capacidade para 110 ve\u00edculos, um estacionamento particular na Avenida Jandira estava praticamente lotado \u00e0s 12h. Outro estacionamento na Alameda dos Jurupis tamb\u00e9m estava sem vagas durante a manh\u00e3 de ontem.<\/p>\n<p>Para o ex-secret\u00e1rio municipal de Transporte Get\u00falio Hanashiro, a instala\u00e7\u00e3o de Zona Azul \u00e9 eficaz para &#8220;democratizar o espa\u00e7o p\u00fablico&#8221;. &#8220;Em locais, onde se tem condi\u00e7\u00f5es de permitir estacionamentos \u00e9 mais adequado estabelecer sistema de rod\u00edzio&#8221;, afirmou ele, que tamb\u00e9m trabalhou na CET. &#8220;Com a proibi\u00e7\u00e3o do estacionamento, a via p\u00fablica ganha em fluidez.&#8221;<\/p>\n<p><em>Fonte: Agencia Estado<\/em><\/p>\n\n<div style=\"font-size: 0px; height: 0px; line-height: 0px; margin: 0; padding: 0; clear: both;\"><\/div>","protected":false},"excerpt":{"rendered":"<p>No primeiro dia de funcionamento da Zona Azul em Moema, na zona sul, muitos motoristas descumpriram as novas determina\u00e7\u00f5es de estacionamento. Desde ontem, a Companhia de\u00a0Engenharia de Tr\u00e1fego\u00a0(CET) cortou 3.850 vagas gratuitas e criou outras 1.072 no sistema rotativo. Na rec\u00e9m alterada Avenida Moema, dois carros pararam embaixo da placa de proibido estacionar. Em um dos ve\u00edculos estava o aut\u00f4nomo Paulo Oliveira, de 36 anos. Ele disse que s\u00f3 percebeu que havia estacionado em local proibido depois de abordado pela reportagem. &#8220;Vi as faixas, mas n\u00e3o fui informado das mudan\u00e7as&#8221;, justificou. Oliveira n\u00e3o foi multado. A CET informou que os <\/p>\n","protected":false},"author":1,"featured_media":0,"comment_status":"open","ping_status":"closed","sticky":false,"template":"","format":"standard","meta":{"footnotes":""},"categories":[1],"tags":[7],"class_list":["post-412","post","type-post","status-publish","format-standard","hentry","category-noticias-em-moema","tag-moema"],"yoast_head":"<!-- This site is optimized with the Yoast SEO plugin v26.3 - https:\/\/yoast.com\/wordpress\/plugins\/seo\/ -->\n<title>Motorista ignora 1\u00ba dia de Zona Azul em Moema - Encontra Moema<\/title>\n<meta name=\"robots\" content=\"index, follow, max-snippet:-1, max-image-preview:large, max-video-preview:-1\" \/>\n<link rel=\"canonical\" href=\"https:\/\/www.encontramoema.com.br\/sobre\/motorista-ignora-1\u00ba-dia-de-zona-azul-em-moema\/\" \/>\n<meta property=\"og:locale\" content=\"pt_BR\" \/>\n<meta property=\"og:type\" content=\"article\" \/>\n<meta property=\"og:title\" content=\"Motorista ignora 1\u00ba dia de Zona Azul em Moema - Encontra Moema\" \/>\n<meta property=\"og:description\" content=\"No primeiro dia de funcionamento da Zona Azul em Moema, na zona sul, muitos motoristas descumpriram as novas determina\u00e7\u00f5es de estacionamento. Desde ontem, a Companhia de\u00a0Engenharia de Tr\u00e1fego\u00a0(CET) cortou 3.850 vagas gratuitas e criou outras 1.072 no sistema rotativo. Na rec\u00e9m alterada Avenida Moema, dois carros pararam embaixo da placa de proibido estacionar. Em um dos ve\u00edculos estava o aut\u00f4nomo Paulo Oliveira, de 36 anos. Ele disse que s\u00f3 percebeu que havia estacionado em local proibido depois de abordado pela reportagem. &#8220;Vi as faixas, mas n\u00e3o fui informado das mudan\u00e7as&#8221;, justificou. Oliveira n\u00e3o foi multado. A CET informou que os\" \/>\n<meta property=\"og:url\" content=\"https:\/\/www.encontramoema.com.br\/sobre\/motorista-ignora-1\u00ba-dia-de-zona-azul-em-moema\/\" \/>\n<meta property=\"og:site_name\" content=\"Encontra Moema\" \/>\n<meta property=\"article:published_time\" content=\"2010-05-05T19:46:54+00:00\" \/>\n<meta property=\"article:modified_time\" content=\"2019-04-12T21:06:26+00:00\" \/>\n<meta name=\"author\" content=\"Encontra Moema\" \/>\n<meta name=\"twitter:card\" content=\"summary_large_image\" \/>\n<meta name=\"twitter:label1\" content=\"Escrito por\" \/>\n\t<meta name=\"twitter:data1\" content=\"Encontra Moema\" \/>\n\t<meta name=\"twitter:label2\" content=\"Est. tempo de leitura\" \/>\n\t<meta name=\"twitter:data2\" content=\"1 minuto\" \/>\n<script type=\"application\/ld+json\" class=\"yoast-schema-graph\">{\"@context\":\"https:\/\/schema.org\",\"@graph\":[{\"@type\":\"WebPage\",\"@id\":\"https:\/\/www.encontramoema.com.br\/sobre\/motorista-ignora-1%c2%ba-dia-de-zona-azul-em-moema\/\",\"url\":\"https:\/\/www.encontramoema.com.br\/sobre\/motorista-ignora-1%c2%ba-dia-de-zona-azul-em-moema\/\",\"name\":\"Motorista ignora 1\u00ba dia de Zona Azul em Moema - Encontra Moema\",\"isPartOf\":{\"@id\":\"https:\/\/www.encontramoema.com.br\/sobre\/#website\"},\"datePublished\":\"2010-05-05T19:46:54+00:00\",\"dateModified\":\"2019-04-12T21:06:26+00:00\",\"author\":{\"@id\":\"https:\/\/www.encontramoema.com.br\/sobre\/#\/schema\/person\/3c3656d12b82130d77eba13c4ef23efa\"},\"breadcrumb\":{\"@id\":\"https:\/\/www.encontramoema.com.br\/sobre\/motorista-ignora-1%c2%ba-dia-de-zona-azul-em-moema\/#breadcrumb\"},\"inLanguage\":\"pt-BR\",\"potentialAction\":[{\"@type\":\"ReadAction\",\"target\":[\"https:\/\/www.encontramoema.com.br\/sobre\/motorista-ignora-1%c2%ba-dia-de-zona-azul-em-moema\/\"]}]},{\"@type\":\"BreadcrumbList\",\"@id\":\"https:\/\/www.encontramoema.com.br\/sobre\/motorista-ignora-1%c2%ba-dia-de-zona-azul-em-moema\/#breadcrumb\",\"itemListElement\":[{\"@type\":\"ListItem\",\"position\":1,\"name\":\"In\u00edcio\",\"item\":\"https:\/\/www.encontramoema.com.br\/sobre\/\"},{\"@type\":\"ListItem\",\"position\":2,\"name\":\"Motorista ignora 1\u00ba dia de Zona Azul em Moema\"}]},{\"@type\":\"WebSite\",\"@id\":\"https:\/\/www.encontramoema.com.br\/sobre\/#website\",\"url\":\"https:\/\/www.encontramoema.com.br\/sobre\/\",\"name\":\"Encontra Moema\",\"description\":\"Not\u00edcias, eventos, informa\u00e7\u00f5es e dicas no bairro de Moema e regi\u00e3o.\",\"potentialAction\":[{\"@type\":\"SearchAction\",\"target\":{\"@type\":\"EntryPoint\",\"urlTemplate\":\"https:\/\/www.encontramoema.com.br\/sobre\/?s={search_term_string}\"},\"query-input\":{\"@type\":\"PropertyValueSpecification\",\"valueRequired\":true,\"valueName\":\"search_term_string\"}}],\"inLanguage\":\"pt-BR\"},{\"@type\":\"Person\",\"@id\":\"https:\/\/www.encontramoema.com.br\/sobre\/#\/schema\/person\/3c3656d12b82130d77eba13c4ef23efa\",\"name\":\"Encontra Moema\",\"image\":{\"@type\":\"ImageObject\",\"inLanguage\":\"pt-BR\",\"@id\":\"https:\/\/www.encontramoema.com.br\/sobre\/#\/schema\/person\/image\/\",\"url\":\"https:\/\/secure.gravatar.com\/avatar\/0fbed662e37531ae23e68f85f9517b2454e50c1dfebf80eb9b721449ac95e0b9?s=96&d=mm&r=g\",\"contentUrl\":\"https:\/\/secure.gravatar.com\/avatar\/0fbed662e37531ae23e68f85f9517b2454e50c1dfebf80eb9b721449ac95e0b9?s=96&d=mm&r=g\",\"caption\":\"Encontra Moema\"},\"url\":\"https:\/\/www.encontramoema.com.br\/sobre\/author\/emoema\/\"}]}<\/script>\n<!-- \/ Yoast SEO plugin. -->","yoast_head_json":{"title":"Motorista ignora 1\u00ba dia de Zona Azul em Moema - Encontra Moema","robots":{"index":"index","follow":"follow","max-snippet":"max-snippet:-1","max-image-preview":"max-image-preview:large","max-video-preview":"max-video-preview:-1"},"canonical":"https:\/\/www.encontramoema.com.br\/sobre\/motorista-ignora-1\u00ba-dia-de-zona-azul-em-moema\/","og_locale":"pt_BR","og_type":"article","og_title":"Motorista ignora 1\u00ba dia de Zona Azul em Moema - Encontra Moema","og_description":"No primeiro dia de funcionamento da Zona Azul em Moema, na zona sul, muitos motoristas descumpriram as novas determina\u00e7\u00f5es de estacionamento. Desde ontem, a Companhia de\u00a0Engenharia de Tr\u00e1fego\u00a0(CET) cortou 3.850 vagas gratuitas e criou outras 1.072 no sistema rotativo. Na rec\u00e9m alterada Avenida Moema, dois carros pararam embaixo da placa de proibido estacionar. Em um dos ve\u00edculos estava o aut\u00f4nomo Paulo Oliveira, de 36 anos. Ele disse que s\u00f3 percebeu que havia estacionado em local proibido depois de abordado pela reportagem. &#8220;Vi as faixas, mas n\u00e3o fui informado das mudan\u00e7as&#8221;, justificou. Oliveira n\u00e3o foi multado. A CET informou que os","og_url":"https:\/\/www.encontramoema.com.br\/sobre\/motorista-ignora-1\u00ba-dia-de-zona-azul-em-moema\/","og_site_name":"Encontra Moema","article_published_time":"2010-05-05T19:46:54+00:00","article_modified_time":"2019-04-12T21:06:26+00:00","author":"Encontra Moema","twitter_card":"summary_large_image","twitter_misc":{"Escrito por":"Encontra Moema","Est. tempo de leitura":"1 minuto"},"schema":{"@context":"https:\/\/schema.org","@graph":[{"@type":"WebPage","@id":"https:\/\/www.encontramoema.com.br\/sobre\/motorista-ignora-1%c2%ba-dia-de-zona-azul-em-moema\/","url":"https:\/\/www.encontramoema.com.br\/sobre\/motorista-ignora-1%c2%ba-dia-de-zona-azul-em-moema\/","name":"Motorista ignora 1\u00ba dia de Zona Azul em Moema - Encontra Moema","isPartOf":{"@id":"https:\/\/www.encontramoema.com.br\/sobre\/#website"},"datePublished":"2010-05-05T19:46:54+00:00","dateModified":"2019-04-12T21:06:26+00:00","author":{"@id":"https:\/\/www.encontramoema.com.br\/sobre\/#\/schema\/person\/3c3656d12b82130d77eba13c4ef23efa"},"breadcrumb":{"@id":"https:\/\/www.encontramoema.com.br\/sobre\/motorista-ignora-1%c2%ba-dia-de-zona-azul-em-moema\/#breadcrumb"},"inLanguage":"pt-BR","potentialAction":[{"@type":"ReadAction","target":["https:\/\/www.encontramoema.com.br\/sobre\/motorista-ignora-1%c2%ba-dia-de-zona-azul-em-moema\/"]}]},{"@type":"BreadcrumbList","@id":"https:\/\/www.encontramoema.com.br\/sobre\/motorista-ignora-1%c2%ba-dia-de-zona-azul-em-moema\/#breadcrumb","itemListElement":[{"@type":"ListItem","position":1,"name":"In\u00edcio","item":"https:\/\/www.encontramoema.com.br\/sobre\/"},{"@type":"ListItem","position":2,"name":"Motorista ignora 1\u00ba dia de Zona Azul em Moema"}]},{"@type":"WebSite","@id":"https:\/\/www.encontramoema.com.br\/sobre\/#website","url":"https:\/\/www.encontramoema.com.br\/sobre\/","name":"Encontra Moema","description":"Not\u00edcias, eventos, informa\u00e7\u00f5es e dicas no bairro de Moema e regi\u00e3o.","potentialAction":[{"@type":"SearchAction","target":{"@type":"EntryPoint","urlTemplate":"https:\/\/www.encontramoema.com.br\/sobre\/?s={search_term_string}"},"query-input":{"@type":"PropertyValueSpecification","valueRequired":true,"valueName":"search_term_string"}}],"inLanguage":"pt-BR"},{"@type":"Person","@id":"https:\/\/www.encontramoema.com.br\/sobre\/#\/schema\/person\/3c3656d12b82130d77eba13c4ef23efa","name":"Encontra Moema","image":{"@type":"ImageObject","inLanguage":"pt-BR","@id":"https:\/\/www.encontramoema.com.br\/sobre\/#\/schema\/person\/image\/","url":"https:\/\/secure.gravatar.com\/avatar\/0fbed662e37531ae23e68f85f9517b2454e50c1dfebf80eb9b721449ac95e0b9?s=96&d=mm&r=g","contentUrl":"https:\/\/secure.gravatar.com\/avatar\/0fbed662e37531ae23e68f85f9517b2454e50c1dfebf80eb9b721449ac95e0b9?s=96&d=mm&r=g","caption":"Encontra Moema"},"url":"https:\/\/www.encontramoema.com.br\/sobre\/author\/emoema\/"}]}},"_links":{"self":[{"href":"https:\/\/www.encontramoema.com.br\/sobre\/wp-json\/wp\/v2\/posts\/412","targetHints":{"allow":["GET"]}}],"collection":[{"href":"https:\/\/www.encontramoema.com.br\/sobre\/wp-json\/wp\/v2\/posts"}],"about":[{"href":"https:\/\/www.encontramoema.com.br\/sobre\/wp-json\/wp\/v2\/types\/post"}],"author":[{"embeddable":true,"href":"https:\/\/www.encontramoema.com.br\/sobre\/wp-json\/wp\/v2\/users\/1"}],"replies":[{"embeddable":true,"href":"https:\/\/www.encontramoema.com.br\/sobre\/wp-json\/wp\/v2\/comments?post=412"}],"version-history":[{"count":0,"href":"https:\/\/www.encontramoema.com.br\/sobre\/wp-json\/wp\/v2\/posts\/412\/revisions"}],"wp:attachment":[{"href":"https:\/\/www.encontramoema.com.br\/sobre\/wp-json\/wp\/v2\/media?parent=412"}],"wp:term":[{"taxonomy":"category","embeddable":true,"href":"https:\/\/www.encontramoema.com.br\/sobre\/wp-json\/wp\/v2\/categories?post=412"},{"taxonomy":"post_tag","embeddable":true,"href":"https:\/\/www.encontramoema.com.br\/sobre\/wp-json\/wp\/v2\/tags?post=412"}],"curies":[{"name":"wp","href":"https:\/\/api.w.org\/{rel}","templated":true}]}}