{"id":418,"date":"2010-05-11T19:09:32","date_gmt":"2010-05-11T21:09:32","guid":{"rendered":"http:\/\/www.encontramoema.com.br\/blog\/?p=418"},"modified":"2019-04-12T19:06:26","modified_gmt":"2019-04-12T21:06:26","slug":"festival-em-moema-reune-feras-do-jazz","status":"publish","type":"post","link":"https:\/\/www.encontramoema.com.br\/sobre\/festival-em-moema-reune-feras-do-jazz\/","title":{"rendered":"Festival em Moema re\u00fane feras do Jazz"},"content":{"rendered":"<div class=\"b7f545a958fd6350ffae2d30a84cafb8\" data-index=\"1\" style=\"float: none; margin:0px;\">\n<!-- Anuncio display - global -->\r\n<ins class=\"adsbygoogle\"\r\n     style=\"display:block\"\r\n     data-ad-client=\"ca-pub-8585364105181520\"\r\n     data-ad-slot=\"8789329856\"\r\n     data-ad-format=\"auto\"\r\n     data-full-width-responsive=\"true\"><\/ins>\r\n<script>\r\n     (adsbygoogle = window.adsbygoogle || []).push({});\r\n<\/script>\n<\/div>\n<p>A terceira edi\u00e7\u00e3o do festival Bridgestone consegue, mais uma vez, reunir em um \u00fanico evento grandes nomes do jazz.\u00a0Neste ano, assim como no ano passado, quando trouxe o baterista Jimmy Cobb e seu tributo aos 50 anos do disco\u00a0<em>Kind Of Blue<\/em>, de Miles Davis, o festival oferece um dos conjuntos mais disputados dos \u00faltimos anos, o The Overtone Quarter, formado por Dave Holland (baixo), Eric Harland (bateria), Chris Potter (sax) e Jason Moran (piano). O quarteto toca no dia 21 de maio, no <a href=\"http:\/\/www.encontramoema.com.br\/moema\/citibank-hall-de-moema.shtml\" target=\"_blank\">Citibank Hall<\/a>, em Moema.<\/p>\n<p>O festival tamb\u00e9m abre espa\u00e7o para dois novatos que est\u00e3o em ascens\u00e3o dentro do cen\u00e1rio do jazz, a cantora Dee Alexander (20 e o trompetista Chritian Scott, que abre a primeira noite do evento, no dia 19.<\/p>\n<p>Para completar a excel\u00eancia dos escalados, o espectador tamb\u00e9m ter\u00e1 a oportunidade de testemunhar o lend\u00e1rio pianista Ahmad Jamal, que completar\u00e1 80 anos no m\u00eas que vem, o pianista sensa\u00e7\u00e3o Uri Cane e o onipresente baixista Christian McBride, que se apresenta com a cantora Melissa Walker.<\/p>\n<p>Para mais detalhes do festival e saber como concorrer a pares de ingressos para as quatro noites do Bridgestone Music Festival, escute o podcast Jazzy desta semana.<\/p>\n<p><strong> <\/strong><\/p>\n<p><strong>Confira a programa\u00e7\u00e3o<\/strong>:<\/p>\n<p>19 &#8211; Christian Scott Quintet<\/p>\n<p>Uri Caine &amp; Barbara Walker<\/p>\n<p>20 &#8211; Dee Alexander Evolution Ensemble Ahmad Jamal<\/p>\n<p>21 &#8211; The Overtone Quartet (Dave Holland &#8211; Jason Moran &#8211; Chris Potter &#8211; Eric Harland)<\/p>\n<p>Piazzolla y Piazzolla e Sexteto Escalandrum<\/p>\n<p>22 &#8211; Melissa Walker &amp; Christian McBride<\/p>\n<p>Don Byron &amp; New Gospel Quintet<\/p>\n<p><strong>Bridgestone Festival<\/strong> &#8211; Citibank Hall &#8211; Al. dos Jamaris, 21, Moema, S\u00e3o Paulo SP. Tel.: 4003-5588. www.bridgestonemusic.com.br Hor\u00e1rio: 21h. Dura\u00e7\u00e3o: 1h30 Abertura da casa: 1h30 antes do espet\u00e1culo. Classifica\u00e7\u00e3o et\u00e1ria: N\u00e3o ser\u00e1 permitida a entrada de menores de 14 anos; 14 anos e 15 anos: permitida a entrada (acompanhados dos pais ou respons\u00e1veis legais); 16 anos em diante: permitida a entrada (desacompanhados). Capacidade: 1450 lugares. Acesso para deficientes. Ar condicionado. Estacionamento: terceirizado: R$ 25,00 (com manobrista)<\/p>\n<p>Ingressos (normal e meia entrada)<\/p>\n<p>camarotes R$ 120,00 &#8211; R$ 60,00<\/p>\n<p>mesas setor vip &#8211; R$ 100,00 &#8211; R$ 50,00<\/p>\n<p>mesas setor i &#8211; R$ 70,00 &#8211; R$ 35,00<\/p>\n<p>mesas setor ii &#8211; R$ 60,00 &#8211; R$ 30,00<\/p>\n<p>mesas setor III -R$ 50,00 &#8211; R$ 25,00<\/p>\n<p>Bilheteria oficial &#8211; sem taxa de conveni\u00eancia<\/p>\n<p>Citibank Hall: De 2\u00aa a Domingo &#8211; 12h \u00e0s 20h.<\/p>\n<p>Locais de venda &#8211; com taxa de conveni\u00eancia<\/p>\n<p>premier.ticketsforfun.com.br\/content\/outlets\/agency.aspx<\/p>\n<p>Central Tickets For Fun: por telefone, entrega em domic\u00edlio (taxas de conveni\u00eancia e de entrega) &#8211; 4003-5588 (v\u00e1lido para todo o pa\u00eds), das 9h \u00e0s 21h &#8211; segunda a s\u00e1bado.<\/p>\n<p>Pela Internet: www.ticketsforfun.com.br (entrega em domic\u00edlio &#8211; taxas de conveni\u00eancia e de entrega)<\/p>\n<p>Formas de Pagamento: Dinheiro, cart\u00f5es de cr\u00e9dito American Express, Visa, MasterCard, Diners e Cart\u00f5es de D\u00e9bito Visa Electron e Rede Shop.<\/p>\n<p><em>Fonte: Agencia Estado<\/em><\/p>\n\n<div style=\"font-size: 0px; height: 0px; line-height: 0px; margin: 0; padding: 0; clear: both;\"><\/div>","protected":false},"excerpt":{"rendered":"<p>A terceira edi\u00e7\u00e3o do festival Bridgestone consegue, mais uma vez, reunir em um \u00fanico evento grandes nomes do jazz.\u00a0Neste ano, assim como no ano passado, quando trouxe o baterista Jimmy Cobb e seu tributo aos 50 anos do disco\u00a0Kind Of Blue, de Miles Davis, o festival oferece um dos conjuntos mais disputados dos \u00faltimos anos, o The Overtone Quarter, formado por Dave Holland (baixo), Eric Harland (bateria), Chris Potter (sax) e Jason Moran (piano). O quarteto toca no dia 21 de maio, no Citibank Hall, em Moema. O festival tamb\u00e9m abre espa\u00e7o para dois novatos que est\u00e3o em ascens\u00e3o dentro <\/p>\n","protected":false},"author":1,"featured_media":0,"comment_status":"open","ping_status":"closed","sticky":false,"template":"","format":"standard","meta":{"footnotes":""},"categories":[1],"tags":[7],"class_list":["post-418","post","type-post","status-publish","format-standard","hentry","category-noticias-em-moema","tag-moema"],"yoast_head":"<!-- This site is optimized with the Yoast SEO plugin v26.3 - https:\/\/yoast.com\/wordpress\/plugins\/seo\/ -->\n<title>Festival em Moema re\u00fane feras do Jazz - Encontra Moema<\/title>\n<meta name=\"robots\" content=\"index, follow, max-snippet:-1, max-image-preview:large, max-video-preview:-1\" \/>\n<link rel=\"canonical\" href=\"https:\/\/www.encontramoema.com.br\/sobre\/festival-em-moema-reune-feras-do-jazz\/\" \/>\n<meta property=\"og:locale\" content=\"pt_BR\" \/>\n<meta property=\"og:type\" content=\"article\" \/>\n<meta property=\"og:title\" content=\"Festival em Moema re\u00fane feras do Jazz - Encontra Moema\" \/>\n<meta property=\"og:description\" content=\"A terceira edi\u00e7\u00e3o do festival Bridgestone consegue, mais uma vez, reunir em um \u00fanico evento grandes nomes do jazz.\u00a0Neste ano, assim como no ano passado, quando trouxe o baterista Jimmy Cobb e seu tributo aos 50 anos do disco\u00a0Kind Of Blue, de Miles Davis, o festival oferece um dos conjuntos mais disputados dos \u00faltimos anos, o The Overtone Quarter, formado por Dave Holland (baixo), Eric Harland (bateria), Chris Potter (sax) e Jason Moran (piano). O quarteto toca no dia 21 de maio, no Citibank Hall, em Moema. O festival tamb\u00e9m abre espa\u00e7o para dois novatos que est\u00e3o em ascens\u00e3o dentro\" \/>\n<meta property=\"og:url\" content=\"https:\/\/www.encontramoema.com.br\/sobre\/festival-em-moema-reune-feras-do-jazz\/\" \/>\n<meta property=\"og:site_name\" content=\"Encontra Moema\" \/>\n<meta property=\"article:published_time\" content=\"2010-05-11T21:09:32+00:00\" \/>\n<meta property=\"article:modified_time\" content=\"2019-04-12T21:06:26+00:00\" \/>\n<meta name=\"author\" content=\"Encontra Moema\" \/>\n<meta name=\"twitter:card\" content=\"summary_large_image\" \/>\n<meta name=\"twitter:label1\" content=\"Escrito por\" \/>\n\t<meta name=\"twitter:data1\" content=\"Encontra Moema\" \/>\n\t<meta name=\"twitter:label2\" content=\"Est. tempo de leitura\" \/>\n\t<meta name=\"twitter:data2\" content=\"2 minutos\" \/>\n<script type=\"application\/ld+json\" class=\"yoast-schema-graph\">{\"@context\":\"https:\/\/schema.org\",\"@graph\":[{\"@type\":\"WebPage\",\"@id\":\"https:\/\/www.encontramoema.com.br\/sobre\/festival-em-moema-reune-feras-do-jazz\/\",\"url\":\"https:\/\/www.encontramoema.com.br\/sobre\/festival-em-moema-reune-feras-do-jazz\/\",\"name\":\"Festival em Moema re\u00fane feras do Jazz - Encontra Moema\",\"isPartOf\":{\"@id\":\"https:\/\/www.encontramoema.com.br\/sobre\/#website\"},\"datePublished\":\"2010-05-11T21:09:32+00:00\",\"dateModified\":\"2019-04-12T21:06:26+00:00\",\"author\":{\"@id\":\"https:\/\/www.encontramoema.com.br\/sobre\/#\/schema\/person\/3c3656d12b82130d77eba13c4ef23efa\"},\"breadcrumb\":{\"@id\":\"https:\/\/www.encontramoema.com.br\/sobre\/festival-em-moema-reune-feras-do-jazz\/#breadcrumb\"},\"inLanguage\":\"pt-BR\",\"potentialAction\":[{\"@type\":\"ReadAction\",\"target\":[\"https:\/\/www.encontramoema.com.br\/sobre\/festival-em-moema-reune-feras-do-jazz\/\"]}]},{\"@type\":\"BreadcrumbList\",\"@id\":\"https:\/\/www.encontramoema.com.br\/sobre\/festival-em-moema-reune-feras-do-jazz\/#breadcrumb\",\"itemListElement\":[{\"@type\":\"ListItem\",\"position\":1,\"name\":\"In\u00edcio\",\"item\":\"https:\/\/www.encontramoema.com.br\/sobre\/\"},{\"@type\":\"ListItem\",\"position\":2,\"name\":\"Festival em Moema re\u00fane feras do Jazz\"}]},{\"@type\":\"WebSite\",\"@id\":\"https:\/\/www.encontramoema.com.br\/sobre\/#website\",\"url\":\"https:\/\/www.encontramoema.com.br\/sobre\/\",\"name\":\"Encontra Moema\",\"description\":\"Not\u00edcias, eventos, informa\u00e7\u00f5es e dicas no bairro de Moema e regi\u00e3o.\",\"potentialAction\":[{\"@type\":\"SearchAction\",\"target\":{\"@type\":\"EntryPoint\",\"urlTemplate\":\"https:\/\/www.encontramoema.com.br\/sobre\/?s={search_term_string}\"},\"query-input\":{\"@type\":\"PropertyValueSpecification\",\"valueRequired\":true,\"valueName\":\"search_term_string\"}}],\"inLanguage\":\"pt-BR\"},{\"@type\":\"Person\",\"@id\":\"https:\/\/www.encontramoema.com.br\/sobre\/#\/schema\/person\/3c3656d12b82130d77eba13c4ef23efa\",\"name\":\"Encontra Moema\",\"image\":{\"@type\":\"ImageObject\",\"inLanguage\":\"pt-BR\",\"@id\":\"https:\/\/www.encontramoema.com.br\/sobre\/#\/schema\/person\/image\/\",\"url\":\"https:\/\/secure.gravatar.com\/avatar\/0fbed662e37531ae23e68f85f9517b2454e50c1dfebf80eb9b721449ac95e0b9?s=96&d=mm&r=g\",\"contentUrl\":\"https:\/\/secure.gravatar.com\/avatar\/0fbed662e37531ae23e68f85f9517b2454e50c1dfebf80eb9b721449ac95e0b9?s=96&d=mm&r=g\",\"caption\":\"Encontra Moema\"},\"url\":\"https:\/\/www.encontramoema.com.br\/sobre\/author\/emoema\/\"}]}<\/script>\n<!-- \/ Yoast SEO plugin. -->","yoast_head_json":{"title":"Festival em Moema re\u00fane feras do Jazz - Encontra Moema","robots":{"index":"index","follow":"follow","max-snippet":"max-snippet:-1","max-image-preview":"max-image-preview:large","max-video-preview":"max-video-preview:-1"},"canonical":"https:\/\/www.encontramoema.com.br\/sobre\/festival-em-moema-reune-feras-do-jazz\/","og_locale":"pt_BR","og_type":"article","og_title":"Festival em Moema re\u00fane feras do Jazz - Encontra Moema","og_description":"A terceira edi\u00e7\u00e3o do festival Bridgestone consegue, mais uma vez, reunir em um \u00fanico evento grandes nomes do jazz.\u00a0Neste ano, assim como no ano passado, quando trouxe o baterista Jimmy Cobb e seu tributo aos 50 anos do disco\u00a0Kind Of Blue, de Miles Davis, o festival oferece um dos conjuntos mais disputados dos \u00faltimos anos, o The Overtone Quarter, formado por Dave Holland (baixo), Eric Harland (bateria), Chris Potter (sax) e Jason Moran (piano). O quarteto toca no dia 21 de maio, no Citibank Hall, em Moema. O festival tamb\u00e9m abre espa\u00e7o para dois novatos que est\u00e3o em ascens\u00e3o dentro","og_url":"https:\/\/www.encontramoema.com.br\/sobre\/festival-em-moema-reune-feras-do-jazz\/","og_site_name":"Encontra Moema","article_published_time":"2010-05-11T21:09:32+00:00","article_modified_time":"2019-04-12T21:06:26+00:00","author":"Encontra Moema","twitter_card":"summary_large_image","twitter_misc":{"Escrito por":"Encontra Moema","Est. tempo de leitura":"2 minutos"},"schema":{"@context":"https:\/\/schema.org","@graph":[{"@type":"WebPage","@id":"https:\/\/www.encontramoema.com.br\/sobre\/festival-em-moema-reune-feras-do-jazz\/","url":"https:\/\/www.encontramoema.com.br\/sobre\/festival-em-moema-reune-feras-do-jazz\/","name":"Festival em Moema re\u00fane feras do Jazz - Encontra Moema","isPartOf":{"@id":"https:\/\/www.encontramoema.com.br\/sobre\/#website"},"datePublished":"2010-05-11T21:09:32+00:00","dateModified":"2019-04-12T21:06:26+00:00","author":{"@id":"https:\/\/www.encontramoema.com.br\/sobre\/#\/schema\/person\/3c3656d12b82130d77eba13c4ef23efa"},"breadcrumb":{"@id":"https:\/\/www.encontramoema.com.br\/sobre\/festival-em-moema-reune-feras-do-jazz\/#breadcrumb"},"inLanguage":"pt-BR","potentialAction":[{"@type":"ReadAction","target":["https:\/\/www.encontramoema.com.br\/sobre\/festival-em-moema-reune-feras-do-jazz\/"]}]},{"@type":"BreadcrumbList","@id":"https:\/\/www.encontramoema.com.br\/sobre\/festival-em-moema-reune-feras-do-jazz\/#breadcrumb","itemListElement":[{"@type":"ListItem","position":1,"name":"In\u00edcio","item":"https:\/\/www.encontramoema.com.br\/sobre\/"},{"@type":"ListItem","position":2,"name":"Festival em Moema re\u00fane feras do Jazz"}]},{"@type":"WebSite","@id":"https:\/\/www.encontramoema.com.br\/sobre\/#website","url":"https:\/\/www.encontramoema.com.br\/sobre\/","name":"Encontra Moema","description":"Not\u00edcias, eventos, informa\u00e7\u00f5es e dicas no bairro de Moema e regi\u00e3o.","potentialAction":[{"@type":"SearchAction","target":{"@type":"EntryPoint","urlTemplate":"https:\/\/www.encontramoema.com.br\/sobre\/?s={search_term_string}"},"query-input":{"@type":"PropertyValueSpecification","valueRequired":true,"valueName":"search_term_string"}}],"inLanguage":"pt-BR"},{"@type":"Person","@id":"https:\/\/www.encontramoema.com.br\/sobre\/#\/schema\/person\/3c3656d12b82130d77eba13c4ef23efa","name":"Encontra Moema","image":{"@type":"ImageObject","inLanguage":"pt-BR","@id":"https:\/\/www.encontramoema.com.br\/sobre\/#\/schema\/person\/image\/","url":"https:\/\/secure.gravatar.com\/avatar\/0fbed662e37531ae23e68f85f9517b2454e50c1dfebf80eb9b721449ac95e0b9?s=96&d=mm&r=g","contentUrl":"https:\/\/secure.gravatar.com\/avatar\/0fbed662e37531ae23e68f85f9517b2454e50c1dfebf80eb9b721449ac95e0b9?s=96&d=mm&r=g","caption":"Encontra Moema"},"url":"https:\/\/www.encontramoema.com.br\/sobre\/author\/emoema\/"}]}},"_links":{"self":[{"href":"https:\/\/www.encontramoema.com.br\/sobre\/wp-json\/wp\/v2\/posts\/418","targetHints":{"allow":["GET"]}}],"collection":[{"href":"https:\/\/www.encontramoema.com.br\/sobre\/wp-json\/wp\/v2\/posts"}],"about":[{"href":"https:\/\/www.encontramoema.com.br\/sobre\/wp-json\/wp\/v2\/types\/post"}],"author":[{"embeddable":true,"href":"https:\/\/www.encontramoema.com.br\/sobre\/wp-json\/wp\/v2\/users\/1"}],"replies":[{"embeddable":true,"href":"https:\/\/www.encontramoema.com.br\/sobre\/wp-json\/wp\/v2\/comments?post=418"}],"version-history":[{"count":0,"href":"https:\/\/www.encontramoema.com.br\/sobre\/wp-json\/wp\/v2\/posts\/418\/revisions"}],"wp:attachment":[{"href":"https:\/\/www.encontramoema.com.br\/sobre\/wp-json\/wp\/v2\/media?parent=418"}],"wp:term":[{"taxonomy":"category","embeddable":true,"href":"https:\/\/www.encontramoema.com.br\/sobre\/wp-json\/wp\/v2\/categories?post=418"},{"taxonomy":"post_tag","embeddable":true,"href":"https:\/\/www.encontramoema.com.br\/sobre\/wp-json\/wp\/v2\/tags?post=418"}],"curies":[{"name":"wp","href":"https:\/\/api.w.org\/{rel}","templated":true}]}}