{"id":4806,"date":"2012-01-20T16:20:09","date_gmt":"2012-01-20T18:20:09","guid":{"rendered":"http:\/\/www.encontramoema.com.br\/blog\/?p=4806"},"modified":"2019-04-12T19:04:29","modified_gmt":"2019-04-12T21:04:29","slug":"realizada-na-bienal-do-ibirapuera-sao-paulo-fashion-week-movimenta-a-cidade","status":"publish","type":"post","link":"https:\/\/www.encontramoema.com.br\/sobre\/realizada-na-bienal-do-ibirapuera-sao-paulo-fashion-week-movimenta-a-cidade\/","title":{"rendered":"Realizada na Bienal do Ibirapuera, S\u00e3o Paulo Fashion Week movimenta a cidade"},"content":{"rendered":"<div class=\"b7f545a958fd6350ffae2d30a84cafb8\" data-index=\"1\" style=\"float: none; margin:0px;\">\n<!-- Anuncio display - global -->\r\n<ins class=\"adsbygoogle\"\r\n     style=\"display:block\"\r\n     data-ad-client=\"ca-pub-8585364105181520\"\r\n     data-ad-slot=\"8789329856\"\r\n     data-ad-format=\"auto\"\r\n     data-full-width-responsive=\"true\"><\/ins>\r\n<script>\r\n     (adsbygoogle = window.adsbygoogle || []).push({});\r\n<\/script>\n<\/div>\n<p>De 19 a 24 de janeiro,\u00a0 a cidade de S\u00e3o Paulo recebe a\u00a0<em>S\u00e3o Paulo Fashion Week (SPFW)\u00a0<\/em>que promove, na <a href=\"http:\/\/www.encontramoema.com.br\/moema\/pavilhao-ciccillo-matarazzo-no-ibirapuera.shtml\" target=\"_blank\">Bienal do Ibirapuera<\/a>, desfiles com as tend\u00eancias do outono-inverno 2012 das cole\u00e7\u00f5es de renomados estilistas. Considerada uma das cinco semanas de moda mais importantes do planeta, o evento coloca a cidade no circuito mundial da moda.<\/p>\n<p>Segundo dados do Observat\u00f3rio do Turismo de S\u00e3o Paulo, n\u00facleo de estudos e pesquisas da SPTuris, a edi\u00e7\u00e3o outono-inverno 2011 da SPFW, realizada no in\u00edcio do ano passado, teve p\u00fablico estimado em 16 mil pessoas de fora da capital paulista.<\/p>\n<p>A maioria dos participantes eram mulheres (67,4%) com faixa et\u00e1ria ente 18 e 39 anos (80,3%) e forma\u00e7\u00e3o completa e\/ou p\u00f3s-gradua\u00e7\u00e3o (57,6%). Al\u00e9m disso, o evento se caracteriza como ponto de converg\u00eancia de um amplo mercado criativo ao mobilizar mais de 11 mil profissionais que atuam em \u00e1reas diversas como confec\u00e7\u00f5es, comunica\u00e7\u00e3o, cenografia, ag\u00eancias de modelo, produ\u00e7\u00e3o de eventos, entre outros.<\/p>\n<p>Para o presidente da SPTuris a grande atra\u00e7\u00e3o de turistas nessa semana demonstra a for\u00e7a dessa ind\u00fastria, que est\u00e1 cada vez mais saud\u00e1vel e competitiva.\u201cEste n\u00e3o \u00e9 apenas um evento restrito ao mundo da moda, mas um grande exemplo de produ\u00e7\u00e3o criativa e difunde mundialmente a imagem de S\u00e3o Paulo\u201d, conclui.<\/p>\n<p>O Observat\u00f3rio do Turismo ir\u00e1 realizar novas pesquisas este ano. Question\u00e1rios ser\u00e3o aplicados durante os seis dias do evento para que seja poss\u00edvel conhecer melhor n\u00e3o s\u00f3 o p\u00fablico, mas tamb\u00e9m jornalistas e toda a cadeia produtiva envolvida. Al\u00e9m disso, durante o SPFW, ser\u00e1 analisada tamb\u00e9m a recorr\u00eancia do tema nas m\u00eddias sociais.<\/p>\n<p><em>Fonte: Prefeitura de S\u00e3o Paulo<\/em><\/p>\n\n<div style=\"font-size: 0px; height: 0px; line-height: 0px; margin: 0; padding: 0; clear: both;\"><\/div>","protected":false},"excerpt":{"rendered":"<p>De 19 a 24 de janeiro,\u00a0 a cidade de S\u00e3o Paulo recebe a\u00a0S\u00e3o Paulo Fashion Week (SPFW)\u00a0que promove, na Bienal do Ibirapuera, desfiles com as tend\u00eancias do outono-inverno 2012 das cole\u00e7\u00f5es de renomados estilistas. Considerada uma das cinco semanas de moda mais importantes do planeta, o evento coloca a cidade no circuito mundial da moda. Segundo dados do Observat\u00f3rio do Turismo de S\u00e3o Paulo, n\u00facleo de estudos e pesquisas da SPTuris, a edi\u00e7\u00e3o outono-inverno 2011 da SPFW, realizada no in\u00edcio do ano passado, teve p\u00fablico estimado em 16 mil pessoas de fora da capital paulista. A maioria dos participantes eram <\/p>\n","protected":false},"author":1,"featured_media":0,"comment_status":"open","ping_status":"closed","sticky":false,"template":"","format":"standard","meta":{"footnotes":""},"categories":[1],"tags":[7],"class_list":["post-4806","post","type-post","status-publish","format-standard","hentry","category-noticias-em-moema","tag-moema"],"yoast_head":"<!-- This site is optimized with the Yoast SEO plugin v26.3 - https:\/\/yoast.com\/wordpress\/plugins\/seo\/ -->\n<title>Realizada na Bienal do Ibirapuera, S\u00e3o Paulo Fashion Week movimenta a cidade - Encontra Moema<\/title>\n<meta name=\"robots\" content=\"index, follow, max-snippet:-1, max-image-preview:large, max-video-preview:-1\" \/>\n<link rel=\"canonical\" href=\"https:\/\/www.encontramoema.com.br\/sobre\/realizada-na-bienal-do-ibirapuera-sao-paulo-fashion-week-movimenta-a-cidade\/\" \/>\n<meta property=\"og:locale\" content=\"pt_BR\" \/>\n<meta property=\"og:type\" content=\"article\" \/>\n<meta property=\"og:title\" content=\"Realizada na Bienal do Ibirapuera, S\u00e3o Paulo Fashion Week movimenta a cidade - Encontra Moema\" \/>\n<meta property=\"og:description\" content=\"De 19 a 24 de janeiro,\u00a0 a cidade de S\u00e3o Paulo recebe a\u00a0S\u00e3o Paulo Fashion Week (SPFW)\u00a0que promove, na Bienal do Ibirapuera, desfiles com as tend\u00eancias do outono-inverno 2012 das cole\u00e7\u00f5es de renomados estilistas. Considerada uma das cinco semanas de moda mais importantes do planeta, o evento coloca a cidade no circuito mundial da moda. Segundo dados do Observat\u00f3rio do Turismo de S\u00e3o Paulo, n\u00facleo de estudos e pesquisas da SPTuris, a edi\u00e7\u00e3o outono-inverno 2011 da SPFW, realizada no in\u00edcio do ano passado, teve p\u00fablico estimado em 16 mil pessoas de fora da capital paulista. A maioria dos participantes eram\" \/>\n<meta property=\"og:url\" content=\"https:\/\/www.encontramoema.com.br\/sobre\/realizada-na-bienal-do-ibirapuera-sao-paulo-fashion-week-movimenta-a-cidade\/\" \/>\n<meta property=\"og:site_name\" content=\"Encontra Moema\" \/>\n<meta property=\"article:published_time\" content=\"2012-01-20T18:20:09+00:00\" \/>\n<meta property=\"article:modified_time\" content=\"2019-04-12T21:04:29+00:00\" \/>\n<meta name=\"author\" content=\"Encontra Moema\" \/>\n<meta name=\"twitter:card\" content=\"summary_large_image\" \/>\n<meta name=\"twitter:label1\" content=\"Escrito por\" \/>\n\t<meta name=\"twitter:data1\" content=\"Encontra Moema\" \/>\n\t<meta name=\"twitter:label2\" content=\"Est. tempo de leitura\" \/>\n\t<meta name=\"twitter:data2\" content=\"1 minuto\" \/>\n<script type=\"application\/ld+json\" class=\"yoast-schema-graph\">{\"@context\":\"https:\/\/schema.org\",\"@graph\":[{\"@type\":\"WebPage\",\"@id\":\"https:\/\/www.encontramoema.com.br\/sobre\/realizada-na-bienal-do-ibirapuera-sao-paulo-fashion-week-movimenta-a-cidade\/\",\"url\":\"https:\/\/www.encontramoema.com.br\/sobre\/realizada-na-bienal-do-ibirapuera-sao-paulo-fashion-week-movimenta-a-cidade\/\",\"name\":\"Realizada na Bienal do Ibirapuera, S\u00e3o Paulo Fashion Week movimenta a cidade - Encontra Moema\",\"isPartOf\":{\"@id\":\"https:\/\/www.encontramoema.com.br\/sobre\/#website\"},\"datePublished\":\"2012-01-20T18:20:09+00:00\",\"dateModified\":\"2019-04-12T21:04:29+00:00\",\"author\":{\"@id\":\"https:\/\/www.encontramoema.com.br\/sobre\/#\/schema\/person\/3c3656d12b82130d77eba13c4ef23efa\"},\"breadcrumb\":{\"@id\":\"https:\/\/www.encontramoema.com.br\/sobre\/realizada-na-bienal-do-ibirapuera-sao-paulo-fashion-week-movimenta-a-cidade\/#breadcrumb\"},\"inLanguage\":\"pt-BR\",\"potentialAction\":[{\"@type\":\"ReadAction\",\"target\":[\"https:\/\/www.encontramoema.com.br\/sobre\/realizada-na-bienal-do-ibirapuera-sao-paulo-fashion-week-movimenta-a-cidade\/\"]}]},{\"@type\":\"BreadcrumbList\",\"@id\":\"https:\/\/www.encontramoema.com.br\/sobre\/realizada-na-bienal-do-ibirapuera-sao-paulo-fashion-week-movimenta-a-cidade\/#breadcrumb\",\"itemListElement\":[{\"@type\":\"ListItem\",\"position\":1,\"name\":\"In\u00edcio\",\"item\":\"https:\/\/www.encontramoema.com.br\/sobre\/\"},{\"@type\":\"ListItem\",\"position\":2,\"name\":\"Realizada na Bienal do Ibirapuera, S\u00e3o Paulo Fashion Week movimenta a cidade\"}]},{\"@type\":\"WebSite\",\"@id\":\"https:\/\/www.encontramoema.com.br\/sobre\/#website\",\"url\":\"https:\/\/www.encontramoema.com.br\/sobre\/\",\"name\":\"Encontra Moema\",\"description\":\"Not\u00edcias, eventos, informa\u00e7\u00f5es e dicas no bairro de Moema e regi\u00e3o.\",\"potentialAction\":[{\"@type\":\"SearchAction\",\"target\":{\"@type\":\"EntryPoint\",\"urlTemplate\":\"https:\/\/www.encontramoema.com.br\/sobre\/?s={search_term_string}\"},\"query-input\":{\"@type\":\"PropertyValueSpecification\",\"valueRequired\":true,\"valueName\":\"search_term_string\"}}],\"inLanguage\":\"pt-BR\"},{\"@type\":\"Person\",\"@id\":\"https:\/\/www.encontramoema.com.br\/sobre\/#\/schema\/person\/3c3656d12b82130d77eba13c4ef23efa\",\"name\":\"Encontra Moema\",\"image\":{\"@type\":\"ImageObject\",\"inLanguage\":\"pt-BR\",\"@id\":\"https:\/\/www.encontramoema.com.br\/sobre\/#\/schema\/person\/image\/\",\"url\":\"https:\/\/secure.gravatar.com\/avatar\/0fbed662e37531ae23e68f85f9517b2454e50c1dfebf80eb9b721449ac95e0b9?s=96&d=mm&r=g\",\"contentUrl\":\"https:\/\/secure.gravatar.com\/avatar\/0fbed662e37531ae23e68f85f9517b2454e50c1dfebf80eb9b721449ac95e0b9?s=96&d=mm&r=g\",\"caption\":\"Encontra Moema\"},\"url\":\"https:\/\/www.encontramoema.com.br\/sobre\/author\/emoema\/\"}]}<\/script>\n<!-- \/ Yoast SEO plugin. -->","yoast_head_json":{"title":"Realizada na Bienal do Ibirapuera, S\u00e3o Paulo Fashion Week movimenta a cidade - Encontra Moema","robots":{"index":"index","follow":"follow","max-snippet":"max-snippet:-1","max-image-preview":"max-image-preview:large","max-video-preview":"max-video-preview:-1"},"canonical":"https:\/\/www.encontramoema.com.br\/sobre\/realizada-na-bienal-do-ibirapuera-sao-paulo-fashion-week-movimenta-a-cidade\/","og_locale":"pt_BR","og_type":"article","og_title":"Realizada na Bienal do Ibirapuera, S\u00e3o Paulo Fashion Week movimenta a cidade - Encontra Moema","og_description":"De 19 a 24 de janeiro,\u00a0 a cidade de S\u00e3o Paulo recebe a\u00a0S\u00e3o Paulo Fashion Week (SPFW)\u00a0que promove, na Bienal do Ibirapuera, desfiles com as tend\u00eancias do outono-inverno 2012 das cole\u00e7\u00f5es de renomados estilistas. Considerada uma das cinco semanas de moda mais importantes do planeta, o evento coloca a cidade no circuito mundial da moda. Segundo dados do Observat\u00f3rio do Turismo de S\u00e3o Paulo, n\u00facleo de estudos e pesquisas da SPTuris, a edi\u00e7\u00e3o outono-inverno 2011 da SPFW, realizada no in\u00edcio do ano passado, teve p\u00fablico estimado em 16 mil pessoas de fora da capital paulista. A maioria dos participantes eram","og_url":"https:\/\/www.encontramoema.com.br\/sobre\/realizada-na-bienal-do-ibirapuera-sao-paulo-fashion-week-movimenta-a-cidade\/","og_site_name":"Encontra Moema","article_published_time":"2012-01-20T18:20:09+00:00","article_modified_time":"2019-04-12T21:04:29+00:00","author":"Encontra Moema","twitter_card":"summary_large_image","twitter_misc":{"Escrito por":"Encontra Moema","Est. tempo de leitura":"1 minuto"},"schema":{"@context":"https:\/\/schema.org","@graph":[{"@type":"WebPage","@id":"https:\/\/www.encontramoema.com.br\/sobre\/realizada-na-bienal-do-ibirapuera-sao-paulo-fashion-week-movimenta-a-cidade\/","url":"https:\/\/www.encontramoema.com.br\/sobre\/realizada-na-bienal-do-ibirapuera-sao-paulo-fashion-week-movimenta-a-cidade\/","name":"Realizada na Bienal do Ibirapuera, S\u00e3o Paulo Fashion Week movimenta a cidade - Encontra Moema","isPartOf":{"@id":"https:\/\/www.encontramoema.com.br\/sobre\/#website"},"datePublished":"2012-01-20T18:20:09+00:00","dateModified":"2019-04-12T21:04:29+00:00","author":{"@id":"https:\/\/www.encontramoema.com.br\/sobre\/#\/schema\/person\/3c3656d12b82130d77eba13c4ef23efa"},"breadcrumb":{"@id":"https:\/\/www.encontramoema.com.br\/sobre\/realizada-na-bienal-do-ibirapuera-sao-paulo-fashion-week-movimenta-a-cidade\/#breadcrumb"},"inLanguage":"pt-BR","potentialAction":[{"@type":"ReadAction","target":["https:\/\/www.encontramoema.com.br\/sobre\/realizada-na-bienal-do-ibirapuera-sao-paulo-fashion-week-movimenta-a-cidade\/"]}]},{"@type":"BreadcrumbList","@id":"https:\/\/www.encontramoema.com.br\/sobre\/realizada-na-bienal-do-ibirapuera-sao-paulo-fashion-week-movimenta-a-cidade\/#breadcrumb","itemListElement":[{"@type":"ListItem","position":1,"name":"In\u00edcio","item":"https:\/\/www.encontramoema.com.br\/sobre\/"},{"@type":"ListItem","position":2,"name":"Realizada na Bienal do Ibirapuera, S\u00e3o Paulo Fashion Week movimenta a cidade"}]},{"@type":"WebSite","@id":"https:\/\/www.encontramoema.com.br\/sobre\/#website","url":"https:\/\/www.encontramoema.com.br\/sobre\/","name":"Encontra Moema","description":"Not\u00edcias, eventos, informa\u00e7\u00f5es e dicas no bairro de Moema e regi\u00e3o.","potentialAction":[{"@type":"SearchAction","target":{"@type":"EntryPoint","urlTemplate":"https:\/\/www.encontramoema.com.br\/sobre\/?s={search_term_string}"},"query-input":{"@type":"PropertyValueSpecification","valueRequired":true,"valueName":"search_term_string"}}],"inLanguage":"pt-BR"},{"@type":"Person","@id":"https:\/\/www.encontramoema.com.br\/sobre\/#\/schema\/person\/3c3656d12b82130d77eba13c4ef23efa","name":"Encontra Moema","image":{"@type":"ImageObject","inLanguage":"pt-BR","@id":"https:\/\/www.encontramoema.com.br\/sobre\/#\/schema\/person\/image\/","url":"https:\/\/secure.gravatar.com\/avatar\/0fbed662e37531ae23e68f85f9517b2454e50c1dfebf80eb9b721449ac95e0b9?s=96&d=mm&r=g","contentUrl":"https:\/\/secure.gravatar.com\/avatar\/0fbed662e37531ae23e68f85f9517b2454e50c1dfebf80eb9b721449ac95e0b9?s=96&d=mm&r=g","caption":"Encontra Moema"},"url":"https:\/\/www.encontramoema.com.br\/sobre\/author\/emoema\/"}]}},"_links":{"self":[{"href":"https:\/\/www.encontramoema.com.br\/sobre\/wp-json\/wp\/v2\/posts\/4806","targetHints":{"allow":["GET"]}}],"collection":[{"href":"https:\/\/www.encontramoema.com.br\/sobre\/wp-json\/wp\/v2\/posts"}],"about":[{"href":"https:\/\/www.encontramoema.com.br\/sobre\/wp-json\/wp\/v2\/types\/post"}],"author":[{"embeddable":true,"href":"https:\/\/www.encontramoema.com.br\/sobre\/wp-json\/wp\/v2\/users\/1"}],"replies":[{"embeddable":true,"href":"https:\/\/www.encontramoema.com.br\/sobre\/wp-json\/wp\/v2\/comments?post=4806"}],"version-history":[{"count":0,"href":"https:\/\/www.encontramoema.com.br\/sobre\/wp-json\/wp\/v2\/posts\/4806\/revisions"}],"wp:attachment":[{"href":"https:\/\/www.encontramoema.com.br\/sobre\/wp-json\/wp\/v2\/media?parent=4806"}],"wp:term":[{"taxonomy":"category","embeddable":true,"href":"https:\/\/www.encontramoema.com.br\/sobre\/wp-json\/wp\/v2\/categories?post=4806"},{"taxonomy":"post_tag","embeddable":true,"href":"https:\/\/www.encontramoema.com.br\/sobre\/wp-json\/wp\/v2\/tags?post=4806"}],"curies":[{"name":"wp","href":"https:\/\/api.w.org\/{rel}","templated":true}]}}