{"id":5081,"date":"2012-01-27T16:00:20","date_gmt":"2012-01-27T18:00:20","guid":{"rendered":"http:\/\/www.encontramoema.com.br\/blog\/?p=5081"},"modified":"2019-04-12T19:04:28","modified_gmt":"2019-04-12T21:04:28","slug":"zeca-baleiro-e-orquestra-a-base-de-corda-de-curitiba-se-apresentam-no-auditorio-ibirapuera","status":"publish","type":"post","link":"https:\/\/www.encontramoema.com.br\/sobre\/zeca-baleiro-e-orquestra-a-base-de-corda-de-curitiba-se-apresentam-no-auditorio-ibirapuera\/","title":{"rendered":"Zeca Baleiro e Orquestra \u00e0 Base de Corda de Curitiba se apresentam no Audit\u00f3rio Ibirapuera"},"content":{"rendered":"<div class=\"b7f545a958fd6350ffae2d30a84cafb8\" data-index=\"1\" style=\"float: none; margin:0px;\">\n<!-- Anuncio display - global -->\r\n<ins class=\"adsbygoogle\"\r\n     style=\"display:block\"\r\n     data-ad-client=\"ca-pub-8585364105181520\"\r\n     data-ad-slot=\"8789329856\"\r\n     data-ad-format=\"auto\"\r\n     data-full-width-responsive=\"true\"><\/ins>\r\n<script>\r\n     (adsbygoogle = window.adsbygoogle || []).push({});\r\n<\/script>\n<\/div>\n<p>\u00c0s v\u00e9speras de lan\u00e7ar seu novo disco de in\u00e9ditas, Zeca Baleiro apresenta espet\u00e1culo especial ao lado da Orquestra \u00e0 Base de Corda de Curitiba, no <a href=\"http:\/\/www.encontramoema.com.br\/moema\/auditorio-ibirapuera.shtml\" target=\"_blank\">Audit\u00f3rio Ibirapuera<\/a>. Em janeiro de 2011, Baleiro se apresentou no Teatro Gua\u00edra como convidado especial da Orquestra, e agora, um ano depois, ele retribui o convite e \u00e9 o anfitri\u00e3o em S\u00e3o Paulo.<\/p>\n<p>A id\u00e9ia deste show in\u00e9dito surgiu ap\u00f3s um encontro casual entre Zeca e o maestro Jo\u00e3o Egashira. O que poderia ter ficado apenas num bate-papo informal, acabou se concretizando num show durante a 29\u00aa Oficina de M\u00fasica de Curitiba, com o Teatro Gua\u00edra lotado.<\/p>\n<p>Para o repert\u00f3rio do show no Audit\u00f3rio Ibirapuera, seguindo o que foi apresentado em Curitiba, Baleiro e o maestro Jo\u00e3o Egashira escolheram can\u00e7\u00f5es do \u201cLado B\u201d da carreira do compositor, mescladas com alguns de seus principais sucessos. J\u00e1 est\u00e3o definidas: \u201cCigarro\u201d (ZB), \u201cDindinha\u201d (ZB), \u201cQuase Nada (ZB\/Alice Ruiz) e \u201cLexotan\u201d (ZB\/Andr\u00e9 Abujamra).<\/p>\n<p><strong>Servi\u00e7o:<\/strong><\/p>\n<p><strong>Zeca Baleiro e Orquestra \u00e0 Base de Corda de Curitiba<\/strong><\/p>\n<p>Data: 27 e 28 de janeiro de 2012<br \/>\nHor\u00e1rio: Sexta e S\u00e1bado, 21h<br \/>\nLocal:\u00a0Audit\u00f3rio Ibirapuera\u00a0\u2013\u00a0<a href=\"http:\/\/www.encontramoema.com.br\/moema\/parque-do-ibirapuera.shtml\" target=\"_blank\">Parque do Ibirapuera\u00a0<\/a><br \/>\nEndere\u00e7o: Rua Pedro \u00c1lvares Cabral, s\/ n\u00ba, Moema<br \/>\nIngressos: R$ 20 e R$ 10 (meia-entrada)<br \/>\nTel.: (11) 3629-1075<\/p>\n<p><em>Fonte: Audit\u00f3rio Ibirapuera<\/em><\/p>\n<p><strong><br \/>\n<\/strong><\/p>\n\n<div style=\"font-size: 0px; height: 0px; line-height: 0px; margin: 0; padding: 0; clear: both;\"><\/div>","protected":false},"excerpt":{"rendered":"<p>\u00c0s v\u00e9speras de lan\u00e7ar seu novo disco de in\u00e9ditas, Zeca Baleiro apresenta espet\u00e1culo especial ao lado da Orquestra \u00e0 Base de Corda de Curitiba, no Audit\u00f3rio Ibirapuera. Em janeiro de 2011, Baleiro se apresentou no Teatro Gua\u00edra como convidado especial da Orquestra, e agora, um ano depois, ele retribui o convite e \u00e9 o anfitri\u00e3o em S\u00e3o Paulo. A id\u00e9ia deste show in\u00e9dito surgiu ap\u00f3s um encontro casual entre Zeca e o maestro Jo\u00e3o Egashira. O que poderia ter ficado apenas num bate-papo informal, acabou se concretizando num show durante a 29\u00aa Oficina de M\u00fasica de Curitiba, com o Teatro <\/p>\n","protected":false},"author":1,"featured_media":0,"comment_status":"open","ping_status":"closed","sticky":false,"template":"","format":"standard","meta":{"footnotes":""},"categories":[10],"tags":[7],"class_list":["post-5081","post","type-post","status-publish","format-standard","hentry","category-shows-em-moema","tag-moema"],"yoast_head":"<!-- This site is optimized with the Yoast SEO plugin v26.3 - https:\/\/yoast.com\/wordpress\/plugins\/seo\/ -->\n<title>Zeca Baleiro e Orquestra \u00e0 Base de Corda de Curitiba se apresentam no Audit\u00f3rio Ibirapuera - Encontra Moema<\/title>\n<meta name=\"robots\" content=\"index, follow, max-snippet:-1, max-image-preview:large, max-video-preview:-1\" \/>\n<link rel=\"canonical\" href=\"https:\/\/www.encontramoema.com.br\/sobre\/zeca-baleiro-e-orquestra-a-base-de-corda-de-curitiba-se-apresentam-no-auditorio-ibirapuera\/\" \/>\n<meta property=\"og:locale\" content=\"pt_BR\" \/>\n<meta property=\"og:type\" content=\"article\" \/>\n<meta property=\"og:title\" content=\"Zeca Baleiro e Orquestra \u00e0 Base de Corda de Curitiba se apresentam no Audit\u00f3rio Ibirapuera - Encontra Moema\" \/>\n<meta property=\"og:description\" content=\"\u00c0s v\u00e9speras de lan\u00e7ar seu novo disco de in\u00e9ditas, Zeca Baleiro apresenta espet\u00e1culo especial ao lado da Orquestra \u00e0 Base de Corda de Curitiba, no Audit\u00f3rio Ibirapuera. Em janeiro de 2011, Baleiro se apresentou no Teatro Gua\u00edra como convidado especial da Orquestra, e agora, um ano depois, ele retribui o convite e \u00e9 o anfitri\u00e3o em S\u00e3o Paulo. A id\u00e9ia deste show in\u00e9dito surgiu ap\u00f3s um encontro casual entre Zeca e o maestro Jo\u00e3o Egashira. O que poderia ter ficado apenas num bate-papo informal, acabou se concretizando num show durante a 29\u00aa Oficina de M\u00fasica de Curitiba, com o Teatro\" \/>\n<meta property=\"og:url\" content=\"https:\/\/www.encontramoema.com.br\/sobre\/zeca-baleiro-e-orquestra-a-base-de-corda-de-curitiba-se-apresentam-no-auditorio-ibirapuera\/\" \/>\n<meta property=\"og:site_name\" content=\"Encontra Moema\" \/>\n<meta property=\"article:published_time\" content=\"2012-01-27T18:00:20+00:00\" \/>\n<meta property=\"article:modified_time\" content=\"2019-04-12T21:04:28+00:00\" \/>\n<meta name=\"author\" content=\"Encontra Moema\" \/>\n<meta name=\"twitter:card\" content=\"summary_large_image\" \/>\n<meta name=\"twitter:label1\" content=\"Escrito por\" \/>\n\t<meta name=\"twitter:data1\" content=\"Encontra Moema\" \/>\n\t<meta name=\"twitter:label2\" content=\"Est. tempo de leitura\" \/>\n\t<meta name=\"twitter:data2\" content=\"1 minuto\" \/>\n<script type=\"application\/ld+json\" class=\"yoast-schema-graph\">{\"@context\":\"https:\/\/schema.org\",\"@graph\":[{\"@type\":\"WebPage\",\"@id\":\"https:\/\/www.encontramoema.com.br\/sobre\/zeca-baleiro-e-orquestra-a-base-de-corda-de-curitiba-se-apresentam-no-auditorio-ibirapuera\/\",\"url\":\"https:\/\/www.encontramoema.com.br\/sobre\/zeca-baleiro-e-orquestra-a-base-de-corda-de-curitiba-se-apresentam-no-auditorio-ibirapuera\/\",\"name\":\"Zeca Baleiro e Orquestra \u00e0 Base de Corda de Curitiba se apresentam no Audit\u00f3rio Ibirapuera - Encontra Moema\",\"isPartOf\":{\"@id\":\"https:\/\/www.encontramoema.com.br\/sobre\/#website\"},\"datePublished\":\"2012-01-27T18:00:20+00:00\",\"dateModified\":\"2019-04-12T21:04:28+00:00\",\"author\":{\"@id\":\"https:\/\/www.encontramoema.com.br\/sobre\/#\/schema\/person\/3c3656d12b82130d77eba13c4ef23efa\"},\"breadcrumb\":{\"@id\":\"https:\/\/www.encontramoema.com.br\/sobre\/zeca-baleiro-e-orquestra-a-base-de-corda-de-curitiba-se-apresentam-no-auditorio-ibirapuera\/#breadcrumb\"},\"inLanguage\":\"pt-BR\",\"potentialAction\":[{\"@type\":\"ReadAction\",\"target\":[\"https:\/\/www.encontramoema.com.br\/sobre\/zeca-baleiro-e-orquestra-a-base-de-corda-de-curitiba-se-apresentam-no-auditorio-ibirapuera\/\"]}]},{\"@type\":\"BreadcrumbList\",\"@id\":\"https:\/\/www.encontramoema.com.br\/sobre\/zeca-baleiro-e-orquestra-a-base-de-corda-de-curitiba-se-apresentam-no-auditorio-ibirapuera\/#breadcrumb\",\"itemListElement\":[{\"@type\":\"ListItem\",\"position\":1,\"name\":\"In\u00edcio\",\"item\":\"https:\/\/www.encontramoema.com.br\/sobre\/\"},{\"@type\":\"ListItem\",\"position\":2,\"name\":\"Zeca Baleiro e Orquestra \u00e0 Base de Corda de Curitiba se apresentam no Audit\u00f3rio Ibirapuera\"}]},{\"@type\":\"WebSite\",\"@id\":\"https:\/\/www.encontramoema.com.br\/sobre\/#website\",\"url\":\"https:\/\/www.encontramoema.com.br\/sobre\/\",\"name\":\"Encontra Moema\",\"description\":\"Not\u00edcias, eventos, informa\u00e7\u00f5es e dicas no bairro de Moema e regi\u00e3o.\",\"potentialAction\":[{\"@type\":\"SearchAction\",\"target\":{\"@type\":\"EntryPoint\",\"urlTemplate\":\"https:\/\/www.encontramoema.com.br\/sobre\/?s={search_term_string}\"},\"query-input\":{\"@type\":\"PropertyValueSpecification\",\"valueRequired\":true,\"valueName\":\"search_term_string\"}}],\"inLanguage\":\"pt-BR\"},{\"@type\":\"Person\",\"@id\":\"https:\/\/www.encontramoema.com.br\/sobre\/#\/schema\/person\/3c3656d12b82130d77eba13c4ef23efa\",\"name\":\"Encontra Moema\",\"image\":{\"@type\":\"ImageObject\",\"inLanguage\":\"pt-BR\",\"@id\":\"https:\/\/www.encontramoema.com.br\/sobre\/#\/schema\/person\/image\/\",\"url\":\"https:\/\/secure.gravatar.com\/avatar\/0fbed662e37531ae23e68f85f9517b2454e50c1dfebf80eb9b721449ac95e0b9?s=96&d=mm&r=g\",\"contentUrl\":\"https:\/\/secure.gravatar.com\/avatar\/0fbed662e37531ae23e68f85f9517b2454e50c1dfebf80eb9b721449ac95e0b9?s=96&d=mm&r=g\",\"caption\":\"Encontra Moema\"},\"url\":\"https:\/\/www.encontramoema.com.br\/sobre\/author\/emoema\/\"}]}<\/script>\n<!-- \/ Yoast SEO plugin. -->","yoast_head_json":{"title":"Zeca Baleiro e Orquestra \u00e0 Base de Corda de Curitiba se apresentam no Audit\u00f3rio Ibirapuera - Encontra Moema","robots":{"index":"index","follow":"follow","max-snippet":"max-snippet:-1","max-image-preview":"max-image-preview:large","max-video-preview":"max-video-preview:-1"},"canonical":"https:\/\/www.encontramoema.com.br\/sobre\/zeca-baleiro-e-orquestra-a-base-de-corda-de-curitiba-se-apresentam-no-auditorio-ibirapuera\/","og_locale":"pt_BR","og_type":"article","og_title":"Zeca Baleiro e Orquestra \u00e0 Base de Corda de Curitiba se apresentam no Audit\u00f3rio Ibirapuera - Encontra Moema","og_description":"\u00c0s v\u00e9speras de lan\u00e7ar seu novo disco de in\u00e9ditas, Zeca Baleiro apresenta espet\u00e1culo especial ao lado da Orquestra \u00e0 Base de Corda de Curitiba, no Audit\u00f3rio Ibirapuera. Em janeiro de 2011, Baleiro se apresentou no Teatro Gua\u00edra como convidado especial da Orquestra, e agora, um ano depois, ele retribui o convite e \u00e9 o anfitri\u00e3o em S\u00e3o Paulo. A id\u00e9ia deste show in\u00e9dito surgiu ap\u00f3s um encontro casual entre Zeca e o maestro Jo\u00e3o Egashira. O que poderia ter ficado apenas num bate-papo informal, acabou se concretizando num show durante a 29\u00aa Oficina de M\u00fasica de Curitiba, com o Teatro","og_url":"https:\/\/www.encontramoema.com.br\/sobre\/zeca-baleiro-e-orquestra-a-base-de-corda-de-curitiba-se-apresentam-no-auditorio-ibirapuera\/","og_site_name":"Encontra Moema","article_published_time":"2012-01-27T18:00:20+00:00","article_modified_time":"2019-04-12T21:04:28+00:00","author":"Encontra Moema","twitter_card":"summary_large_image","twitter_misc":{"Escrito por":"Encontra Moema","Est. tempo de leitura":"1 minuto"},"schema":{"@context":"https:\/\/schema.org","@graph":[{"@type":"WebPage","@id":"https:\/\/www.encontramoema.com.br\/sobre\/zeca-baleiro-e-orquestra-a-base-de-corda-de-curitiba-se-apresentam-no-auditorio-ibirapuera\/","url":"https:\/\/www.encontramoema.com.br\/sobre\/zeca-baleiro-e-orquestra-a-base-de-corda-de-curitiba-se-apresentam-no-auditorio-ibirapuera\/","name":"Zeca Baleiro e Orquestra \u00e0 Base de Corda de Curitiba se apresentam no Audit\u00f3rio Ibirapuera - Encontra Moema","isPartOf":{"@id":"https:\/\/www.encontramoema.com.br\/sobre\/#website"},"datePublished":"2012-01-27T18:00:20+00:00","dateModified":"2019-04-12T21:04:28+00:00","author":{"@id":"https:\/\/www.encontramoema.com.br\/sobre\/#\/schema\/person\/3c3656d12b82130d77eba13c4ef23efa"},"breadcrumb":{"@id":"https:\/\/www.encontramoema.com.br\/sobre\/zeca-baleiro-e-orquestra-a-base-de-corda-de-curitiba-se-apresentam-no-auditorio-ibirapuera\/#breadcrumb"},"inLanguage":"pt-BR","potentialAction":[{"@type":"ReadAction","target":["https:\/\/www.encontramoema.com.br\/sobre\/zeca-baleiro-e-orquestra-a-base-de-corda-de-curitiba-se-apresentam-no-auditorio-ibirapuera\/"]}]},{"@type":"BreadcrumbList","@id":"https:\/\/www.encontramoema.com.br\/sobre\/zeca-baleiro-e-orquestra-a-base-de-corda-de-curitiba-se-apresentam-no-auditorio-ibirapuera\/#breadcrumb","itemListElement":[{"@type":"ListItem","position":1,"name":"In\u00edcio","item":"https:\/\/www.encontramoema.com.br\/sobre\/"},{"@type":"ListItem","position":2,"name":"Zeca Baleiro e Orquestra \u00e0 Base de Corda de Curitiba se apresentam no Audit\u00f3rio Ibirapuera"}]},{"@type":"WebSite","@id":"https:\/\/www.encontramoema.com.br\/sobre\/#website","url":"https:\/\/www.encontramoema.com.br\/sobre\/","name":"Encontra Moema","description":"Not\u00edcias, eventos, informa\u00e7\u00f5es e dicas no bairro de Moema e regi\u00e3o.","potentialAction":[{"@type":"SearchAction","target":{"@type":"EntryPoint","urlTemplate":"https:\/\/www.encontramoema.com.br\/sobre\/?s={search_term_string}"},"query-input":{"@type":"PropertyValueSpecification","valueRequired":true,"valueName":"search_term_string"}}],"inLanguage":"pt-BR"},{"@type":"Person","@id":"https:\/\/www.encontramoema.com.br\/sobre\/#\/schema\/person\/3c3656d12b82130d77eba13c4ef23efa","name":"Encontra Moema","image":{"@type":"ImageObject","inLanguage":"pt-BR","@id":"https:\/\/www.encontramoema.com.br\/sobre\/#\/schema\/person\/image\/","url":"https:\/\/secure.gravatar.com\/avatar\/0fbed662e37531ae23e68f85f9517b2454e50c1dfebf80eb9b721449ac95e0b9?s=96&d=mm&r=g","contentUrl":"https:\/\/secure.gravatar.com\/avatar\/0fbed662e37531ae23e68f85f9517b2454e50c1dfebf80eb9b721449ac95e0b9?s=96&d=mm&r=g","caption":"Encontra Moema"},"url":"https:\/\/www.encontramoema.com.br\/sobre\/author\/emoema\/"}]}},"_links":{"self":[{"href":"https:\/\/www.encontramoema.com.br\/sobre\/wp-json\/wp\/v2\/posts\/5081","targetHints":{"allow":["GET"]}}],"collection":[{"href":"https:\/\/www.encontramoema.com.br\/sobre\/wp-json\/wp\/v2\/posts"}],"about":[{"href":"https:\/\/www.encontramoema.com.br\/sobre\/wp-json\/wp\/v2\/types\/post"}],"author":[{"embeddable":true,"href":"https:\/\/www.encontramoema.com.br\/sobre\/wp-json\/wp\/v2\/users\/1"}],"replies":[{"embeddable":true,"href":"https:\/\/www.encontramoema.com.br\/sobre\/wp-json\/wp\/v2\/comments?post=5081"}],"version-history":[{"count":0,"href":"https:\/\/www.encontramoema.com.br\/sobre\/wp-json\/wp\/v2\/posts\/5081\/revisions"}],"wp:attachment":[{"href":"https:\/\/www.encontramoema.com.br\/sobre\/wp-json\/wp\/v2\/media?parent=5081"}],"wp:term":[{"taxonomy":"category","embeddable":true,"href":"https:\/\/www.encontramoema.com.br\/sobre\/wp-json\/wp\/v2\/categories?post=5081"},{"taxonomy":"post_tag","embeddable":true,"href":"https:\/\/www.encontramoema.com.br\/sobre\/wp-json\/wp\/v2\/tags?post=5081"}],"curies":[{"name":"wp","href":"https:\/\/api.w.org\/{rel}","templated":true}]}}