{"id":5180,"date":"2012-01-30T16:49:37","date_gmt":"2012-01-30T18:49:37","guid":{"rendered":"http:\/\/www.encontramoema.com.br\/blog\/?p=5180"},"modified":"2019-04-12T19:04:28","modified_gmt":"2019-04-12T21:04:28","slug":"secretario-e-hostilizado-apos-inauguracao-de-museu-em-moema","status":"publish","type":"post","link":"https:\/\/www.encontramoema.com.br\/sobre\/secretario-e-hostilizado-apos-inauguracao-de-museu-em-moema\/","title":{"rendered":"Secret\u00e1rio \u00e9 hostilizado ap\u00f3s inaugura\u00e7\u00e3o de museu em Moema"},"content":{"rendered":"<div class=\"b7f545a958fd6350ffae2d30a84cafb8\" data-index=\"1\" style=\"float: none; margin:0px;\">\n<!-- Anuncio display - global -->\r\n<ins class=\"adsbygoogle\"\r\n     style=\"display:block\"\r\n     data-ad-client=\"ca-pub-8585364105181520\"\r\n     data-ad-slot=\"8789329856\"\r\n     data-ad-format=\"auto\"\r\n     data-full-width-responsive=\"true\"><\/ins>\r\n<script>\r\n     (adsbygoogle = window.adsbygoogle || []).push({});\r\n<\/script>\n<\/div>\n<p>Sem a presen\u00e7a do governador Geraldo Alckmin (PSDB), a inaugura\u00e7\u00e3o da nova sede do Museu de Arte Contempor\u00e2nea da USP (MAC), na manh\u00e3 de s\u00e1bado, teria sido tranquila, n\u00e3o fosse a confus\u00e3o entre o secret\u00e1rio de Estado da Cultura e pr\u00e9-candidato tucano \u00e0 Prefeitura de S\u00e3o Paulo, Andrea Matarazzo, e cerca de 20 jovens contr\u00e1rios \u00e0 reintegra\u00e7\u00e3o de posse na comunidade do Pinheirinho, em S\u00e3o Jos\u00e9 dos Campos. O bate-boca come\u00e7ou no fim da cerim\u00f4nia.<\/p>\n<p>Cercado na sa\u00edda, j\u00e1 perto do carro oficial, Matarazzo discutiu com os manifestantes e disse ter levado uma cusparada de uma mulher na cara, enquanto era ofendido e chamado de fascista. Ele reagiu e p\u00f4s o dedo no rosto da jovem. Matarazzo ainda foi atingido por uma ma\u00e7\u00e3 arremessada pelos jovens. Ao contr\u00e1rio do que ocorreu no confronto com o prefeito Gilberto Kassab (PSD) &#8211; que marcou o anivers\u00e1rio da cidade, na Pra\u00e7a da S\u00e9 -, dessa vez os manifestantes n\u00e3o empunhavam bandeiras de movimentos sociais nem de partidos pol\u00edticos. Mas, \u00e0 semelhan\u00e7a do que ocorreu com a equipe de Kassab, funcion\u00e1rios da pasta de Matarazzo receberam uma chuva de ovos enquanto tentavam proteg\u00ea-lo.<\/p>\n<p>O secret\u00e1rio come\u00e7ou a ser hostilizado ainda dentro do MAC, enquanto inaugurava, satisfeito por ter rela\u00e7\u00e3o familiar com o museu, o novo endere\u00e7o da institui\u00e7\u00e3o. Ele chegou a ficar nervoso com a presen\u00e7a dos jovens l\u00e1 dentro. &#8220;Foi um ato despropositado. As pessoas t\u00eam direito de se manifestar. Mas constranger, cuspir, jogar ma\u00e7\u00e3, n\u00e3o&#8221;, disse Matarazzo ao Estado. &#8220;Acham que cuspindo na cara e jogando ma\u00e7\u00e3 v\u00e3o tirar o meu direito de ir e vir? Podem fazer manifesta\u00e7\u00e3o \u00e0 vontade.&#8221;<\/p>\n<p>A inaugura\u00e7\u00e3o do novo MAC ocorreu ap\u00f3s uma s\u00e9rie de adiamentos na reforma de R$ 76 milh\u00f5es do antigo pr\u00e9dio do Detran, no Ibirapuera, zona sul de SP, que agora passa a abrigar o museu. E a festa de entrega da obra n\u00e3o o teve o tamanho planejado. Apenas um dos sete andares do pr\u00e9dio estava aberto \u00e0 visita\u00e7\u00e3o. N\u00e3o houve discursos oficiais.<\/p>\n<p><em>Fonte: G1<\/em><\/p>\n\n<div style=\"font-size: 0px; height: 0px; line-height: 0px; margin: 0; padding: 0; clear: both;\"><\/div>","protected":false},"excerpt":{"rendered":"<p>Sem a presen\u00e7a do governador Geraldo Alckmin (PSDB), a inaugura\u00e7\u00e3o da nova sede do Museu de Arte Contempor\u00e2nea da USP (MAC), na manh\u00e3 de s\u00e1bado, teria sido tranquila, n\u00e3o fosse a confus\u00e3o entre o secret\u00e1rio de Estado da Cultura e pr\u00e9-candidato tucano \u00e0 Prefeitura de S\u00e3o Paulo, Andrea Matarazzo, e cerca de 20 jovens contr\u00e1rios \u00e0 reintegra\u00e7\u00e3o de posse na comunidade do Pinheirinho, em S\u00e3o Jos\u00e9 dos Campos. O bate-boca come\u00e7ou no fim da cerim\u00f4nia. Cercado na sa\u00edda, j\u00e1 perto do carro oficial, Matarazzo discutiu com os manifestantes e disse ter levado uma cusparada de uma mulher na cara, enquanto <\/p>\n","protected":false},"author":1,"featured_media":0,"comment_status":"open","ping_status":"closed","sticky":false,"template":"","format":"standard","meta":{"footnotes":""},"categories":[1],"tags":[7],"class_list":["post-5180","post","type-post","status-publish","format-standard","hentry","category-noticias-em-moema","tag-moema"],"yoast_head":"<!-- This site is optimized with the Yoast SEO plugin v26.3 - https:\/\/yoast.com\/wordpress\/plugins\/seo\/ -->\n<title>Secret\u00e1rio \u00e9 hostilizado ap\u00f3s inaugura\u00e7\u00e3o de museu em Moema - Encontra Moema<\/title>\n<meta name=\"robots\" content=\"index, follow, max-snippet:-1, max-image-preview:large, max-video-preview:-1\" \/>\n<link rel=\"canonical\" href=\"https:\/\/www.encontramoema.com.br\/sobre\/secretario-e-hostilizado-apos-inauguracao-de-museu-em-moema\/\" \/>\n<meta property=\"og:locale\" content=\"pt_BR\" \/>\n<meta property=\"og:type\" content=\"article\" \/>\n<meta property=\"og:title\" content=\"Secret\u00e1rio \u00e9 hostilizado ap\u00f3s inaugura\u00e7\u00e3o de museu em Moema - Encontra Moema\" \/>\n<meta property=\"og:description\" content=\"Sem a presen\u00e7a do governador Geraldo Alckmin (PSDB), a inaugura\u00e7\u00e3o da nova sede do Museu de Arte Contempor\u00e2nea da USP (MAC), na manh\u00e3 de s\u00e1bado, teria sido tranquila, n\u00e3o fosse a confus\u00e3o entre o secret\u00e1rio de Estado da Cultura e pr\u00e9-candidato tucano \u00e0 Prefeitura de S\u00e3o Paulo, Andrea Matarazzo, e cerca de 20 jovens contr\u00e1rios \u00e0 reintegra\u00e7\u00e3o de posse na comunidade do Pinheirinho, em S\u00e3o Jos\u00e9 dos Campos. O bate-boca come\u00e7ou no fim da cerim\u00f4nia. Cercado na sa\u00edda, j\u00e1 perto do carro oficial, Matarazzo discutiu com os manifestantes e disse ter levado uma cusparada de uma mulher na cara, enquanto\" \/>\n<meta property=\"og:url\" content=\"https:\/\/www.encontramoema.com.br\/sobre\/secretario-e-hostilizado-apos-inauguracao-de-museu-em-moema\/\" \/>\n<meta property=\"og:site_name\" content=\"Encontra Moema\" \/>\n<meta property=\"article:published_time\" content=\"2012-01-30T18:49:37+00:00\" \/>\n<meta property=\"article:modified_time\" content=\"2019-04-12T21:04:28+00:00\" \/>\n<meta name=\"author\" content=\"Encontra Moema\" \/>\n<meta name=\"twitter:card\" content=\"summary_large_image\" \/>\n<meta name=\"twitter:label1\" content=\"Escrito por\" \/>\n\t<meta name=\"twitter:data1\" content=\"Encontra Moema\" \/>\n\t<meta name=\"twitter:label2\" content=\"Est. tempo de leitura\" \/>\n\t<meta name=\"twitter:data2\" content=\"2 minutos\" \/>\n<script type=\"application\/ld+json\" class=\"yoast-schema-graph\">{\"@context\":\"https:\/\/schema.org\",\"@graph\":[{\"@type\":\"WebPage\",\"@id\":\"https:\/\/www.encontramoema.com.br\/sobre\/secretario-e-hostilizado-apos-inauguracao-de-museu-em-moema\/\",\"url\":\"https:\/\/www.encontramoema.com.br\/sobre\/secretario-e-hostilizado-apos-inauguracao-de-museu-em-moema\/\",\"name\":\"Secret\u00e1rio \u00e9 hostilizado ap\u00f3s inaugura\u00e7\u00e3o de museu em Moema - Encontra Moema\",\"isPartOf\":{\"@id\":\"https:\/\/www.encontramoema.com.br\/sobre\/#website\"},\"datePublished\":\"2012-01-30T18:49:37+00:00\",\"dateModified\":\"2019-04-12T21:04:28+00:00\",\"author\":{\"@id\":\"https:\/\/www.encontramoema.com.br\/sobre\/#\/schema\/person\/3c3656d12b82130d77eba13c4ef23efa\"},\"breadcrumb\":{\"@id\":\"https:\/\/www.encontramoema.com.br\/sobre\/secretario-e-hostilizado-apos-inauguracao-de-museu-em-moema\/#breadcrumb\"},\"inLanguage\":\"pt-BR\",\"potentialAction\":[{\"@type\":\"ReadAction\",\"target\":[\"https:\/\/www.encontramoema.com.br\/sobre\/secretario-e-hostilizado-apos-inauguracao-de-museu-em-moema\/\"]}]},{\"@type\":\"BreadcrumbList\",\"@id\":\"https:\/\/www.encontramoema.com.br\/sobre\/secretario-e-hostilizado-apos-inauguracao-de-museu-em-moema\/#breadcrumb\",\"itemListElement\":[{\"@type\":\"ListItem\",\"position\":1,\"name\":\"In\u00edcio\",\"item\":\"https:\/\/www.encontramoema.com.br\/sobre\/\"},{\"@type\":\"ListItem\",\"position\":2,\"name\":\"Secret\u00e1rio \u00e9 hostilizado ap\u00f3s inaugura\u00e7\u00e3o de museu em Moema\"}]},{\"@type\":\"WebSite\",\"@id\":\"https:\/\/www.encontramoema.com.br\/sobre\/#website\",\"url\":\"https:\/\/www.encontramoema.com.br\/sobre\/\",\"name\":\"Encontra Moema\",\"description\":\"Not\u00edcias, eventos, informa\u00e7\u00f5es e dicas no bairro de Moema e regi\u00e3o.\",\"potentialAction\":[{\"@type\":\"SearchAction\",\"target\":{\"@type\":\"EntryPoint\",\"urlTemplate\":\"https:\/\/www.encontramoema.com.br\/sobre\/?s={search_term_string}\"},\"query-input\":{\"@type\":\"PropertyValueSpecification\",\"valueRequired\":true,\"valueName\":\"search_term_string\"}}],\"inLanguage\":\"pt-BR\"},{\"@type\":\"Person\",\"@id\":\"https:\/\/www.encontramoema.com.br\/sobre\/#\/schema\/person\/3c3656d12b82130d77eba13c4ef23efa\",\"name\":\"Encontra Moema\",\"image\":{\"@type\":\"ImageObject\",\"inLanguage\":\"pt-BR\",\"@id\":\"https:\/\/www.encontramoema.com.br\/sobre\/#\/schema\/person\/image\/\",\"url\":\"https:\/\/secure.gravatar.com\/avatar\/0fbed662e37531ae23e68f85f9517b2454e50c1dfebf80eb9b721449ac95e0b9?s=96&d=mm&r=g\",\"contentUrl\":\"https:\/\/secure.gravatar.com\/avatar\/0fbed662e37531ae23e68f85f9517b2454e50c1dfebf80eb9b721449ac95e0b9?s=96&d=mm&r=g\",\"caption\":\"Encontra Moema\"},\"url\":\"https:\/\/www.encontramoema.com.br\/sobre\/author\/emoema\/\"}]}<\/script>\n<!-- \/ Yoast SEO plugin. -->","yoast_head_json":{"title":"Secret\u00e1rio \u00e9 hostilizado ap\u00f3s inaugura\u00e7\u00e3o de museu em Moema - Encontra Moema","robots":{"index":"index","follow":"follow","max-snippet":"max-snippet:-1","max-image-preview":"max-image-preview:large","max-video-preview":"max-video-preview:-1"},"canonical":"https:\/\/www.encontramoema.com.br\/sobre\/secretario-e-hostilizado-apos-inauguracao-de-museu-em-moema\/","og_locale":"pt_BR","og_type":"article","og_title":"Secret\u00e1rio \u00e9 hostilizado ap\u00f3s inaugura\u00e7\u00e3o de museu em Moema - Encontra Moema","og_description":"Sem a presen\u00e7a do governador Geraldo Alckmin (PSDB), a inaugura\u00e7\u00e3o da nova sede do Museu de Arte Contempor\u00e2nea da USP (MAC), na manh\u00e3 de s\u00e1bado, teria sido tranquila, n\u00e3o fosse a confus\u00e3o entre o secret\u00e1rio de Estado da Cultura e pr\u00e9-candidato tucano \u00e0 Prefeitura de S\u00e3o Paulo, Andrea Matarazzo, e cerca de 20 jovens contr\u00e1rios \u00e0 reintegra\u00e7\u00e3o de posse na comunidade do Pinheirinho, em S\u00e3o Jos\u00e9 dos Campos. O bate-boca come\u00e7ou no fim da cerim\u00f4nia. Cercado na sa\u00edda, j\u00e1 perto do carro oficial, Matarazzo discutiu com os manifestantes e disse ter levado uma cusparada de uma mulher na cara, enquanto","og_url":"https:\/\/www.encontramoema.com.br\/sobre\/secretario-e-hostilizado-apos-inauguracao-de-museu-em-moema\/","og_site_name":"Encontra Moema","article_published_time":"2012-01-30T18:49:37+00:00","article_modified_time":"2019-04-12T21:04:28+00:00","author":"Encontra Moema","twitter_card":"summary_large_image","twitter_misc":{"Escrito por":"Encontra Moema","Est. tempo de leitura":"2 minutos"},"schema":{"@context":"https:\/\/schema.org","@graph":[{"@type":"WebPage","@id":"https:\/\/www.encontramoema.com.br\/sobre\/secretario-e-hostilizado-apos-inauguracao-de-museu-em-moema\/","url":"https:\/\/www.encontramoema.com.br\/sobre\/secretario-e-hostilizado-apos-inauguracao-de-museu-em-moema\/","name":"Secret\u00e1rio \u00e9 hostilizado ap\u00f3s inaugura\u00e7\u00e3o de museu em Moema - Encontra Moema","isPartOf":{"@id":"https:\/\/www.encontramoema.com.br\/sobre\/#website"},"datePublished":"2012-01-30T18:49:37+00:00","dateModified":"2019-04-12T21:04:28+00:00","author":{"@id":"https:\/\/www.encontramoema.com.br\/sobre\/#\/schema\/person\/3c3656d12b82130d77eba13c4ef23efa"},"breadcrumb":{"@id":"https:\/\/www.encontramoema.com.br\/sobre\/secretario-e-hostilizado-apos-inauguracao-de-museu-em-moema\/#breadcrumb"},"inLanguage":"pt-BR","potentialAction":[{"@type":"ReadAction","target":["https:\/\/www.encontramoema.com.br\/sobre\/secretario-e-hostilizado-apos-inauguracao-de-museu-em-moema\/"]}]},{"@type":"BreadcrumbList","@id":"https:\/\/www.encontramoema.com.br\/sobre\/secretario-e-hostilizado-apos-inauguracao-de-museu-em-moema\/#breadcrumb","itemListElement":[{"@type":"ListItem","position":1,"name":"In\u00edcio","item":"https:\/\/www.encontramoema.com.br\/sobre\/"},{"@type":"ListItem","position":2,"name":"Secret\u00e1rio \u00e9 hostilizado ap\u00f3s inaugura\u00e7\u00e3o de museu em Moema"}]},{"@type":"WebSite","@id":"https:\/\/www.encontramoema.com.br\/sobre\/#website","url":"https:\/\/www.encontramoema.com.br\/sobre\/","name":"Encontra Moema","description":"Not\u00edcias, eventos, informa\u00e7\u00f5es e dicas no bairro de Moema e regi\u00e3o.","potentialAction":[{"@type":"SearchAction","target":{"@type":"EntryPoint","urlTemplate":"https:\/\/www.encontramoema.com.br\/sobre\/?s={search_term_string}"},"query-input":{"@type":"PropertyValueSpecification","valueRequired":true,"valueName":"search_term_string"}}],"inLanguage":"pt-BR"},{"@type":"Person","@id":"https:\/\/www.encontramoema.com.br\/sobre\/#\/schema\/person\/3c3656d12b82130d77eba13c4ef23efa","name":"Encontra Moema","image":{"@type":"ImageObject","inLanguage":"pt-BR","@id":"https:\/\/www.encontramoema.com.br\/sobre\/#\/schema\/person\/image\/","url":"https:\/\/secure.gravatar.com\/avatar\/0fbed662e37531ae23e68f85f9517b2454e50c1dfebf80eb9b721449ac95e0b9?s=96&d=mm&r=g","contentUrl":"https:\/\/secure.gravatar.com\/avatar\/0fbed662e37531ae23e68f85f9517b2454e50c1dfebf80eb9b721449ac95e0b9?s=96&d=mm&r=g","caption":"Encontra Moema"},"url":"https:\/\/www.encontramoema.com.br\/sobre\/author\/emoema\/"}]}},"_links":{"self":[{"href":"https:\/\/www.encontramoema.com.br\/sobre\/wp-json\/wp\/v2\/posts\/5180","targetHints":{"allow":["GET"]}}],"collection":[{"href":"https:\/\/www.encontramoema.com.br\/sobre\/wp-json\/wp\/v2\/posts"}],"about":[{"href":"https:\/\/www.encontramoema.com.br\/sobre\/wp-json\/wp\/v2\/types\/post"}],"author":[{"embeddable":true,"href":"https:\/\/www.encontramoema.com.br\/sobre\/wp-json\/wp\/v2\/users\/1"}],"replies":[{"embeddable":true,"href":"https:\/\/www.encontramoema.com.br\/sobre\/wp-json\/wp\/v2\/comments?post=5180"}],"version-history":[{"count":0,"href":"https:\/\/www.encontramoema.com.br\/sobre\/wp-json\/wp\/v2\/posts\/5180\/revisions"}],"wp:attachment":[{"href":"https:\/\/www.encontramoema.com.br\/sobre\/wp-json\/wp\/v2\/media?parent=5180"}],"wp:term":[{"taxonomy":"category","embeddable":true,"href":"https:\/\/www.encontramoema.com.br\/sobre\/wp-json\/wp\/v2\/categories?post=5180"},{"taxonomy":"post_tag","embeddable":true,"href":"https:\/\/www.encontramoema.com.br\/sobre\/wp-json\/wp\/v2\/tags?post=5180"}],"curies":[{"name":"wp","href":"https:\/\/api.w.org\/{rel}","templated":true}]}}