{"id":532,"date":"2010-07-30T18:38:09","date_gmt":"2010-07-30T20:38:09","guid":{"rendered":"http:\/\/www.encontramoema.com.br\/blog\/?p=532"},"modified":"2019-04-12T19:06:25","modified_gmt":"2019-04-12T21:06:25","slug":"ana-carolina-estreia-nova-turne-em-moema","status":"publish","type":"post","link":"https:\/\/www.encontramoema.com.br\/sobre\/ana-carolina-estreia-nova-turne-em-moema\/","title":{"rendered":"Ana Carolina estreia nova turn\u00ea em Moema"},"content":{"rendered":"<div class=\"b7f545a958fd6350ffae2d30a84cafb8\" data-index=\"1\" style=\"float: none; margin:0px;\">\n<!-- Anuncio display - global -->\r\n<ins class=\"adsbygoogle\"\r\n     style=\"display:block\"\r\n     data-ad-client=\"ca-pub-8585364105181520\"\r\n     data-ad-slot=\"8789329856\"\r\n     data-ad-format=\"auto\"\r\n     data-full-width-responsive=\"true\"><\/ins>\r\n<script>\r\n     (adsbygoogle = window.adsbygoogle || []).push({});\r\n<\/script>\n<\/div>\n<p>A mineira estreia uma nova turn\u00ea, \u2018Ensaio de Cores\u2019. Al\u00e9m das m\u00fasicas de seu \u00e1lbum mais recente, \u2018N9ve\u2019, ela apresenta em formato ac\u00fastico sucessos de sua carreira e can\u00e7\u00f5es de outros compositores. Na entrada da casa de shows <a href=\"http:\/\/www.encontramoema.com.br\/moema\/citibank-hall-de-moema.shtml\" target=\"_blank\">Citibank Hall<\/a>, em Moema, haver\u00e1 uma exposi\u00e7\u00e3o com telas pintadas pela cantora.<\/p>\n<p>Ana Carolina se apresenta com uma banda s\u00f3 de mulheres, composta por D\u00e9lia Fischer ao piano, Gretel Paganini no violoncelo e Lanlan na percuss\u00e3o e bateria.<\/p>\n<p>A cantora, que tamb\u00e9m pinta, vai expor pela primeira vez suas telas e vender suas telas para ajudar uma entidade beneficente em favor dos diab\u00e9ticos juvenis como ela.<\/p>\n<p><strong>Ana Carolina<\/strong> &#8211; Av. Jamaris, 213, Moema, 4003-5588. Sexta (30) e s\u00e1b., 22h; dom., 20h; 2\u00aa, 21h30.<\/p>\n<p><em>Fonte: Ag\u00eancia Estado<\/em><\/p>\n\n<div style=\"font-size: 0px; height: 0px; line-height: 0px; margin: 0; padding: 0; clear: both;\"><\/div>","protected":false},"excerpt":{"rendered":"<p>A mineira estreia uma nova turn\u00ea, \u2018Ensaio de Cores\u2019. Al\u00e9m das m\u00fasicas de seu \u00e1lbum mais recente, \u2018N9ve\u2019, ela apresenta em formato ac\u00fastico sucessos de sua carreira e can\u00e7\u00f5es de outros compositores. Na entrada da casa de shows Citibank Hall, em Moema, haver\u00e1 uma exposi\u00e7\u00e3o com telas pintadas pela cantora. Ana Carolina se apresenta com uma banda s\u00f3 de mulheres, composta por D\u00e9lia Fischer ao piano, Gretel Paganini no violoncelo e Lanlan na percuss\u00e3o e bateria. A cantora, que tamb\u00e9m pinta, vai expor pela primeira vez suas telas e vender suas telas para ajudar uma entidade beneficente em favor dos <\/p>\n","protected":false},"author":1,"featured_media":0,"comment_status":"open","ping_status":"closed","sticky":false,"template":"","format":"standard","meta":{"footnotes":""},"categories":[10],"tags":[7],"class_list":["post-532","post","type-post","status-publish","format-standard","hentry","category-shows-em-moema","tag-moema"],"yoast_head":"<!-- This site is optimized with the Yoast SEO plugin v26.3 - https:\/\/yoast.com\/wordpress\/plugins\/seo\/ -->\n<title>Ana Carolina estreia nova turn\u00ea em Moema - Encontra Moema<\/title>\n<meta name=\"robots\" content=\"index, follow, max-snippet:-1, max-image-preview:large, max-video-preview:-1\" \/>\n<link rel=\"canonical\" href=\"https:\/\/www.encontramoema.com.br\/sobre\/ana-carolina-estreia-nova-turne-em-moema\/\" \/>\n<meta property=\"og:locale\" content=\"pt_BR\" \/>\n<meta property=\"og:type\" content=\"article\" \/>\n<meta property=\"og:title\" content=\"Ana Carolina estreia nova turn\u00ea em Moema - Encontra Moema\" \/>\n<meta property=\"og:description\" content=\"A mineira estreia uma nova turn\u00ea, \u2018Ensaio de Cores\u2019. Al\u00e9m das m\u00fasicas de seu \u00e1lbum mais recente, \u2018N9ve\u2019, ela apresenta em formato ac\u00fastico sucessos de sua carreira e can\u00e7\u00f5es de outros compositores. Na entrada da casa de shows Citibank Hall, em Moema, haver\u00e1 uma exposi\u00e7\u00e3o com telas pintadas pela cantora. Ana Carolina se apresenta com uma banda s\u00f3 de mulheres, composta por D\u00e9lia Fischer ao piano, Gretel Paganini no violoncelo e Lanlan na percuss\u00e3o e bateria. A cantora, que tamb\u00e9m pinta, vai expor pela primeira vez suas telas e vender suas telas para ajudar uma entidade beneficente em favor dos\" \/>\n<meta property=\"og:url\" content=\"https:\/\/www.encontramoema.com.br\/sobre\/ana-carolina-estreia-nova-turne-em-moema\/\" \/>\n<meta property=\"og:site_name\" content=\"Encontra Moema\" \/>\n<meta property=\"article:published_time\" content=\"2010-07-30T20:38:09+00:00\" \/>\n<meta property=\"article:modified_time\" content=\"2019-04-12T21:06:25+00:00\" \/>\n<meta name=\"author\" content=\"Encontra Moema\" \/>\n<meta name=\"twitter:card\" content=\"summary_large_image\" \/>\n<meta name=\"twitter:label1\" content=\"Escrito por\" \/>\n\t<meta name=\"twitter:data1\" content=\"Encontra Moema\" \/>\n\t<meta name=\"twitter:label2\" content=\"Est. tempo de leitura\" \/>\n\t<meta name=\"twitter:data2\" content=\"1 minuto\" \/>\n<script type=\"application\/ld+json\" class=\"yoast-schema-graph\">{\"@context\":\"https:\/\/schema.org\",\"@graph\":[{\"@type\":\"WebPage\",\"@id\":\"https:\/\/www.encontramoema.com.br\/sobre\/ana-carolina-estreia-nova-turne-em-moema\/\",\"url\":\"https:\/\/www.encontramoema.com.br\/sobre\/ana-carolina-estreia-nova-turne-em-moema\/\",\"name\":\"Ana Carolina estreia nova turn\u00ea em Moema - Encontra Moema\",\"isPartOf\":{\"@id\":\"https:\/\/www.encontramoema.com.br\/sobre\/#website\"},\"datePublished\":\"2010-07-30T20:38:09+00:00\",\"dateModified\":\"2019-04-12T21:06:25+00:00\",\"author\":{\"@id\":\"https:\/\/www.encontramoema.com.br\/sobre\/#\/schema\/person\/3c3656d12b82130d77eba13c4ef23efa\"},\"breadcrumb\":{\"@id\":\"https:\/\/www.encontramoema.com.br\/sobre\/ana-carolina-estreia-nova-turne-em-moema\/#breadcrumb\"},\"inLanguage\":\"pt-BR\",\"potentialAction\":[{\"@type\":\"ReadAction\",\"target\":[\"https:\/\/www.encontramoema.com.br\/sobre\/ana-carolina-estreia-nova-turne-em-moema\/\"]}]},{\"@type\":\"BreadcrumbList\",\"@id\":\"https:\/\/www.encontramoema.com.br\/sobre\/ana-carolina-estreia-nova-turne-em-moema\/#breadcrumb\",\"itemListElement\":[{\"@type\":\"ListItem\",\"position\":1,\"name\":\"In\u00edcio\",\"item\":\"https:\/\/www.encontramoema.com.br\/sobre\/\"},{\"@type\":\"ListItem\",\"position\":2,\"name\":\"Ana Carolina estreia nova turn\u00ea em Moema\"}]},{\"@type\":\"WebSite\",\"@id\":\"https:\/\/www.encontramoema.com.br\/sobre\/#website\",\"url\":\"https:\/\/www.encontramoema.com.br\/sobre\/\",\"name\":\"Encontra Moema\",\"description\":\"Not\u00edcias, eventos, informa\u00e7\u00f5es e dicas no bairro de Moema e regi\u00e3o.\",\"potentialAction\":[{\"@type\":\"SearchAction\",\"target\":{\"@type\":\"EntryPoint\",\"urlTemplate\":\"https:\/\/www.encontramoema.com.br\/sobre\/?s={search_term_string}\"},\"query-input\":{\"@type\":\"PropertyValueSpecification\",\"valueRequired\":true,\"valueName\":\"search_term_string\"}}],\"inLanguage\":\"pt-BR\"},{\"@type\":\"Person\",\"@id\":\"https:\/\/www.encontramoema.com.br\/sobre\/#\/schema\/person\/3c3656d12b82130d77eba13c4ef23efa\",\"name\":\"Encontra Moema\",\"image\":{\"@type\":\"ImageObject\",\"inLanguage\":\"pt-BR\",\"@id\":\"https:\/\/www.encontramoema.com.br\/sobre\/#\/schema\/person\/image\/\",\"url\":\"https:\/\/secure.gravatar.com\/avatar\/0fbed662e37531ae23e68f85f9517b2454e50c1dfebf80eb9b721449ac95e0b9?s=96&d=mm&r=g\",\"contentUrl\":\"https:\/\/secure.gravatar.com\/avatar\/0fbed662e37531ae23e68f85f9517b2454e50c1dfebf80eb9b721449ac95e0b9?s=96&d=mm&r=g\",\"caption\":\"Encontra Moema\"},\"url\":\"https:\/\/www.encontramoema.com.br\/sobre\/author\/emoema\/\"}]}<\/script>\n<!-- \/ Yoast SEO plugin. -->","yoast_head_json":{"title":"Ana Carolina estreia nova turn\u00ea em Moema - Encontra Moema","robots":{"index":"index","follow":"follow","max-snippet":"max-snippet:-1","max-image-preview":"max-image-preview:large","max-video-preview":"max-video-preview:-1"},"canonical":"https:\/\/www.encontramoema.com.br\/sobre\/ana-carolina-estreia-nova-turne-em-moema\/","og_locale":"pt_BR","og_type":"article","og_title":"Ana Carolina estreia nova turn\u00ea em Moema - Encontra Moema","og_description":"A mineira estreia uma nova turn\u00ea, \u2018Ensaio de Cores\u2019. Al\u00e9m das m\u00fasicas de seu \u00e1lbum mais recente, \u2018N9ve\u2019, ela apresenta em formato ac\u00fastico sucessos de sua carreira e can\u00e7\u00f5es de outros compositores. Na entrada da casa de shows Citibank Hall, em Moema, haver\u00e1 uma exposi\u00e7\u00e3o com telas pintadas pela cantora. Ana Carolina se apresenta com uma banda s\u00f3 de mulheres, composta por D\u00e9lia Fischer ao piano, Gretel Paganini no violoncelo e Lanlan na percuss\u00e3o e bateria. A cantora, que tamb\u00e9m pinta, vai expor pela primeira vez suas telas e vender suas telas para ajudar uma entidade beneficente em favor dos","og_url":"https:\/\/www.encontramoema.com.br\/sobre\/ana-carolina-estreia-nova-turne-em-moema\/","og_site_name":"Encontra Moema","article_published_time":"2010-07-30T20:38:09+00:00","article_modified_time":"2019-04-12T21:06:25+00:00","author":"Encontra Moema","twitter_card":"summary_large_image","twitter_misc":{"Escrito por":"Encontra Moema","Est. tempo de leitura":"1 minuto"},"schema":{"@context":"https:\/\/schema.org","@graph":[{"@type":"WebPage","@id":"https:\/\/www.encontramoema.com.br\/sobre\/ana-carolina-estreia-nova-turne-em-moema\/","url":"https:\/\/www.encontramoema.com.br\/sobre\/ana-carolina-estreia-nova-turne-em-moema\/","name":"Ana Carolina estreia nova turn\u00ea em Moema - Encontra Moema","isPartOf":{"@id":"https:\/\/www.encontramoema.com.br\/sobre\/#website"},"datePublished":"2010-07-30T20:38:09+00:00","dateModified":"2019-04-12T21:06:25+00:00","author":{"@id":"https:\/\/www.encontramoema.com.br\/sobre\/#\/schema\/person\/3c3656d12b82130d77eba13c4ef23efa"},"breadcrumb":{"@id":"https:\/\/www.encontramoema.com.br\/sobre\/ana-carolina-estreia-nova-turne-em-moema\/#breadcrumb"},"inLanguage":"pt-BR","potentialAction":[{"@type":"ReadAction","target":["https:\/\/www.encontramoema.com.br\/sobre\/ana-carolina-estreia-nova-turne-em-moema\/"]}]},{"@type":"BreadcrumbList","@id":"https:\/\/www.encontramoema.com.br\/sobre\/ana-carolina-estreia-nova-turne-em-moema\/#breadcrumb","itemListElement":[{"@type":"ListItem","position":1,"name":"In\u00edcio","item":"https:\/\/www.encontramoema.com.br\/sobre\/"},{"@type":"ListItem","position":2,"name":"Ana Carolina estreia nova turn\u00ea em Moema"}]},{"@type":"WebSite","@id":"https:\/\/www.encontramoema.com.br\/sobre\/#website","url":"https:\/\/www.encontramoema.com.br\/sobre\/","name":"Encontra Moema","description":"Not\u00edcias, eventos, informa\u00e7\u00f5es e dicas no bairro de Moema e regi\u00e3o.","potentialAction":[{"@type":"SearchAction","target":{"@type":"EntryPoint","urlTemplate":"https:\/\/www.encontramoema.com.br\/sobre\/?s={search_term_string}"},"query-input":{"@type":"PropertyValueSpecification","valueRequired":true,"valueName":"search_term_string"}}],"inLanguage":"pt-BR"},{"@type":"Person","@id":"https:\/\/www.encontramoema.com.br\/sobre\/#\/schema\/person\/3c3656d12b82130d77eba13c4ef23efa","name":"Encontra Moema","image":{"@type":"ImageObject","inLanguage":"pt-BR","@id":"https:\/\/www.encontramoema.com.br\/sobre\/#\/schema\/person\/image\/","url":"https:\/\/secure.gravatar.com\/avatar\/0fbed662e37531ae23e68f85f9517b2454e50c1dfebf80eb9b721449ac95e0b9?s=96&d=mm&r=g","contentUrl":"https:\/\/secure.gravatar.com\/avatar\/0fbed662e37531ae23e68f85f9517b2454e50c1dfebf80eb9b721449ac95e0b9?s=96&d=mm&r=g","caption":"Encontra Moema"},"url":"https:\/\/www.encontramoema.com.br\/sobre\/author\/emoema\/"}]}},"_links":{"self":[{"href":"https:\/\/www.encontramoema.com.br\/sobre\/wp-json\/wp\/v2\/posts\/532","targetHints":{"allow":["GET"]}}],"collection":[{"href":"https:\/\/www.encontramoema.com.br\/sobre\/wp-json\/wp\/v2\/posts"}],"about":[{"href":"https:\/\/www.encontramoema.com.br\/sobre\/wp-json\/wp\/v2\/types\/post"}],"author":[{"embeddable":true,"href":"https:\/\/www.encontramoema.com.br\/sobre\/wp-json\/wp\/v2\/users\/1"}],"replies":[{"embeddable":true,"href":"https:\/\/www.encontramoema.com.br\/sobre\/wp-json\/wp\/v2\/comments?post=532"}],"version-history":[{"count":0,"href":"https:\/\/www.encontramoema.com.br\/sobre\/wp-json\/wp\/v2\/posts\/532\/revisions"}],"wp:attachment":[{"href":"https:\/\/www.encontramoema.com.br\/sobre\/wp-json\/wp\/v2\/media?parent=532"}],"wp:term":[{"taxonomy":"category","embeddable":true,"href":"https:\/\/www.encontramoema.com.br\/sobre\/wp-json\/wp\/v2\/categories?post=532"},{"taxonomy":"post_tag","embeddable":true,"href":"https:\/\/www.encontramoema.com.br\/sobre\/wp-json\/wp\/v2\/tags?post=532"}],"curies":[{"name":"wp","href":"https:\/\/api.w.org\/{rel}","templated":true}]}}