{"id":5641,"date":"2012-02-06T18:31:15","date_gmt":"2012-02-06T20:31:15","guid":{"rendered":"http:\/\/www.encontramoema.com.br\/blog\/?p=5641"},"modified":"2019-04-12T19:04:27","modified_gmt":"2019-04-12T21:04:27","slug":"novo-predio-do-mac-ja-esta-aberto-para-visitacao","status":"publish","type":"post","link":"https:\/\/www.encontramoema.com.br\/sobre\/novo-predio-do-mac-ja-esta-aberto-para-visitacao\/","title":{"rendered":"Novo pr\u00e9dio do MAC j\u00e1 est\u00e1 aberto para visita\u00e7\u00e3o"},"content":{"rendered":"<div class=\"b7f545a958fd6350ffae2d30a84cafb8\" data-index=\"1\" style=\"float: none; margin:0px;\">\n<!-- Anuncio display - global -->\r\n<ins class=\"adsbygoogle\"\r\n     style=\"display:block\"\r\n     data-ad-client=\"ca-pub-8585364105181520\"\r\n     data-ad-slot=\"8789329856\"\r\n     data-ad-format=\"auto\"\r\n     data-full-width-responsive=\"true\"><\/ins>\r\n<script>\r\n     (adsbygoogle = window.adsbygoogle || []).push({});\r\n<\/script>\n<\/div>\n<p>O pr\u00e9dio projetado por Oscar Niemeyer, em 1951, que por muito tempo foi ocupado pelo Detran, j\u00e1 \u00e9 motivo mais que suficiente para justificar uma visita ao novo <a href=\"http:\/\/www.encontramoema.com.br\/moema\/museu-de-arte-contemporanea-no-ibirapuera.shtml\" target=\"_blank\">Museu de Arte Contempor\u00e2nea<\/a> (MAC), da USP, nele instalado. Seus novos espa\u00e7os recebem as 10 mil obras do acervo &#8211; entre pinturas, desenhos, gravuras, fotografias, esculturas, objetos e obras de arte conceituais e contempor\u00e2neas. Uma oportunidade para ver, em 2012 e 2013 (quando o MAC completa 50 anos), o talento de Picasso, Matisse, Mir\u00f3, Kandinsky, Modigliani, Di Cavalcanti, Volpi, Henry Moore, Tarsila do Amaral, entre tantos outros. As atividades na nova sede ser\u00e3o realizadas de maneira paulatina, ocorrendo durante todo este ano, at\u00e9 abril do ano que vem, data do anivers\u00e1rio.<\/p>\n<p>Aberto ao p\u00fablico desde o dia 29, uma pequena amostra do que ser\u00e1 o novo espa\u00e7o j\u00e1 pode ser apreciada pelo p\u00fablico, com a exposi\u00e7\u00e3o O tridimensional no acervo do MAC: uma antologia. A inaugura\u00e7\u00e3o reuniu cr\u00edticos de arte, autoridades, estudantes e representantes de institui\u00e7\u00f5es culturais. Segundo Jos\u00e9 do Nascimento J\u00fanior, presidente do Instituto Brasileiro de Museus, o novo espa\u00e7o \u00e9 um ganho para a cidade de S\u00e3o Paulo e para o Pa\u00eds. &#8220;\u00c9 um \u00edcone, recuperado dentro desse corredor cultural que \u00e9 a Pinacoteca, o Museu Afro, a OCA, o Museu da L\u00edngua Portuguesa e o <a href=\"http:\/\/www.encontramoema.com.br\/moema\/museu-de-arte-moderna.shtml\" target=\"_blank\">Museu de Arte Moderna<\/a>, sem d\u00favida um dos maiores complexos museol\u00f3gicos do mundo&#8221;. Para o curador Tadeu Chiarelli, &#8220;a partir de agora o MAC\/USP tem um espa\u00e7o finalmente condizente com a riqueza de seu acervo e da sua hist\u00f3ria&#8221;.<\/p>\n<p><strong>Restauro<\/strong><\/p>\n<p>O pr\u00e9dio est\u00e1 totalmente adaptado para receber as obras de arte, com 23 mil metros quadrados de \u00e1rea expositiva. O espa\u00e7o vai atender \u00e0 necessidade do MAC de ter uma sede maior, j\u00e1 que atualmente menos de 5% de acervo podia ser exposto. Com a nova sede, a capacidade expositiva do museu aumentar\u00e1 quatro vezes.<\/p>\n<p>A reforma do pr\u00e9dio come\u00e7ou h\u00e1 quatro anos, com uma delicada obra de restauro das fachadas, recupera\u00e7\u00e3o estrutural e adapta\u00e7\u00e3o do pr\u00e9dio, a cargo da Secretaria de Estado da Cultura. Foram executadas instala\u00e7\u00f5es el\u00e9tricas e hidr\u00e1ulicas, de ar-condicionado, moderniza\u00e7\u00e3o dos elevadores e instala\u00e7\u00f5es dos brises (quebra-s\u00f3is). Tamb\u00e9m foram constru\u00eddas paredes expositivas e duas torres para escadas de seguran\u00e7a e de servi\u00e7o, refeitos o piso e a cobertura do pr\u00e9dio principal. Tudo isso sem alterar as linhas tra\u00e7adas por Niemeyer, cuja arquitetura foi integralmente recuperada, como no caso dos brises na fachada, previstos pelo arquiteto no projeto original. Todo o complexo \u00e9 dotado de acessibilidade e equipado com o que h\u00e1 de mais moderno em termos de tecnologia.<\/p>\n<p>O pr\u00e9dio principal tem o t\u00e9rreo destinado \u00e0 recep\u00e7\u00e3o e \u00e0s \u00e1reas de circula\u00e7\u00e3o e, no mezanino, cafeteria. No primeiro andar, haver\u00e1 audit\u00f3rio para 152 pessoas, salas multim\u00eddia e biblioteca. A \u00e1rea expositiva ocupar\u00e1 do 2\u00b0 ao 7\u00b0 andar, al\u00e9m de \u00e1reas no t\u00e9rreo e no mezanino. No oitavo e \u00faltimo andar ficar\u00e1 o restaurante, que vai oferecer uma vista panor\u00e2mica do Parque do Ibirapuera.<\/p>\n<p>Um anexo j\u00e1 existente, com mais de 3 mil metros quadrados, tamb\u00e9m foi restaurado e adaptado para receber exposi\u00e7\u00f5es. Outros dois anexos constru\u00eddos servir\u00e3o de reserva t\u00e9cnica e administra\u00e7\u00e3o e abrigo de equipamentos como geradores e ar-condicionado. Os investimentos foram de cerca de R$ 76 milh\u00f5es.<\/p>\n<p><strong>A origem<\/strong><\/p>\n<p>Considerado um dos mais importantes museus de arte moderna e contempor\u00e2nea da Am\u00e9rica Latina, o MAC-USP foi criado em 1963, quando Francisco Matarazzo Sobrinho, o Ciccillo, doou centenas de obras de arte de sua cole\u00e7\u00e3o para a universidade. Sua inten\u00e7\u00e3o era garantir a preserva\u00e7\u00e3o do acervo, vinculando-o \u00e0 USP e, ao mesmo tempo, dar oportunidade ao p\u00fablico de conhecer obras t\u00e3o importantes. Ligado \u00e0 pesquisa universit\u00e1ria, o MAC-USP tem tamb\u00e9m oferecido exposi\u00e7\u00f5es com os mais variados recortes e amplas possibilidades de percursos e leituras com obras de artistas brasileiros e estrangeiros, novos e consagrados, que n\u00e3o pertencem ao seu acervo.<\/p>\n<p><strong>Exposi\u00e7\u00e3o de reabertura<\/strong><\/p>\n<p>Frida Baranek, Eduardo Clima\u00adchauska e Paulo Climachauska, S\u00e9rvulo Esmeraldo, Carlos Fajardo, Carmela Gross, Liuba Wolf, Maria Martins, Cildo Meireles, Henry Moore, Ernesto Neto, Gustavo Rezende, Chihiro Shimotani, Fran\u00e7ois Stahly, Sofu Teshigahara, \u00c2ngelo Venosa, Franz Weissmann e Haruhiko Yasuda s\u00e3o os artistas que fazem parte da mostra O tridimensional no acervo do MAC: Uma antologia, que inaugurou o novo espa\u00e7o, s\u00e1bado, 28. Apresentando alguns dados e sublinhando par\u00e2metros que ajudam a compreender a complexidade da arte entre os anos 1940 e o final dos anos1990, aexposi\u00e7\u00e3o d\u00e1 o tom de como o MAC\/USP pretende propor a s\u00e9rie de mostras que, nos pr\u00f3ximos meses, complementar\u00e1 a implanta\u00e7\u00e3o do Museu neste novo espa\u00e7o.<\/p>\n<p>O jovem estudante Emerson de Godoy, do grupo Juventude Leste, que reivindica melhorias para bairros como Cidade Tiradentes, Guaianases, Itaim Paulista, Penha e Artur Alvim, aplaudiu o novo espa\u00e7o e as obras de arte. Acom\u00adpanhado de nove adolescentes, entre 12 e 16 anos, o grupo costuma visi\u00ad\u00adtar sempre a Pinacoteca, F\u00e1bricas de Cultura e o Parque da Juventude. E n\u00e3o se importa de gastar quase duas horas do bairro onde mora para conhecer esses espa\u00e7os. &#8220;Tudo \u00e9 v\u00e1lido, em nome da cultura&#8221;, diz, ao fazer pose diante da escultura de Sofu Teshi\u00adgahara, de 1954, chapas de ferro que lembram um cavalete, e que ele acha bonita e carregada de simbolismo.<\/p>\n<p><strong>O Que Vem Por A\u00ed<\/strong><\/p>\n<p>Programa\u00e7\u00e3o para 2012. Anote:<\/p>\n<p>Maio &#8211; Abertura de individuais de Le\u00f3n Ferrari, Julio Plaza e Rafael Fran\u00e7a, com obras do acervo<\/p>\n<p>Julho &#8211; Inaugura\u00e7\u00e3o de individuais de Emiliano Di Cavalcanti e Jos\u00e9 Antonio da Silva, e da coletiva Autoria em Quest\u00e3o<\/p>\n<p>Agosto &#8211; Individuais de Mauro Restiffe e Carlito Carvalhosa<\/p>\n<p>Outubro &#8211; Principais obras do acervo ser\u00e3o instaladas no s\u00e9timo piso do museu. Ser\u00e3o expostas 2 mil obras, entre elas Tarsila do Amaral, Umberto Boccioni, Giorgio De Chirico, Amadeo Modigliani, Fl\u00e1vio de Carvalho, H\u00e9lio Oiticica e Lygia Clark<\/p>\n<p><em>Fonte: Ag\u00eancia Imprensa Oficial<\/em><\/p>\n\n<div style=\"font-size: 0px; height: 0px; line-height: 0px; margin: 0; padding: 0; clear: both;\"><\/div>","protected":false},"excerpt":{"rendered":"<p>O pr\u00e9dio projetado por Oscar Niemeyer, em 1951, que por muito tempo foi ocupado pelo Detran, j\u00e1 \u00e9 motivo mais que suficiente para justificar uma visita ao novo Museu de Arte Contempor\u00e2nea (MAC), da USP, nele instalado. Seus novos espa\u00e7os recebem as 10 mil obras do acervo &#8211; entre pinturas, desenhos, gravuras, fotografias, esculturas, objetos e obras de arte conceituais e contempor\u00e2neas. Uma oportunidade para ver, em 2012 e 2013 (quando o MAC completa 50 anos), o talento de Picasso, Matisse, Mir\u00f3, Kandinsky, Modigliani, Di Cavalcanti, Volpi, Henry Moore, Tarsila do Amaral, entre tantos outros. As atividades na nova sede <\/p>\n","protected":false},"author":1,"featured_media":0,"comment_status":"open","ping_status":"closed","sticky":false,"template":"","format":"standard","meta":{"footnotes":""},"categories":[1],"tags":[7],"class_list":["post-5641","post","type-post","status-publish","format-standard","hentry","category-noticias-em-moema","tag-moema"],"yoast_head":"<!-- This site is optimized with the Yoast SEO plugin v26.3 - https:\/\/yoast.com\/wordpress\/plugins\/seo\/ -->\n<title>Novo pr\u00e9dio do MAC j\u00e1 est\u00e1 aberto para visita\u00e7\u00e3o - Encontra Moema<\/title>\n<meta name=\"robots\" content=\"index, follow, max-snippet:-1, max-image-preview:large, max-video-preview:-1\" \/>\n<link rel=\"canonical\" href=\"https:\/\/www.encontramoema.com.br\/sobre\/novo-predio-do-mac-ja-esta-aberto-para-visitacao\/\" \/>\n<meta property=\"og:locale\" content=\"pt_BR\" \/>\n<meta property=\"og:type\" content=\"article\" \/>\n<meta property=\"og:title\" content=\"Novo pr\u00e9dio do MAC j\u00e1 est\u00e1 aberto para visita\u00e7\u00e3o - Encontra Moema\" \/>\n<meta property=\"og:description\" content=\"O pr\u00e9dio projetado por Oscar Niemeyer, em 1951, que por muito tempo foi ocupado pelo Detran, j\u00e1 \u00e9 motivo mais que suficiente para justificar uma visita ao novo Museu de Arte Contempor\u00e2nea (MAC), da USP, nele instalado. Seus novos espa\u00e7os recebem as 10 mil obras do acervo &#8211; entre pinturas, desenhos, gravuras, fotografias, esculturas, objetos e obras de arte conceituais e contempor\u00e2neas. Uma oportunidade para ver, em 2012 e 2013 (quando o MAC completa 50 anos), o talento de Picasso, Matisse, Mir\u00f3, Kandinsky, Modigliani, Di Cavalcanti, Volpi, Henry Moore, Tarsila do Amaral, entre tantos outros. As atividades na nova sede\" \/>\n<meta property=\"og:url\" content=\"https:\/\/www.encontramoema.com.br\/sobre\/novo-predio-do-mac-ja-esta-aberto-para-visitacao\/\" \/>\n<meta property=\"og:site_name\" content=\"Encontra Moema\" \/>\n<meta property=\"article:published_time\" content=\"2012-02-06T20:31:15+00:00\" \/>\n<meta property=\"article:modified_time\" content=\"2019-04-12T21:04:27+00:00\" \/>\n<meta name=\"author\" content=\"Encontra Moema\" \/>\n<meta name=\"twitter:card\" content=\"summary_large_image\" \/>\n<meta name=\"twitter:label1\" content=\"Escrito por\" \/>\n\t<meta name=\"twitter:data1\" content=\"Encontra Moema\" \/>\n\t<meta name=\"twitter:label2\" content=\"Est. tempo de leitura\" \/>\n\t<meta name=\"twitter:data2\" content=\"5 minutos\" \/>\n<script type=\"application\/ld+json\" class=\"yoast-schema-graph\">{\"@context\":\"https:\/\/schema.org\",\"@graph\":[{\"@type\":\"WebPage\",\"@id\":\"https:\/\/www.encontramoema.com.br\/sobre\/novo-predio-do-mac-ja-esta-aberto-para-visitacao\/\",\"url\":\"https:\/\/www.encontramoema.com.br\/sobre\/novo-predio-do-mac-ja-esta-aberto-para-visitacao\/\",\"name\":\"Novo pr\u00e9dio do MAC j\u00e1 est\u00e1 aberto para visita\u00e7\u00e3o - Encontra Moema\",\"isPartOf\":{\"@id\":\"https:\/\/www.encontramoema.com.br\/sobre\/#website\"},\"datePublished\":\"2012-02-06T20:31:15+00:00\",\"dateModified\":\"2019-04-12T21:04:27+00:00\",\"author\":{\"@id\":\"https:\/\/www.encontramoema.com.br\/sobre\/#\/schema\/person\/3c3656d12b82130d77eba13c4ef23efa\"},\"breadcrumb\":{\"@id\":\"https:\/\/www.encontramoema.com.br\/sobre\/novo-predio-do-mac-ja-esta-aberto-para-visitacao\/#breadcrumb\"},\"inLanguage\":\"pt-BR\",\"potentialAction\":[{\"@type\":\"ReadAction\",\"target\":[\"https:\/\/www.encontramoema.com.br\/sobre\/novo-predio-do-mac-ja-esta-aberto-para-visitacao\/\"]}]},{\"@type\":\"BreadcrumbList\",\"@id\":\"https:\/\/www.encontramoema.com.br\/sobre\/novo-predio-do-mac-ja-esta-aberto-para-visitacao\/#breadcrumb\",\"itemListElement\":[{\"@type\":\"ListItem\",\"position\":1,\"name\":\"In\u00edcio\",\"item\":\"https:\/\/www.encontramoema.com.br\/sobre\/\"},{\"@type\":\"ListItem\",\"position\":2,\"name\":\"Novo pr\u00e9dio do MAC j\u00e1 est\u00e1 aberto para visita\u00e7\u00e3o\"}]},{\"@type\":\"WebSite\",\"@id\":\"https:\/\/www.encontramoema.com.br\/sobre\/#website\",\"url\":\"https:\/\/www.encontramoema.com.br\/sobre\/\",\"name\":\"Encontra Moema\",\"description\":\"Not\u00edcias, eventos, informa\u00e7\u00f5es e dicas no bairro de Moema e regi\u00e3o.\",\"potentialAction\":[{\"@type\":\"SearchAction\",\"target\":{\"@type\":\"EntryPoint\",\"urlTemplate\":\"https:\/\/www.encontramoema.com.br\/sobre\/?s={search_term_string}\"},\"query-input\":{\"@type\":\"PropertyValueSpecification\",\"valueRequired\":true,\"valueName\":\"search_term_string\"}}],\"inLanguage\":\"pt-BR\"},{\"@type\":\"Person\",\"@id\":\"https:\/\/www.encontramoema.com.br\/sobre\/#\/schema\/person\/3c3656d12b82130d77eba13c4ef23efa\",\"name\":\"Encontra Moema\",\"image\":{\"@type\":\"ImageObject\",\"inLanguage\":\"pt-BR\",\"@id\":\"https:\/\/www.encontramoema.com.br\/sobre\/#\/schema\/person\/image\/\",\"url\":\"https:\/\/secure.gravatar.com\/avatar\/0fbed662e37531ae23e68f85f9517b2454e50c1dfebf80eb9b721449ac95e0b9?s=96&d=mm&r=g\",\"contentUrl\":\"https:\/\/secure.gravatar.com\/avatar\/0fbed662e37531ae23e68f85f9517b2454e50c1dfebf80eb9b721449ac95e0b9?s=96&d=mm&r=g\",\"caption\":\"Encontra Moema\"},\"url\":\"https:\/\/www.encontramoema.com.br\/sobre\/author\/emoema\/\"}]}<\/script>\n<!-- \/ Yoast SEO plugin. -->","yoast_head_json":{"title":"Novo pr\u00e9dio do MAC j\u00e1 est\u00e1 aberto para visita\u00e7\u00e3o - Encontra Moema","robots":{"index":"index","follow":"follow","max-snippet":"max-snippet:-1","max-image-preview":"max-image-preview:large","max-video-preview":"max-video-preview:-1"},"canonical":"https:\/\/www.encontramoema.com.br\/sobre\/novo-predio-do-mac-ja-esta-aberto-para-visitacao\/","og_locale":"pt_BR","og_type":"article","og_title":"Novo pr\u00e9dio do MAC j\u00e1 est\u00e1 aberto para visita\u00e7\u00e3o - Encontra Moema","og_description":"O pr\u00e9dio projetado por Oscar Niemeyer, em 1951, que por muito tempo foi ocupado pelo Detran, j\u00e1 \u00e9 motivo mais que suficiente para justificar uma visita ao novo Museu de Arte Contempor\u00e2nea (MAC), da USP, nele instalado. Seus novos espa\u00e7os recebem as 10 mil obras do acervo &#8211; entre pinturas, desenhos, gravuras, fotografias, esculturas, objetos e obras de arte conceituais e contempor\u00e2neas. Uma oportunidade para ver, em 2012 e 2013 (quando o MAC completa 50 anos), o talento de Picasso, Matisse, Mir\u00f3, Kandinsky, Modigliani, Di Cavalcanti, Volpi, Henry Moore, Tarsila do Amaral, entre tantos outros. As atividades na nova sede","og_url":"https:\/\/www.encontramoema.com.br\/sobre\/novo-predio-do-mac-ja-esta-aberto-para-visitacao\/","og_site_name":"Encontra Moema","article_published_time":"2012-02-06T20:31:15+00:00","article_modified_time":"2019-04-12T21:04:27+00:00","author":"Encontra Moema","twitter_card":"summary_large_image","twitter_misc":{"Escrito por":"Encontra Moema","Est. tempo de leitura":"5 minutos"},"schema":{"@context":"https:\/\/schema.org","@graph":[{"@type":"WebPage","@id":"https:\/\/www.encontramoema.com.br\/sobre\/novo-predio-do-mac-ja-esta-aberto-para-visitacao\/","url":"https:\/\/www.encontramoema.com.br\/sobre\/novo-predio-do-mac-ja-esta-aberto-para-visitacao\/","name":"Novo pr\u00e9dio do MAC j\u00e1 est\u00e1 aberto para visita\u00e7\u00e3o - Encontra Moema","isPartOf":{"@id":"https:\/\/www.encontramoema.com.br\/sobre\/#website"},"datePublished":"2012-02-06T20:31:15+00:00","dateModified":"2019-04-12T21:04:27+00:00","author":{"@id":"https:\/\/www.encontramoema.com.br\/sobre\/#\/schema\/person\/3c3656d12b82130d77eba13c4ef23efa"},"breadcrumb":{"@id":"https:\/\/www.encontramoema.com.br\/sobre\/novo-predio-do-mac-ja-esta-aberto-para-visitacao\/#breadcrumb"},"inLanguage":"pt-BR","potentialAction":[{"@type":"ReadAction","target":["https:\/\/www.encontramoema.com.br\/sobre\/novo-predio-do-mac-ja-esta-aberto-para-visitacao\/"]}]},{"@type":"BreadcrumbList","@id":"https:\/\/www.encontramoema.com.br\/sobre\/novo-predio-do-mac-ja-esta-aberto-para-visitacao\/#breadcrumb","itemListElement":[{"@type":"ListItem","position":1,"name":"In\u00edcio","item":"https:\/\/www.encontramoema.com.br\/sobre\/"},{"@type":"ListItem","position":2,"name":"Novo pr\u00e9dio do MAC j\u00e1 est\u00e1 aberto para visita\u00e7\u00e3o"}]},{"@type":"WebSite","@id":"https:\/\/www.encontramoema.com.br\/sobre\/#website","url":"https:\/\/www.encontramoema.com.br\/sobre\/","name":"Encontra Moema","description":"Not\u00edcias, eventos, informa\u00e7\u00f5es e dicas no bairro de Moema e regi\u00e3o.","potentialAction":[{"@type":"SearchAction","target":{"@type":"EntryPoint","urlTemplate":"https:\/\/www.encontramoema.com.br\/sobre\/?s={search_term_string}"},"query-input":{"@type":"PropertyValueSpecification","valueRequired":true,"valueName":"search_term_string"}}],"inLanguage":"pt-BR"},{"@type":"Person","@id":"https:\/\/www.encontramoema.com.br\/sobre\/#\/schema\/person\/3c3656d12b82130d77eba13c4ef23efa","name":"Encontra Moema","image":{"@type":"ImageObject","inLanguage":"pt-BR","@id":"https:\/\/www.encontramoema.com.br\/sobre\/#\/schema\/person\/image\/","url":"https:\/\/secure.gravatar.com\/avatar\/0fbed662e37531ae23e68f85f9517b2454e50c1dfebf80eb9b721449ac95e0b9?s=96&d=mm&r=g","contentUrl":"https:\/\/secure.gravatar.com\/avatar\/0fbed662e37531ae23e68f85f9517b2454e50c1dfebf80eb9b721449ac95e0b9?s=96&d=mm&r=g","caption":"Encontra Moema"},"url":"https:\/\/www.encontramoema.com.br\/sobre\/author\/emoema\/"}]}},"_links":{"self":[{"href":"https:\/\/www.encontramoema.com.br\/sobre\/wp-json\/wp\/v2\/posts\/5641","targetHints":{"allow":["GET"]}}],"collection":[{"href":"https:\/\/www.encontramoema.com.br\/sobre\/wp-json\/wp\/v2\/posts"}],"about":[{"href":"https:\/\/www.encontramoema.com.br\/sobre\/wp-json\/wp\/v2\/types\/post"}],"author":[{"embeddable":true,"href":"https:\/\/www.encontramoema.com.br\/sobre\/wp-json\/wp\/v2\/users\/1"}],"replies":[{"embeddable":true,"href":"https:\/\/www.encontramoema.com.br\/sobre\/wp-json\/wp\/v2\/comments?post=5641"}],"version-history":[{"count":0,"href":"https:\/\/www.encontramoema.com.br\/sobre\/wp-json\/wp\/v2\/posts\/5641\/revisions"}],"wp:attachment":[{"href":"https:\/\/www.encontramoema.com.br\/sobre\/wp-json\/wp\/v2\/media?parent=5641"}],"wp:term":[{"taxonomy":"category","embeddable":true,"href":"https:\/\/www.encontramoema.com.br\/sobre\/wp-json\/wp\/v2\/categories?post=5641"},{"taxonomy":"post_tag","embeddable":true,"href":"https:\/\/www.encontramoema.com.br\/sobre\/wp-json\/wp\/v2\/tags?post=5641"}],"curies":[{"name":"wp","href":"https:\/\/api.w.org\/{rel}","templated":true}]}}