{"id":5889,"date":"2012-02-10T16:59:33","date_gmt":"2012-02-10T18:59:33","guid":{"rendered":"http:\/\/www.encontramoema.com.br\/blog\/?p=5889"},"modified":"2019-04-12T19:04:27","modified_gmt":"2019-04-12T21:04:27","slug":"parque-do-ibirapuera-comemora-os-90-anos-da-semana-de-arte-moderna-com-programacao-especial","status":"publish","type":"post","link":"https:\/\/www.encontramoema.com.br\/sobre\/parque-do-ibirapuera-comemora-os-90-anos-da-semana-de-arte-moderna-com-programacao-especial\/","title":{"rendered":"Parque do Ibirapuera comemora os 90 anos da Semana de Arte Moderna com programa\u00e7\u00e3o especial"},"content":{"rendered":"<div class=\"b7f545a958fd6350ffae2d30a84cafb8\" data-index=\"1\" style=\"float: none; margin:0px;\">\n<!-- Anuncio display - global -->\r\n<ins class=\"adsbygoogle\"\r\n     style=\"display:block\"\r\n     data-ad-client=\"ca-pub-8585364105181520\"\r\n     data-ad-slot=\"8789329856\"\r\n     data-ad-format=\"auto\"\r\n     data-full-width-responsive=\"true\"><\/ins>\r\n<script>\r\n     (adsbygoogle = window.adsbygoogle || []).push({});\r\n<\/script>\n<\/div>\n<p style=\"text-align: justify;\">O evento 7 dias em 1 \u2013 A Inspira\u00e7\u00e3o de 1922 com os Talentos de 2012 comemora os 90 anos da Semana de Arte Moderna, ocorrida em 1922, por meio de uma exposi\u00e7\u00e3o e interven\u00e7\u00e3o que retratar\u00e3o os principais acontecimentos deste importante momento da hist\u00f3ria da arte no Brasil.<\/p>\n<p style=\"text-align: justify;\">A programa\u00e7\u00e3o exposi\u00e7\u00e3o de 30 telas com obras de tr\u00eas artistas pl\u00e1sticos, uma cantora com voz e viol\u00e3o cantando sucessos da MPB, interven\u00e7\u00e3o teatral do grupo \u201cRecrutas da Arte\u201d e recital de poemas e textos de autores que participaram da Semana de Arte Moderna.<\/p>\n<p style=\"text-align: justify;\"><strong>Confira a programa\u00e7\u00e3o completa:<\/strong><\/p>\n<p style=\"text-align: justify;\"><strong>Exposi\u00e7\u00e3o &#8211; 12h \u00e0s 18h<\/strong><\/p>\n<p style=\"text-align: justify;\">Quadros abstratos de Andr\u00e9 Primo, Aline Fonseca e Juliana Ara\u00fajo espalhados pelo espa\u00e7o da Serraria, com o objetivo de mostrar obras de artistas contempor\u00e2neos, que acreditam na arte como ferramenta de transforma\u00e7\u00e3o, assim como acreditavam aqueles que fizeram parte da Semana de Arte Moderna.<\/p>\n<p style=\"text-align: justify;\"><strong>M\u00fasica MPB &#8211; 12h, 14h, 15h e 17h30.<\/strong><\/p>\n<p style=\"text-align: justify;\">Apresenta\u00e7\u00f5es musicais de El\u00eds Lucas com grandes sucessos da MPB. A semana de arte moderna de 22 foi o maior evento de arte j\u00e1 realizado no pa\u00eds, portanto nada como homenage\u00e1-la com can\u00e7\u00f5es Brasileiras que ficaram marcadas ao longo dos anos. As apresenta\u00e7\u00f5es musicais estar\u00e3o<\/p>\n<p style=\"text-align: justify;\">intercaladas com as apresenta\u00e7\u00f5es de mon\u00f3logos, a apresenta\u00e7\u00e3o master e o espa\u00e7o poesia.<\/p>\n<p style=\"text-align: justify;\"><strong>Mon\u00f3logos + Espa\u00e7o poesia &#8211; 12h, 13h30, 15h e 16h30.<\/strong><\/p>\n<p style=\"text-align: justify;\">Na 1\u00aa hora, o grupo Recrutas da Arte ir\u00e1 se espalhar pelo parque, apresentando alguns mon\u00f3logos curtos, com o intuito de atrair o p\u00fablico visitante do local para a a\u00e7\u00e3o da Usina dos Atos. A partir das 13h, tanto os artistas do Grupo Recrutas da Arte, quanto os visitantes poder\u00e3o recitar poemas, poesias e textos atuais ou da \u00e9poca da Semana de Arte Moderna, bem como realizar pequenas apresenta\u00e7\u00f5es em per\u00edodos de meia hora que ir\u00e3o intercalar com as apresenta\u00e7\u00f5es musicais e a m\u00e1ster.<\/p>\n<p style=\"text-align: justify;\"><strong>Apresenta\u00e7\u00e3o Master &#8211; 13h, 14h30, 16h e 17h<\/strong><\/p>\n<p style=\"text-align: justify;\">A apresenta\u00e7\u00e3o m\u00e1ster, consiste em um mini espet\u00e1culo que homenageia os artistas da semana de arte moderna, sob o ponto de vista da hist\u00f3ria da Anita Malfatti. As apresenta\u00e7\u00f5es ocorrer\u00e3o de forma intercalada com as m\u00fasicas da El\u00eds Luca e tamb\u00e9m como os mon\u00f3logos e apresenta\u00e7\u00f5es de textos e poemas.<\/p>\n<p style=\"text-align: justify;\"><strong><span style=\"text-decoration: underline;\">Servi\u00e7o<\/span><\/strong><\/p>\n<p style=\"text-align: justify;\"><strong>7 Dias em 1 \u2013 A Inspira\u00e7\u00e3o de 1922 com os Talentos de 2012<\/strong><strong><\/strong><\/p>\n<p style=\"text-align: justify;\"><strong>Local:<\/strong>\u00a0<a href=\"http:\/\/www.encontramoema.com.br\/moema\/parque-do-ibirapuera.shtml\" target=\"_blank\">Parque Ibirapuera<\/a><\/p>\n<p style=\"text-align: justify;\"><strong>Endere\u00e7o:<\/strong>\u00a0Av. Pedro \u00c1lvares Cabral, s\/n. &#8211; Ibirapuera<\/p>\n<p style=\"text-align: justify;\"><strong>Data:<\/strong>\u00a011 de fevereiro de 2012<\/p>\n<p style=\"text-align: justify;\"><strong>Hor\u00e1rio:<\/strong>\u00a0A partir das 12h<\/p>\n<p style=\"text-align: justify;\"><strong>Entrada:<\/strong>\u00a0Franca<\/p>\n\n<div style=\"font-size: 0px; height: 0px; line-height: 0px; margin: 0; padding: 0; clear: both;\"><\/div>","protected":false},"excerpt":{"rendered":"<p>O evento 7 dias em 1 \u2013 A Inspira\u00e7\u00e3o de 1922 com os Talentos de 2012 comemora os 90 anos da Semana de Arte Moderna, ocorrida em 1922, por meio de uma exposi\u00e7\u00e3o e interven\u00e7\u00e3o que retratar\u00e3o os principais acontecimentos deste importante momento da hist\u00f3ria da arte no Brasil. A programa\u00e7\u00e3o exposi\u00e7\u00e3o de 30 telas com obras de tr\u00eas artistas pl\u00e1sticos, uma cantora com voz e viol\u00e3o cantando sucessos da MPB, interven\u00e7\u00e3o teatral do grupo \u201cRecrutas da Arte\u201d e recital de poemas e textos de autores que participaram da Semana de Arte Moderna. Confira a programa\u00e7\u00e3o completa: Exposi\u00e7\u00e3o &#8211; 12h <\/p>\n","protected":false},"author":1,"featured_media":0,"comment_status":"open","ping_status":"closed","sticky":false,"template":"","format":"standard","meta":{"footnotes":""},"categories":[1],"tags":[7],"class_list":["post-5889","post","type-post","status-publish","format-standard","hentry","category-noticias-em-moema","tag-moema"],"yoast_head":"<!-- This site is optimized with the Yoast SEO plugin v26.3 - https:\/\/yoast.com\/wordpress\/plugins\/seo\/ -->\n<title>Parque do Ibirapuera comemora os 90 anos da Semana de Arte Moderna com programa\u00e7\u00e3o especial - Encontra Moema<\/title>\n<meta name=\"robots\" content=\"index, follow, max-snippet:-1, max-image-preview:large, max-video-preview:-1\" \/>\n<link rel=\"canonical\" href=\"https:\/\/www.encontramoema.com.br\/sobre\/parque-do-ibirapuera-comemora-os-90-anos-da-semana-de-arte-moderna-com-programacao-especial\/\" \/>\n<meta property=\"og:locale\" content=\"pt_BR\" \/>\n<meta property=\"og:type\" content=\"article\" \/>\n<meta property=\"og:title\" content=\"Parque do Ibirapuera comemora os 90 anos da Semana de Arte Moderna com programa\u00e7\u00e3o especial - Encontra Moema\" \/>\n<meta property=\"og:description\" content=\"O evento 7 dias em 1 \u2013 A Inspira\u00e7\u00e3o de 1922 com os Talentos de 2012 comemora os 90 anos da Semana de Arte Moderna, ocorrida em 1922, por meio de uma exposi\u00e7\u00e3o e interven\u00e7\u00e3o que retratar\u00e3o os principais acontecimentos deste importante momento da hist\u00f3ria da arte no Brasil. A programa\u00e7\u00e3o exposi\u00e7\u00e3o de 30 telas com obras de tr\u00eas artistas pl\u00e1sticos, uma cantora com voz e viol\u00e3o cantando sucessos da MPB, interven\u00e7\u00e3o teatral do grupo \u201cRecrutas da Arte\u201d e recital de poemas e textos de autores que participaram da Semana de Arte Moderna. Confira a programa\u00e7\u00e3o completa: Exposi\u00e7\u00e3o &#8211; 12h\" \/>\n<meta property=\"og:url\" content=\"https:\/\/www.encontramoema.com.br\/sobre\/parque-do-ibirapuera-comemora-os-90-anos-da-semana-de-arte-moderna-com-programacao-especial\/\" \/>\n<meta property=\"og:site_name\" content=\"Encontra Moema\" \/>\n<meta property=\"article:published_time\" content=\"2012-02-10T18:59:33+00:00\" \/>\n<meta property=\"article:modified_time\" content=\"2019-04-12T21:04:27+00:00\" \/>\n<meta name=\"author\" content=\"Encontra Moema\" \/>\n<meta name=\"twitter:card\" content=\"summary_large_image\" \/>\n<meta name=\"twitter:label1\" content=\"Escrito por\" \/>\n\t<meta name=\"twitter:data1\" content=\"Encontra Moema\" \/>\n\t<meta name=\"twitter:label2\" content=\"Est. tempo de leitura\" \/>\n\t<meta name=\"twitter:data2\" content=\"2 minutos\" \/>\n<script type=\"application\/ld+json\" class=\"yoast-schema-graph\">{\"@context\":\"https:\/\/schema.org\",\"@graph\":[{\"@type\":\"WebPage\",\"@id\":\"https:\/\/www.encontramoema.com.br\/sobre\/parque-do-ibirapuera-comemora-os-90-anos-da-semana-de-arte-moderna-com-programacao-especial\/\",\"url\":\"https:\/\/www.encontramoema.com.br\/sobre\/parque-do-ibirapuera-comemora-os-90-anos-da-semana-de-arte-moderna-com-programacao-especial\/\",\"name\":\"Parque do Ibirapuera comemora os 90 anos da Semana de Arte Moderna com programa\u00e7\u00e3o especial - Encontra Moema\",\"isPartOf\":{\"@id\":\"https:\/\/www.encontramoema.com.br\/sobre\/#website\"},\"datePublished\":\"2012-02-10T18:59:33+00:00\",\"dateModified\":\"2019-04-12T21:04:27+00:00\",\"author\":{\"@id\":\"https:\/\/www.encontramoema.com.br\/sobre\/#\/schema\/person\/3c3656d12b82130d77eba13c4ef23efa\"},\"breadcrumb\":{\"@id\":\"https:\/\/www.encontramoema.com.br\/sobre\/parque-do-ibirapuera-comemora-os-90-anos-da-semana-de-arte-moderna-com-programacao-especial\/#breadcrumb\"},\"inLanguage\":\"pt-BR\",\"potentialAction\":[{\"@type\":\"ReadAction\",\"target\":[\"https:\/\/www.encontramoema.com.br\/sobre\/parque-do-ibirapuera-comemora-os-90-anos-da-semana-de-arte-moderna-com-programacao-especial\/\"]}]},{\"@type\":\"BreadcrumbList\",\"@id\":\"https:\/\/www.encontramoema.com.br\/sobre\/parque-do-ibirapuera-comemora-os-90-anos-da-semana-de-arte-moderna-com-programacao-especial\/#breadcrumb\",\"itemListElement\":[{\"@type\":\"ListItem\",\"position\":1,\"name\":\"In\u00edcio\",\"item\":\"https:\/\/www.encontramoema.com.br\/sobre\/\"},{\"@type\":\"ListItem\",\"position\":2,\"name\":\"Parque do Ibirapuera comemora os 90 anos da Semana de Arte Moderna com programa\u00e7\u00e3o especial\"}]},{\"@type\":\"WebSite\",\"@id\":\"https:\/\/www.encontramoema.com.br\/sobre\/#website\",\"url\":\"https:\/\/www.encontramoema.com.br\/sobre\/\",\"name\":\"Encontra Moema\",\"description\":\"Not\u00edcias, eventos, informa\u00e7\u00f5es e dicas no bairro de Moema e regi\u00e3o.\",\"potentialAction\":[{\"@type\":\"SearchAction\",\"target\":{\"@type\":\"EntryPoint\",\"urlTemplate\":\"https:\/\/www.encontramoema.com.br\/sobre\/?s={search_term_string}\"},\"query-input\":{\"@type\":\"PropertyValueSpecification\",\"valueRequired\":true,\"valueName\":\"search_term_string\"}}],\"inLanguage\":\"pt-BR\"},{\"@type\":\"Person\",\"@id\":\"https:\/\/www.encontramoema.com.br\/sobre\/#\/schema\/person\/3c3656d12b82130d77eba13c4ef23efa\",\"name\":\"Encontra Moema\",\"image\":{\"@type\":\"ImageObject\",\"inLanguage\":\"pt-BR\",\"@id\":\"https:\/\/www.encontramoema.com.br\/sobre\/#\/schema\/person\/image\/\",\"url\":\"https:\/\/secure.gravatar.com\/avatar\/0fbed662e37531ae23e68f85f9517b2454e50c1dfebf80eb9b721449ac95e0b9?s=96&d=mm&r=g\",\"contentUrl\":\"https:\/\/secure.gravatar.com\/avatar\/0fbed662e37531ae23e68f85f9517b2454e50c1dfebf80eb9b721449ac95e0b9?s=96&d=mm&r=g\",\"caption\":\"Encontra Moema\"},\"url\":\"https:\/\/www.encontramoema.com.br\/sobre\/author\/emoema\/\"}]}<\/script>\n<!-- \/ Yoast SEO plugin. -->","yoast_head_json":{"title":"Parque do Ibirapuera comemora os 90 anos da Semana de Arte Moderna com programa\u00e7\u00e3o especial - Encontra Moema","robots":{"index":"index","follow":"follow","max-snippet":"max-snippet:-1","max-image-preview":"max-image-preview:large","max-video-preview":"max-video-preview:-1"},"canonical":"https:\/\/www.encontramoema.com.br\/sobre\/parque-do-ibirapuera-comemora-os-90-anos-da-semana-de-arte-moderna-com-programacao-especial\/","og_locale":"pt_BR","og_type":"article","og_title":"Parque do Ibirapuera comemora os 90 anos da Semana de Arte Moderna com programa\u00e7\u00e3o especial - Encontra Moema","og_description":"O evento 7 dias em 1 \u2013 A Inspira\u00e7\u00e3o de 1922 com os Talentos de 2012 comemora os 90 anos da Semana de Arte Moderna, ocorrida em 1922, por meio de uma exposi\u00e7\u00e3o e interven\u00e7\u00e3o que retratar\u00e3o os principais acontecimentos deste importante momento da hist\u00f3ria da arte no Brasil. A programa\u00e7\u00e3o exposi\u00e7\u00e3o de 30 telas com obras de tr\u00eas artistas pl\u00e1sticos, uma cantora com voz e viol\u00e3o cantando sucessos da MPB, interven\u00e7\u00e3o teatral do grupo \u201cRecrutas da Arte\u201d e recital de poemas e textos de autores que participaram da Semana de Arte Moderna. Confira a programa\u00e7\u00e3o completa: Exposi\u00e7\u00e3o &#8211; 12h","og_url":"https:\/\/www.encontramoema.com.br\/sobre\/parque-do-ibirapuera-comemora-os-90-anos-da-semana-de-arte-moderna-com-programacao-especial\/","og_site_name":"Encontra Moema","article_published_time":"2012-02-10T18:59:33+00:00","article_modified_time":"2019-04-12T21:04:27+00:00","author":"Encontra Moema","twitter_card":"summary_large_image","twitter_misc":{"Escrito por":"Encontra Moema","Est. tempo de leitura":"2 minutos"},"schema":{"@context":"https:\/\/schema.org","@graph":[{"@type":"WebPage","@id":"https:\/\/www.encontramoema.com.br\/sobre\/parque-do-ibirapuera-comemora-os-90-anos-da-semana-de-arte-moderna-com-programacao-especial\/","url":"https:\/\/www.encontramoema.com.br\/sobre\/parque-do-ibirapuera-comemora-os-90-anos-da-semana-de-arte-moderna-com-programacao-especial\/","name":"Parque do Ibirapuera comemora os 90 anos da Semana de Arte Moderna com programa\u00e7\u00e3o especial - Encontra Moema","isPartOf":{"@id":"https:\/\/www.encontramoema.com.br\/sobre\/#website"},"datePublished":"2012-02-10T18:59:33+00:00","dateModified":"2019-04-12T21:04:27+00:00","author":{"@id":"https:\/\/www.encontramoema.com.br\/sobre\/#\/schema\/person\/3c3656d12b82130d77eba13c4ef23efa"},"breadcrumb":{"@id":"https:\/\/www.encontramoema.com.br\/sobre\/parque-do-ibirapuera-comemora-os-90-anos-da-semana-de-arte-moderna-com-programacao-especial\/#breadcrumb"},"inLanguage":"pt-BR","potentialAction":[{"@type":"ReadAction","target":["https:\/\/www.encontramoema.com.br\/sobre\/parque-do-ibirapuera-comemora-os-90-anos-da-semana-de-arte-moderna-com-programacao-especial\/"]}]},{"@type":"BreadcrumbList","@id":"https:\/\/www.encontramoema.com.br\/sobre\/parque-do-ibirapuera-comemora-os-90-anos-da-semana-de-arte-moderna-com-programacao-especial\/#breadcrumb","itemListElement":[{"@type":"ListItem","position":1,"name":"In\u00edcio","item":"https:\/\/www.encontramoema.com.br\/sobre\/"},{"@type":"ListItem","position":2,"name":"Parque do Ibirapuera comemora os 90 anos da Semana de Arte Moderna com programa\u00e7\u00e3o especial"}]},{"@type":"WebSite","@id":"https:\/\/www.encontramoema.com.br\/sobre\/#website","url":"https:\/\/www.encontramoema.com.br\/sobre\/","name":"Encontra Moema","description":"Not\u00edcias, eventos, informa\u00e7\u00f5es e dicas no bairro de Moema e regi\u00e3o.","potentialAction":[{"@type":"SearchAction","target":{"@type":"EntryPoint","urlTemplate":"https:\/\/www.encontramoema.com.br\/sobre\/?s={search_term_string}"},"query-input":{"@type":"PropertyValueSpecification","valueRequired":true,"valueName":"search_term_string"}}],"inLanguage":"pt-BR"},{"@type":"Person","@id":"https:\/\/www.encontramoema.com.br\/sobre\/#\/schema\/person\/3c3656d12b82130d77eba13c4ef23efa","name":"Encontra Moema","image":{"@type":"ImageObject","inLanguage":"pt-BR","@id":"https:\/\/www.encontramoema.com.br\/sobre\/#\/schema\/person\/image\/","url":"https:\/\/secure.gravatar.com\/avatar\/0fbed662e37531ae23e68f85f9517b2454e50c1dfebf80eb9b721449ac95e0b9?s=96&d=mm&r=g","contentUrl":"https:\/\/secure.gravatar.com\/avatar\/0fbed662e37531ae23e68f85f9517b2454e50c1dfebf80eb9b721449ac95e0b9?s=96&d=mm&r=g","caption":"Encontra Moema"},"url":"https:\/\/www.encontramoema.com.br\/sobre\/author\/emoema\/"}]}},"_links":{"self":[{"href":"https:\/\/www.encontramoema.com.br\/sobre\/wp-json\/wp\/v2\/posts\/5889","targetHints":{"allow":["GET"]}}],"collection":[{"href":"https:\/\/www.encontramoema.com.br\/sobre\/wp-json\/wp\/v2\/posts"}],"about":[{"href":"https:\/\/www.encontramoema.com.br\/sobre\/wp-json\/wp\/v2\/types\/post"}],"author":[{"embeddable":true,"href":"https:\/\/www.encontramoema.com.br\/sobre\/wp-json\/wp\/v2\/users\/1"}],"replies":[{"embeddable":true,"href":"https:\/\/www.encontramoema.com.br\/sobre\/wp-json\/wp\/v2\/comments?post=5889"}],"version-history":[{"count":0,"href":"https:\/\/www.encontramoema.com.br\/sobre\/wp-json\/wp\/v2\/posts\/5889\/revisions"}],"wp:attachment":[{"href":"https:\/\/www.encontramoema.com.br\/sobre\/wp-json\/wp\/v2\/media?parent=5889"}],"wp:term":[{"taxonomy":"category","embeddable":true,"href":"https:\/\/www.encontramoema.com.br\/sobre\/wp-json\/wp\/v2\/categories?post=5889"},{"taxonomy":"post_tag","embeddable":true,"href":"https:\/\/www.encontramoema.com.br\/sobre\/wp-json\/wp\/v2\/tags?post=5889"}],"curies":[{"name":"wp","href":"https:\/\/api.w.org\/{rel}","templated":true}]}}