{"id":590,"date":"2010-08-18T19:20:30","date_gmt":"2010-08-18T21:20:30","guid":{"rendered":"http:\/\/www.encontramoema.com.br\/blog\/?p=590"},"modified":"2019-04-12T19:06:09","modified_gmt":"2019-04-12T21:06:09","slug":"planetario-do-parque-do-ibirapuera-sera-reaberto-no-sabado-diz-prefeitura","status":"publish","type":"post","link":"https:\/\/www.encontramoema.com.br\/sobre\/planetario-do-parque-do-ibirapuera-sera-reaberto-no-sabado-diz-prefeitura\/","title":{"rendered":"Planet\u00e1rio do Parque do Ibirapuera ser\u00e1 reaberto no s\u00e1bado, diz Prefeitura"},"content":{"rendered":"<div class=\"b7f545a958fd6350ffae2d30a84cafb8\" data-index=\"1\" style=\"float: none; margin:0px;\">\n<!-- Anuncio display - global -->\r\n<ins class=\"adsbygoogle\"\r\n     style=\"display:block\"\r\n     data-ad-client=\"ca-pub-8585364105181520\"\r\n     data-ad-slot=\"8789329856\"\r\n     data-ad-format=\"auto\"\r\n     data-full-width-responsive=\"true\"><\/ins>\r\n<script>\r\n     (adsbygoogle = window.adsbygoogle || []).push({});\r\n<\/script>\n<\/div>\n<p>O <a href=\"http:\/\/www.encontramoema.com.br\/moema\/planetario-no-ibirapuera.shtml\" target=\"_blank\">Planet\u00e1rio Municipal do Ibirapuera<\/a>, na Zona Sul de S\u00e3o Paulo, voltar\u00e1 a funcionar no s\u00e1bado (21), quando o parque completa 56 anos, segundo a Prefeitura da capital. O espa\u00e7o, constru\u00eddo em 1957, estava fechado desde o dia 8 deste m\u00eas por causa de um defeito no projetor, que impedia a apresenta\u00e7\u00e3o das sess\u00f5es. Al\u00e9m das sess\u00f5es regulares, o espa\u00e7o ter\u00e1 uma sess\u00e3o gratuita no domingo (22) para as comemora\u00e7\u00f5es de anivers\u00e1rio do parque. O atendimento \u00e0s escolas ocorre a partir de segunda-feira (23).<\/p>\n<p>Uma pe\u00e7a danificada ocasionava um curto-circuito na estrutura externa do projetor central Star Master ZMP, da marca alem\u00e3 Carl Zeiss, comprado pela Prefeitura em 2006 por R$ 5,9 milh\u00f5es. O problema, segundo a Secretaria Municipal do Verde e do Meio Ambiente, j\u00e1 foi corrigido. A recupera\u00e7\u00e3o, incluindo manuten\u00e7\u00e3o e testes no aparelho, custar\u00e1 cerca de R$ 5 mil.<\/p>\n<p>Neste domingo, \u00e0s 19h30, o planet\u00e1rio oferece a sess\u00e3o gratuita Reconhecimento do C\u00e9u Visto do Parque do Ibirapuera. Os ingressos devem ser retirados a partir das 19h. Nos pr\u00f3ximos dois fins de semana, ainda haver\u00e1 as sess\u00f5es: &#8220;Uma aventura pelo sistema solar&#8221; (infantil) e &#8220;Hubble: o telesc\u00f3pio espacial e Astronomia: uma viagem pelo universo&#8221;.<\/p>\n<p><em>Fonte: G1<\/em><\/p>\n\n<div style=\"font-size: 0px; height: 0px; line-height: 0px; margin: 0; padding: 0; clear: both;\"><\/div>","protected":false},"excerpt":{"rendered":"<p>O Planet\u00e1rio Municipal do Ibirapuera, na Zona Sul de S\u00e3o Paulo, voltar\u00e1 a funcionar no s\u00e1bado (21), quando o parque completa 56 anos, segundo a Prefeitura da capital. O espa\u00e7o, constru\u00eddo em 1957, estava fechado desde o dia 8 deste m\u00eas por causa de um defeito no projetor, que impedia a apresenta\u00e7\u00e3o das sess\u00f5es. Al\u00e9m das sess\u00f5es regulares, o espa\u00e7o ter\u00e1 uma sess\u00e3o gratuita no domingo (22) para as comemora\u00e7\u00f5es de anivers\u00e1rio do parque. O atendimento \u00e0s escolas ocorre a partir de segunda-feira (23). Uma pe\u00e7a danificada ocasionava um curto-circuito na estrutura externa do projetor central Star Master ZMP, da <\/p>\n","protected":false},"author":1,"featured_media":0,"comment_status":"open","ping_status":"closed","sticky":false,"template":"","format":"standard","meta":{"footnotes":""},"categories":[1],"tags":[7],"class_list":["post-590","post","type-post","status-publish","format-standard","hentry","category-noticias-em-moema","tag-moema"],"yoast_head":"<!-- This site is optimized with the Yoast SEO plugin v26.3 - https:\/\/yoast.com\/wordpress\/plugins\/seo\/ -->\n<title>Planet\u00e1rio do Parque do Ibirapuera ser\u00e1 reaberto no s\u00e1bado, diz Prefeitura - Encontra Moema<\/title>\n<meta name=\"robots\" content=\"index, follow, max-snippet:-1, max-image-preview:large, max-video-preview:-1\" \/>\n<link rel=\"canonical\" href=\"https:\/\/www.encontramoema.com.br\/sobre\/planetario-do-parque-do-ibirapuera-sera-reaberto-no-sabado-diz-prefeitura\/\" \/>\n<meta property=\"og:locale\" content=\"pt_BR\" \/>\n<meta property=\"og:type\" content=\"article\" \/>\n<meta property=\"og:title\" content=\"Planet\u00e1rio do Parque do Ibirapuera ser\u00e1 reaberto no s\u00e1bado, diz Prefeitura - Encontra Moema\" \/>\n<meta property=\"og:description\" content=\"O Planet\u00e1rio Municipal do Ibirapuera, na Zona Sul de S\u00e3o Paulo, voltar\u00e1 a funcionar no s\u00e1bado (21), quando o parque completa 56 anos, segundo a Prefeitura da capital. O espa\u00e7o, constru\u00eddo em 1957, estava fechado desde o dia 8 deste m\u00eas por causa de um defeito no projetor, que impedia a apresenta\u00e7\u00e3o das sess\u00f5es. Al\u00e9m das sess\u00f5es regulares, o espa\u00e7o ter\u00e1 uma sess\u00e3o gratuita no domingo (22) para as comemora\u00e7\u00f5es de anivers\u00e1rio do parque. O atendimento \u00e0s escolas ocorre a partir de segunda-feira (23). Uma pe\u00e7a danificada ocasionava um curto-circuito na estrutura externa do projetor central Star Master ZMP, da\" \/>\n<meta property=\"og:url\" content=\"https:\/\/www.encontramoema.com.br\/sobre\/planetario-do-parque-do-ibirapuera-sera-reaberto-no-sabado-diz-prefeitura\/\" \/>\n<meta property=\"og:site_name\" content=\"Encontra Moema\" \/>\n<meta property=\"article:published_time\" content=\"2010-08-18T21:20:30+00:00\" \/>\n<meta property=\"article:modified_time\" content=\"2019-04-12T21:06:09+00:00\" \/>\n<meta name=\"author\" content=\"Encontra Moema\" \/>\n<meta name=\"twitter:card\" content=\"summary_large_image\" \/>\n<meta name=\"twitter:label1\" content=\"Escrito por\" \/>\n\t<meta name=\"twitter:data1\" content=\"Encontra Moema\" \/>\n\t<meta name=\"twitter:label2\" content=\"Est. tempo de leitura\" \/>\n\t<meta name=\"twitter:data2\" content=\"1 minuto\" \/>\n<script type=\"application\/ld+json\" class=\"yoast-schema-graph\">{\"@context\":\"https:\/\/schema.org\",\"@graph\":[{\"@type\":\"WebPage\",\"@id\":\"https:\/\/www.encontramoema.com.br\/sobre\/planetario-do-parque-do-ibirapuera-sera-reaberto-no-sabado-diz-prefeitura\/\",\"url\":\"https:\/\/www.encontramoema.com.br\/sobre\/planetario-do-parque-do-ibirapuera-sera-reaberto-no-sabado-diz-prefeitura\/\",\"name\":\"Planet\u00e1rio do Parque do Ibirapuera ser\u00e1 reaberto no s\u00e1bado, diz Prefeitura - Encontra Moema\",\"isPartOf\":{\"@id\":\"https:\/\/www.encontramoema.com.br\/sobre\/#website\"},\"datePublished\":\"2010-08-18T21:20:30+00:00\",\"dateModified\":\"2019-04-12T21:06:09+00:00\",\"author\":{\"@id\":\"https:\/\/www.encontramoema.com.br\/sobre\/#\/schema\/person\/3c3656d12b82130d77eba13c4ef23efa\"},\"breadcrumb\":{\"@id\":\"https:\/\/www.encontramoema.com.br\/sobre\/planetario-do-parque-do-ibirapuera-sera-reaberto-no-sabado-diz-prefeitura\/#breadcrumb\"},\"inLanguage\":\"pt-BR\",\"potentialAction\":[{\"@type\":\"ReadAction\",\"target\":[\"https:\/\/www.encontramoema.com.br\/sobre\/planetario-do-parque-do-ibirapuera-sera-reaberto-no-sabado-diz-prefeitura\/\"]}]},{\"@type\":\"BreadcrumbList\",\"@id\":\"https:\/\/www.encontramoema.com.br\/sobre\/planetario-do-parque-do-ibirapuera-sera-reaberto-no-sabado-diz-prefeitura\/#breadcrumb\",\"itemListElement\":[{\"@type\":\"ListItem\",\"position\":1,\"name\":\"In\u00edcio\",\"item\":\"https:\/\/www.encontramoema.com.br\/sobre\/\"},{\"@type\":\"ListItem\",\"position\":2,\"name\":\"Planet\u00e1rio do Parque do Ibirapuera ser\u00e1 reaberto no s\u00e1bado, diz Prefeitura\"}]},{\"@type\":\"WebSite\",\"@id\":\"https:\/\/www.encontramoema.com.br\/sobre\/#website\",\"url\":\"https:\/\/www.encontramoema.com.br\/sobre\/\",\"name\":\"Encontra Moema\",\"description\":\"Not\u00edcias, eventos, informa\u00e7\u00f5es e dicas no bairro de Moema e regi\u00e3o.\",\"potentialAction\":[{\"@type\":\"SearchAction\",\"target\":{\"@type\":\"EntryPoint\",\"urlTemplate\":\"https:\/\/www.encontramoema.com.br\/sobre\/?s={search_term_string}\"},\"query-input\":{\"@type\":\"PropertyValueSpecification\",\"valueRequired\":true,\"valueName\":\"search_term_string\"}}],\"inLanguage\":\"pt-BR\"},{\"@type\":\"Person\",\"@id\":\"https:\/\/www.encontramoema.com.br\/sobre\/#\/schema\/person\/3c3656d12b82130d77eba13c4ef23efa\",\"name\":\"Encontra Moema\",\"image\":{\"@type\":\"ImageObject\",\"inLanguage\":\"pt-BR\",\"@id\":\"https:\/\/www.encontramoema.com.br\/sobre\/#\/schema\/person\/image\/\",\"url\":\"https:\/\/secure.gravatar.com\/avatar\/0fbed662e37531ae23e68f85f9517b2454e50c1dfebf80eb9b721449ac95e0b9?s=96&d=mm&r=g\",\"contentUrl\":\"https:\/\/secure.gravatar.com\/avatar\/0fbed662e37531ae23e68f85f9517b2454e50c1dfebf80eb9b721449ac95e0b9?s=96&d=mm&r=g\",\"caption\":\"Encontra Moema\"},\"url\":\"https:\/\/www.encontramoema.com.br\/sobre\/author\/emoema\/\"}]}<\/script>\n<!-- \/ Yoast SEO plugin. -->","yoast_head_json":{"title":"Planet\u00e1rio do Parque do Ibirapuera ser\u00e1 reaberto no s\u00e1bado, diz Prefeitura - Encontra Moema","robots":{"index":"index","follow":"follow","max-snippet":"max-snippet:-1","max-image-preview":"max-image-preview:large","max-video-preview":"max-video-preview:-1"},"canonical":"https:\/\/www.encontramoema.com.br\/sobre\/planetario-do-parque-do-ibirapuera-sera-reaberto-no-sabado-diz-prefeitura\/","og_locale":"pt_BR","og_type":"article","og_title":"Planet\u00e1rio do Parque do Ibirapuera ser\u00e1 reaberto no s\u00e1bado, diz Prefeitura - Encontra Moema","og_description":"O Planet\u00e1rio Municipal do Ibirapuera, na Zona Sul de S\u00e3o Paulo, voltar\u00e1 a funcionar no s\u00e1bado (21), quando o parque completa 56 anos, segundo a Prefeitura da capital. O espa\u00e7o, constru\u00eddo em 1957, estava fechado desde o dia 8 deste m\u00eas por causa de um defeito no projetor, que impedia a apresenta\u00e7\u00e3o das sess\u00f5es. Al\u00e9m das sess\u00f5es regulares, o espa\u00e7o ter\u00e1 uma sess\u00e3o gratuita no domingo (22) para as comemora\u00e7\u00f5es de anivers\u00e1rio do parque. O atendimento \u00e0s escolas ocorre a partir de segunda-feira (23). Uma pe\u00e7a danificada ocasionava um curto-circuito na estrutura externa do projetor central Star Master ZMP, da","og_url":"https:\/\/www.encontramoema.com.br\/sobre\/planetario-do-parque-do-ibirapuera-sera-reaberto-no-sabado-diz-prefeitura\/","og_site_name":"Encontra Moema","article_published_time":"2010-08-18T21:20:30+00:00","article_modified_time":"2019-04-12T21:06:09+00:00","author":"Encontra Moema","twitter_card":"summary_large_image","twitter_misc":{"Escrito por":"Encontra Moema","Est. tempo de leitura":"1 minuto"},"schema":{"@context":"https:\/\/schema.org","@graph":[{"@type":"WebPage","@id":"https:\/\/www.encontramoema.com.br\/sobre\/planetario-do-parque-do-ibirapuera-sera-reaberto-no-sabado-diz-prefeitura\/","url":"https:\/\/www.encontramoema.com.br\/sobre\/planetario-do-parque-do-ibirapuera-sera-reaberto-no-sabado-diz-prefeitura\/","name":"Planet\u00e1rio do Parque do Ibirapuera ser\u00e1 reaberto no s\u00e1bado, diz Prefeitura - Encontra Moema","isPartOf":{"@id":"https:\/\/www.encontramoema.com.br\/sobre\/#website"},"datePublished":"2010-08-18T21:20:30+00:00","dateModified":"2019-04-12T21:06:09+00:00","author":{"@id":"https:\/\/www.encontramoema.com.br\/sobre\/#\/schema\/person\/3c3656d12b82130d77eba13c4ef23efa"},"breadcrumb":{"@id":"https:\/\/www.encontramoema.com.br\/sobre\/planetario-do-parque-do-ibirapuera-sera-reaberto-no-sabado-diz-prefeitura\/#breadcrumb"},"inLanguage":"pt-BR","potentialAction":[{"@type":"ReadAction","target":["https:\/\/www.encontramoema.com.br\/sobre\/planetario-do-parque-do-ibirapuera-sera-reaberto-no-sabado-diz-prefeitura\/"]}]},{"@type":"BreadcrumbList","@id":"https:\/\/www.encontramoema.com.br\/sobre\/planetario-do-parque-do-ibirapuera-sera-reaberto-no-sabado-diz-prefeitura\/#breadcrumb","itemListElement":[{"@type":"ListItem","position":1,"name":"In\u00edcio","item":"https:\/\/www.encontramoema.com.br\/sobre\/"},{"@type":"ListItem","position":2,"name":"Planet\u00e1rio do Parque do Ibirapuera ser\u00e1 reaberto no s\u00e1bado, diz Prefeitura"}]},{"@type":"WebSite","@id":"https:\/\/www.encontramoema.com.br\/sobre\/#website","url":"https:\/\/www.encontramoema.com.br\/sobre\/","name":"Encontra Moema","description":"Not\u00edcias, eventos, informa\u00e7\u00f5es e dicas no bairro de Moema e regi\u00e3o.","potentialAction":[{"@type":"SearchAction","target":{"@type":"EntryPoint","urlTemplate":"https:\/\/www.encontramoema.com.br\/sobre\/?s={search_term_string}"},"query-input":{"@type":"PropertyValueSpecification","valueRequired":true,"valueName":"search_term_string"}}],"inLanguage":"pt-BR"},{"@type":"Person","@id":"https:\/\/www.encontramoema.com.br\/sobre\/#\/schema\/person\/3c3656d12b82130d77eba13c4ef23efa","name":"Encontra Moema","image":{"@type":"ImageObject","inLanguage":"pt-BR","@id":"https:\/\/www.encontramoema.com.br\/sobre\/#\/schema\/person\/image\/","url":"https:\/\/secure.gravatar.com\/avatar\/0fbed662e37531ae23e68f85f9517b2454e50c1dfebf80eb9b721449ac95e0b9?s=96&d=mm&r=g","contentUrl":"https:\/\/secure.gravatar.com\/avatar\/0fbed662e37531ae23e68f85f9517b2454e50c1dfebf80eb9b721449ac95e0b9?s=96&d=mm&r=g","caption":"Encontra Moema"},"url":"https:\/\/www.encontramoema.com.br\/sobre\/author\/emoema\/"}]}},"_links":{"self":[{"href":"https:\/\/www.encontramoema.com.br\/sobre\/wp-json\/wp\/v2\/posts\/590","targetHints":{"allow":["GET"]}}],"collection":[{"href":"https:\/\/www.encontramoema.com.br\/sobre\/wp-json\/wp\/v2\/posts"}],"about":[{"href":"https:\/\/www.encontramoema.com.br\/sobre\/wp-json\/wp\/v2\/types\/post"}],"author":[{"embeddable":true,"href":"https:\/\/www.encontramoema.com.br\/sobre\/wp-json\/wp\/v2\/users\/1"}],"replies":[{"embeddable":true,"href":"https:\/\/www.encontramoema.com.br\/sobre\/wp-json\/wp\/v2\/comments?post=590"}],"version-history":[{"count":0,"href":"https:\/\/www.encontramoema.com.br\/sobre\/wp-json\/wp\/v2\/posts\/590\/revisions"}],"wp:attachment":[{"href":"https:\/\/www.encontramoema.com.br\/sobre\/wp-json\/wp\/v2\/media?parent=590"}],"wp:term":[{"taxonomy":"category","embeddable":true,"href":"https:\/\/www.encontramoema.com.br\/sobre\/wp-json\/wp\/v2\/categories?post=590"},{"taxonomy":"post_tag","embeddable":true,"href":"https:\/\/www.encontramoema.com.br\/sobre\/wp-json\/wp\/v2\/tags?post=590"}],"curies":[{"name":"wp","href":"https:\/\/api.w.org\/{rel}","templated":true}]}}