{"id":650,"date":"2010-09-13T19:39:08","date_gmt":"2010-09-13T21:39:08","guid":{"rendered":"http:\/\/www.encontramoema.com.br\/blog\/?p=650"},"modified":"2019-04-12T19:06:07","modified_gmt":"2019-04-12T21:06:07","slug":"moema-record-agitava-a-regiao-da-avenida-miruna","status":"publish","type":"post","link":"https:\/\/www.encontramoema.com.br\/sobre\/moema-record-agitava-a-regiao-da-avenida-miruna\/","title":{"rendered":"Moema: Record agitava a regi\u00e3o da Avenida Miruna"},"content":{"rendered":"<div class=\"b7f545a958fd6350ffae2d30a84cafb8\" data-index=\"1\" style=\"float: none; margin:0px;\">\n<!-- Anuncio display - global -->\r\n<ins class=\"adsbygoogle\"\r\n     style=\"display:block\"\r\n     data-ad-client=\"ca-pub-8585364105181520\"\r\n     data-ad-slot=\"8789329856\"\r\n     data-ad-format=\"auto\"\r\n     data-full-width-responsive=\"true\"><\/ins>\r\n<script>\r\n     (adsbygoogle = window.adsbygoogle || []).push({});\r\n<\/script>\n<\/div>\n<p>Os arredores da Avenida Miruna, em Moema, zona sul, onde fica o pr\u00e9dio que abrigou a Rede Record e a Rede Mulher, est\u00e3o mais calmos desde que o local foi esvaziado. Em 2007, o espa\u00e7o ficou com a Record News e hoje \u00e9 escrit\u00f3rio da Life Empresarial, ligado \u00e0 Igreja Universal. Funcion\u00e1rios informaram que paredes foram derrubadas para a constru\u00e7\u00e3o de um hospital.<\/p>\n<p>Dono de uma mec\u00e2nica na frente do pr\u00e9dio, S\u00e9rgio Proen\u00e7a diz que essas mudan\u00e7as n\u00e3o causaram grande impacto. &#8220;Nosso movimento vem da Avenida 23 de Maio e dos clientes do Shopping Ibirapuera. Uma vez o Raul Gil consertou o carro aqui. Mas, sinceramente, a Record nunca foi assunto na mec\u00e2nica.&#8221;<\/p>\n<p>Para Giorgina do C\u00e9u Gon\u00e7alves, dona do Bar e Lanche Isiense, na frente do pr\u00e9dio, o bairro valorizou e, com os escrit\u00f3rios, a frequ\u00eancia de seu estabelecimento melhorou. Na \u00e9poca da Record, cada dia havia um p\u00fablico diferente. Ela conheceu o cantor Jo\u00e3o Paulo, j\u00e1 morto, e o parceiro, Daniel, al\u00e9m de Sandy e J\u00fanior. Aos domingos, as ruas eram fechadas e as caravanas usavam o banheiro do bar. &#8220;Vinha um pessoal esquisito e o bairro n\u00e3o ia para frente.&#8221;<\/p>\n<p>Na antiga sede do jornalismo da Globo, na Avenida General Ol\u00edmpio da Silveira, no centro, nada mudou no cotidiano da vizinhan\u00e7a. Nem a Padaria das Palmeiras, com 102 anos, sentiu efeito com a mudan\u00e7a da emissora para a zona sul. A tradi\u00e7\u00e3o faz a casa receber visitas ilustres, de pol\u00edticos como Fernando Henrique Cardoso (PSDB) e Gilberto Kassab (DEM) ao piloto Emerson Fittipaldi e integrantes do CQC. Diariamente, passam pela padaria 5 mil clientes e s\u00e3o vendidos 2.500 peda\u00e7os de pizza no balc\u00e3o. &#8220;O movimento n\u00e3o para, com ou sem Globo. O que estraga \u00e0s vezes s\u00e3o os feriados e festas de fim de ano&#8221;, diz o propriet\u00e1rio, o portugu\u00eas Delfim Santos, de 60 anos.<\/p>\n<p><em>Fonte: Ag\u00eancia Estado<\/em><\/p>\n\n<div style=\"font-size: 0px; height: 0px; line-height: 0px; margin: 0; padding: 0; clear: both;\"><\/div>","protected":false},"excerpt":{"rendered":"<p>Os arredores da Avenida Miruna, em Moema, zona sul, onde fica o pr\u00e9dio que abrigou a Rede Record e a Rede Mulher, est\u00e3o mais calmos desde que o local foi esvaziado. Em 2007, o espa\u00e7o ficou com a Record News e hoje \u00e9 escrit\u00f3rio da Life Empresarial, ligado \u00e0 Igreja Universal. Funcion\u00e1rios informaram que paredes foram derrubadas para a constru\u00e7\u00e3o de um hospital. Dono de uma mec\u00e2nica na frente do pr\u00e9dio, S\u00e9rgio Proen\u00e7a diz que essas mudan\u00e7as n\u00e3o causaram grande impacto. &#8220;Nosso movimento vem da Avenida 23 de Maio e dos clientes do Shopping Ibirapuera. Uma vez o Raul Gil <\/p>\n","protected":false},"author":1,"featured_media":0,"comment_status":"open","ping_status":"closed","sticky":false,"template":"","format":"standard","meta":{"footnotes":""},"categories":[1],"tags":[7],"class_list":["post-650","post","type-post","status-publish","format-standard","hentry","category-noticias-em-moema","tag-moema"],"yoast_head":"<!-- This site is optimized with the Yoast SEO plugin v26.3 - https:\/\/yoast.com\/wordpress\/plugins\/seo\/ -->\n<title>Moema: Record agitava a regi\u00e3o da Avenida Miruna - Encontra Moema<\/title>\n<meta name=\"robots\" content=\"index, follow, max-snippet:-1, max-image-preview:large, max-video-preview:-1\" \/>\n<link rel=\"canonical\" href=\"https:\/\/www.encontramoema.com.br\/sobre\/moema-record-agitava-a-regiao-da-avenida-miruna\/\" \/>\n<meta property=\"og:locale\" content=\"pt_BR\" \/>\n<meta property=\"og:type\" content=\"article\" \/>\n<meta property=\"og:title\" content=\"Moema: Record agitava a regi\u00e3o da Avenida Miruna - Encontra Moema\" \/>\n<meta property=\"og:description\" content=\"Os arredores da Avenida Miruna, em Moema, zona sul, onde fica o pr\u00e9dio que abrigou a Rede Record e a Rede Mulher, est\u00e3o mais calmos desde que o local foi esvaziado. Em 2007, o espa\u00e7o ficou com a Record News e hoje \u00e9 escrit\u00f3rio da Life Empresarial, ligado \u00e0 Igreja Universal. Funcion\u00e1rios informaram que paredes foram derrubadas para a constru\u00e7\u00e3o de um hospital. Dono de uma mec\u00e2nica na frente do pr\u00e9dio, S\u00e9rgio Proen\u00e7a diz que essas mudan\u00e7as n\u00e3o causaram grande impacto. &#8220;Nosso movimento vem da Avenida 23 de Maio e dos clientes do Shopping Ibirapuera. Uma vez o Raul Gil\" \/>\n<meta property=\"og:url\" content=\"https:\/\/www.encontramoema.com.br\/sobre\/moema-record-agitava-a-regiao-da-avenida-miruna\/\" \/>\n<meta property=\"og:site_name\" content=\"Encontra Moema\" \/>\n<meta property=\"article:published_time\" content=\"2010-09-13T21:39:08+00:00\" \/>\n<meta property=\"article:modified_time\" content=\"2019-04-12T21:06:07+00:00\" \/>\n<meta name=\"author\" content=\"Encontra Moema\" \/>\n<meta name=\"twitter:card\" content=\"summary_large_image\" \/>\n<meta name=\"twitter:label1\" content=\"Escrito por\" \/>\n\t<meta name=\"twitter:data1\" content=\"Encontra Moema\" \/>\n\t<meta name=\"twitter:label2\" content=\"Est. tempo de leitura\" \/>\n\t<meta name=\"twitter:data2\" content=\"2 minutos\" \/>\n<script type=\"application\/ld+json\" class=\"yoast-schema-graph\">{\"@context\":\"https:\/\/schema.org\",\"@graph\":[{\"@type\":\"WebPage\",\"@id\":\"https:\/\/www.encontramoema.com.br\/sobre\/moema-record-agitava-a-regiao-da-avenida-miruna\/\",\"url\":\"https:\/\/www.encontramoema.com.br\/sobre\/moema-record-agitava-a-regiao-da-avenida-miruna\/\",\"name\":\"Moema: Record agitava a regi\u00e3o da Avenida Miruna - Encontra Moema\",\"isPartOf\":{\"@id\":\"https:\/\/www.encontramoema.com.br\/sobre\/#website\"},\"datePublished\":\"2010-09-13T21:39:08+00:00\",\"dateModified\":\"2019-04-12T21:06:07+00:00\",\"author\":{\"@id\":\"https:\/\/www.encontramoema.com.br\/sobre\/#\/schema\/person\/3c3656d12b82130d77eba13c4ef23efa\"},\"breadcrumb\":{\"@id\":\"https:\/\/www.encontramoema.com.br\/sobre\/moema-record-agitava-a-regiao-da-avenida-miruna\/#breadcrumb\"},\"inLanguage\":\"pt-BR\",\"potentialAction\":[{\"@type\":\"ReadAction\",\"target\":[\"https:\/\/www.encontramoema.com.br\/sobre\/moema-record-agitava-a-regiao-da-avenida-miruna\/\"]}]},{\"@type\":\"BreadcrumbList\",\"@id\":\"https:\/\/www.encontramoema.com.br\/sobre\/moema-record-agitava-a-regiao-da-avenida-miruna\/#breadcrumb\",\"itemListElement\":[{\"@type\":\"ListItem\",\"position\":1,\"name\":\"In\u00edcio\",\"item\":\"https:\/\/www.encontramoema.com.br\/sobre\/\"},{\"@type\":\"ListItem\",\"position\":2,\"name\":\"Moema: Record agitava a regi\u00e3o da Avenida Miruna\"}]},{\"@type\":\"WebSite\",\"@id\":\"https:\/\/www.encontramoema.com.br\/sobre\/#website\",\"url\":\"https:\/\/www.encontramoema.com.br\/sobre\/\",\"name\":\"Encontra Moema\",\"description\":\"Not\u00edcias, eventos, informa\u00e7\u00f5es e dicas no bairro de Moema e regi\u00e3o.\",\"potentialAction\":[{\"@type\":\"SearchAction\",\"target\":{\"@type\":\"EntryPoint\",\"urlTemplate\":\"https:\/\/www.encontramoema.com.br\/sobre\/?s={search_term_string}\"},\"query-input\":{\"@type\":\"PropertyValueSpecification\",\"valueRequired\":true,\"valueName\":\"search_term_string\"}}],\"inLanguage\":\"pt-BR\"},{\"@type\":\"Person\",\"@id\":\"https:\/\/www.encontramoema.com.br\/sobre\/#\/schema\/person\/3c3656d12b82130d77eba13c4ef23efa\",\"name\":\"Encontra Moema\",\"image\":{\"@type\":\"ImageObject\",\"inLanguage\":\"pt-BR\",\"@id\":\"https:\/\/www.encontramoema.com.br\/sobre\/#\/schema\/person\/image\/\",\"url\":\"https:\/\/secure.gravatar.com\/avatar\/0fbed662e37531ae23e68f85f9517b2454e50c1dfebf80eb9b721449ac95e0b9?s=96&d=mm&r=g\",\"contentUrl\":\"https:\/\/secure.gravatar.com\/avatar\/0fbed662e37531ae23e68f85f9517b2454e50c1dfebf80eb9b721449ac95e0b9?s=96&d=mm&r=g\",\"caption\":\"Encontra Moema\"},\"url\":\"https:\/\/www.encontramoema.com.br\/sobre\/author\/emoema\/\"}]}<\/script>\n<!-- \/ Yoast SEO plugin. -->","yoast_head_json":{"title":"Moema: Record agitava a regi\u00e3o da Avenida Miruna - Encontra Moema","robots":{"index":"index","follow":"follow","max-snippet":"max-snippet:-1","max-image-preview":"max-image-preview:large","max-video-preview":"max-video-preview:-1"},"canonical":"https:\/\/www.encontramoema.com.br\/sobre\/moema-record-agitava-a-regiao-da-avenida-miruna\/","og_locale":"pt_BR","og_type":"article","og_title":"Moema: Record agitava a regi\u00e3o da Avenida Miruna - Encontra Moema","og_description":"Os arredores da Avenida Miruna, em Moema, zona sul, onde fica o pr\u00e9dio que abrigou a Rede Record e a Rede Mulher, est\u00e3o mais calmos desde que o local foi esvaziado. Em 2007, o espa\u00e7o ficou com a Record News e hoje \u00e9 escrit\u00f3rio da Life Empresarial, ligado \u00e0 Igreja Universal. Funcion\u00e1rios informaram que paredes foram derrubadas para a constru\u00e7\u00e3o de um hospital. Dono de uma mec\u00e2nica na frente do pr\u00e9dio, S\u00e9rgio Proen\u00e7a diz que essas mudan\u00e7as n\u00e3o causaram grande impacto. &#8220;Nosso movimento vem da Avenida 23 de Maio e dos clientes do Shopping Ibirapuera. Uma vez o Raul Gil","og_url":"https:\/\/www.encontramoema.com.br\/sobre\/moema-record-agitava-a-regiao-da-avenida-miruna\/","og_site_name":"Encontra Moema","article_published_time":"2010-09-13T21:39:08+00:00","article_modified_time":"2019-04-12T21:06:07+00:00","author":"Encontra Moema","twitter_card":"summary_large_image","twitter_misc":{"Escrito por":"Encontra Moema","Est. tempo de leitura":"2 minutos"},"schema":{"@context":"https:\/\/schema.org","@graph":[{"@type":"WebPage","@id":"https:\/\/www.encontramoema.com.br\/sobre\/moema-record-agitava-a-regiao-da-avenida-miruna\/","url":"https:\/\/www.encontramoema.com.br\/sobre\/moema-record-agitava-a-regiao-da-avenida-miruna\/","name":"Moema: Record agitava a regi\u00e3o da Avenida Miruna - Encontra Moema","isPartOf":{"@id":"https:\/\/www.encontramoema.com.br\/sobre\/#website"},"datePublished":"2010-09-13T21:39:08+00:00","dateModified":"2019-04-12T21:06:07+00:00","author":{"@id":"https:\/\/www.encontramoema.com.br\/sobre\/#\/schema\/person\/3c3656d12b82130d77eba13c4ef23efa"},"breadcrumb":{"@id":"https:\/\/www.encontramoema.com.br\/sobre\/moema-record-agitava-a-regiao-da-avenida-miruna\/#breadcrumb"},"inLanguage":"pt-BR","potentialAction":[{"@type":"ReadAction","target":["https:\/\/www.encontramoema.com.br\/sobre\/moema-record-agitava-a-regiao-da-avenida-miruna\/"]}]},{"@type":"BreadcrumbList","@id":"https:\/\/www.encontramoema.com.br\/sobre\/moema-record-agitava-a-regiao-da-avenida-miruna\/#breadcrumb","itemListElement":[{"@type":"ListItem","position":1,"name":"In\u00edcio","item":"https:\/\/www.encontramoema.com.br\/sobre\/"},{"@type":"ListItem","position":2,"name":"Moema: Record agitava a regi\u00e3o da Avenida Miruna"}]},{"@type":"WebSite","@id":"https:\/\/www.encontramoema.com.br\/sobre\/#website","url":"https:\/\/www.encontramoema.com.br\/sobre\/","name":"Encontra Moema","description":"Not\u00edcias, eventos, informa\u00e7\u00f5es e dicas no bairro de Moema e regi\u00e3o.","potentialAction":[{"@type":"SearchAction","target":{"@type":"EntryPoint","urlTemplate":"https:\/\/www.encontramoema.com.br\/sobre\/?s={search_term_string}"},"query-input":{"@type":"PropertyValueSpecification","valueRequired":true,"valueName":"search_term_string"}}],"inLanguage":"pt-BR"},{"@type":"Person","@id":"https:\/\/www.encontramoema.com.br\/sobre\/#\/schema\/person\/3c3656d12b82130d77eba13c4ef23efa","name":"Encontra Moema","image":{"@type":"ImageObject","inLanguage":"pt-BR","@id":"https:\/\/www.encontramoema.com.br\/sobre\/#\/schema\/person\/image\/","url":"https:\/\/secure.gravatar.com\/avatar\/0fbed662e37531ae23e68f85f9517b2454e50c1dfebf80eb9b721449ac95e0b9?s=96&d=mm&r=g","contentUrl":"https:\/\/secure.gravatar.com\/avatar\/0fbed662e37531ae23e68f85f9517b2454e50c1dfebf80eb9b721449ac95e0b9?s=96&d=mm&r=g","caption":"Encontra Moema"},"url":"https:\/\/www.encontramoema.com.br\/sobre\/author\/emoema\/"}]}},"_links":{"self":[{"href":"https:\/\/www.encontramoema.com.br\/sobre\/wp-json\/wp\/v2\/posts\/650","targetHints":{"allow":["GET"]}}],"collection":[{"href":"https:\/\/www.encontramoema.com.br\/sobre\/wp-json\/wp\/v2\/posts"}],"about":[{"href":"https:\/\/www.encontramoema.com.br\/sobre\/wp-json\/wp\/v2\/types\/post"}],"author":[{"embeddable":true,"href":"https:\/\/www.encontramoema.com.br\/sobre\/wp-json\/wp\/v2\/users\/1"}],"replies":[{"embeddable":true,"href":"https:\/\/www.encontramoema.com.br\/sobre\/wp-json\/wp\/v2\/comments?post=650"}],"version-history":[{"count":0,"href":"https:\/\/www.encontramoema.com.br\/sobre\/wp-json\/wp\/v2\/posts\/650\/revisions"}],"wp:attachment":[{"href":"https:\/\/www.encontramoema.com.br\/sobre\/wp-json\/wp\/v2\/media?parent=650"}],"wp:term":[{"taxonomy":"category","embeddable":true,"href":"https:\/\/www.encontramoema.com.br\/sobre\/wp-json\/wp\/v2\/categories?post=650"},{"taxonomy":"post_tag","embeddable":true,"href":"https:\/\/www.encontramoema.com.br\/sobre\/wp-json\/wp\/v2\/tags?post=650"}],"curies":[{"name":"wp","href":"https:\/\/api.w.org\/{rel}","templated":true}]}}