{"id":662,"date":"2010-09-20T19:44:42","date_gmt":"2010-09-20T21:44:42","guid":{"rendered":"http:\/\/www.encontramoema.com.br\/blog\/?p=662"},"modified":"2019-04-12T19:06:07","modified_gmt":"2019-04-12T21:06:07","slug":"mayra-andrade-se-apresenta-em-moema-no-mes-de-outubro","status":"publish","type":"post","link":"https:\/\/www.encontramoema.com.br\/sobre\/mayra-andrade-se-apresenta-em-moema-no-mes-de-outubro\/","title":{"rendered":"Mayra Andrade se apresenta em Moema no m\u00eas de outubro"},"content":{"rendered":"<div class=\"b7f545a958fd6350ffae2d30a84cafb8\" data-index=\"1\" style=\"float: none; margin:0px;\">\n<!-- Anuncio display - global -->\r\n<ins class=\"adsbygoogle\"\r\n     style=\"display:block\"\r\n     data-ad-client=\"ca-pub-8585364105181520\"\r\n     data-ad-slot=\"8789329856\"\r\n     data-ad-format=\"auto\"\r\n     data-full-width-responsive=\"true\"><\/ins>\r\n<script>\r\n     (adsbygoogle = window.adsbygoogle || []).push({});\r\n<\/script>\n<\/div>\n<p>Quando se fala em m\u00fasica de Cabo Verde, o primeiro nome a vir \u00e0 tona \u00e9 o de Cesaria Evora. Mas o pa\u00eds insular africano tem outras belezas a oferecer al\u00e9m das praias, mornas e coladeiras predominantes na ilha da diva dos p\u00e9s descal\u00e7os: a voz, a presen\u00e7a morena, ensolarada, e a riqueza r\u00edtmica de Mayra Andrade. Com o repert\u00f3rio St\u00f3ria, St\u00f3ria&#8230;, seu segundo e \u00f3timo \u00e1lbum, ela canta em S\u00e3o Paulo no dia 22 de outubro, no <a href=\"http:\/\/www.encontramoema.com.br\/moema\/citibank-hall-de-moema.shtml\" target=\"_blank\">Citibak Hall<\/a>, em Moema.<\/p>\n<p>Cesaria \u00e9 de S\u00e3o Vicente (ao Norte), Mayra vem de outra ilha, Santiago (ao Sul do arquip\u00e9lago) e traz outras refer\u00eancias r\u00edtmicas de matrizes africanas, como o funan\u00e1 e o batuco, que n\u00e3o existem em S\u00e3o Vicente. &#8220;Minha ilha \u00e9 talvez a mais africana de Cabo Verde e o que me interessa \u00e9 dar a conhecer internacionalmente, com approach mais pessoal e contempor\u00e2neo, ritmos que at\u00e9 agora ficaram s\u00f3 l\u00e1.&#8221;<\/p>\n<p>Diferen\u00e7as \u00e0 parte, ambas t\u00eam significativa rela\u00e7\u00e3o com a m\u00fasica brasileira. O CD de Mayra foi produzido pelo paulistano Al\u00ea Siqueira, que cravou sua marca em trabalhos de Arnaldo Antunes, Tribalistas, Tom Z\u00e9, Z\u00e9 Miguel Wisnik e da cubana Omara Portuondo, entre v\u00e1rios outros.<\/p>\n<p>A presen\u00e7a do produtor brasileiro pode induzir o ouvinte a achar que Mayra tamb\u00e9m teve influ\u00eancia de jongo, maracatu, marcha &#8220;caetaneada&#8221; e outras cad\u00eancias e misturas tropicalistas, liquidificando-as com os cubanos e cabo-verdianos no CD sucessor de Navega. Mas n\u00e3o. &#8220;A m\u00fasica brasileira e a cubana s\u00e3o mais conhecidas no mundo do que a cabo-verdiana, ent\u00e3o, o pequeno \u00e9 aspirado pelo grande. Acham que \u00e9 &#8220;tipo m\u00fasica brasileira&#8221; o que fa\u00e7o, mas as pessoas viram pela Cesaria uma parte da vitrine do que \u00e9 Cabo Verde e desconhecem todo um universo&#8221;, defende.<\/p>\n<p>O ritmo da can\u00e7\u00e3o Nha Dam\u00e1xa, por exemplo, \u00e9 bandeira, s\u00f3 tocado na Ilha do Fogo. &#8220;Dentro da bandeira que \u00e9, digamos, um tipo de maracatu, voc\u00ea tem 32 varia\u00e7\u00f5es. M\u00fasicos brasileiros que conheci aqui em Paris costumam comparar certos ritmos nossos com os de voc\u00eas, Mas n\u00e3o \u00e9 id\u00eantico, \u00e9 parecido. Turbulensa \u00e9 uma marcha como a gente toca no carnaval. Em Cuba eles tamb\u00e9m tocam, mas l\u00e1 se chama conga. N\u00e3o \u00e9 a vontade de tocar m\u00fasica brasileira, mas de mostrar que entre Cabo Verde, Brasil e Cuba tem um ritmo que \u00e9 comum.&#8221;<\/p>\n<p>Liberdade. Mayra diz que sua identidade est\u00e1 preservada na &#8220;liberdade de poder provocar encontros e de n\u00e3o ter nenhum complexo em assumir uma est\u00e9tica que possa vir de outra m\u00fasica, que n\u00e3o seja somente a cabo-verdiana&#8221;. Nascida em Cuba &#8220;por mero acaso&#8221;, ela cresceu entre Senegal, Angola, Alemanha e Cabo Verde. Com arranjos do carioca Jaques Morelenbaum. St\u00f3ria, St\u00f3ria&#8230; foi gravado em S\u00e3o Paulo, Rio, Havana e Paris e tem participa\u00e7\u00e3o do violonista paulista Swami Jr., que tamb\u00e9m trabalha com Omara. &#8220;A m\u00fasica brasileira esteve sempre na minha vida. Com cinco ou seis anos eu j\u00e1 ouvia Caetano Veloso, ent\u00e3o, meio que me eduquei com essa m\u00fasica.&#8221;<\/p>\n<p>Ao mesmo tempo, ela sempre foi &#8220;muito sens\u00edvel&#8221; \u00e0 cultura cubana, que considera &#8221; muito magn\u00e9tica&#8221;, e tinha vontade de voltar ao pa\u00eds onde nasceu. Foi assim que aos 22 anos (est\u00e1 com 25) ela passou a frequentar Cuba e fazer contatos com m\u00fasicos de l\u00e1. Entre eles est\u00e1 o soberbo pianista Roberto Fonseca, com quem j\u00e1 tinha gravado e que participa de seu novo CD.<\/p>\n<p>Apesar de j\u00e1 ter cantado em espanhol em shows, ela, por\u00e9m, ainda resistiu a gravar nesse idioma, preferindo o dialeto crioulo, que a seu ver n\u00e3o \u00e9 uma alternativa de afirma\u00e7\u00e3o pol\u00edtica, de resist\u00eancia cultural. &#8220;Num disco, justamente porque tenho a possibilidade de cantar em v\u00e1rias l\u00ednguas, fico com receio de no final apresentar um disco que seja incoerente ou tenho gosto de salada russa. Ent\u00e3o gravo em crioulo e em cada disco tem uma m\u00fasica em franc\u00eas, porque \u00e9 minha terceira l\u00edngua, falo desde menina&#8221;, diz. &#8220;O crioulo \u00e9 a l\u00edngua pela qual a cultura cabo-verdiana se expressa, apesar de o portugu\u00eas ser a oficial. A gente canta em crioulo n\u00e3o para reivindicar a nossa nacionalidade. \u00c9 porque \u00e9 natural, \u00e9 a raiz, \u00e9 a cultura, \u00e9 a identidade, \u00e9 a bandeira. \u00c9 o nosso ritmo.&#8221;<\/p>\n<p>Mesmo que n\u00e3o se entenda muito o significado de algumas express\u00f5es, misturadas com portugu\u00eas, sua m\u00fasica \u00e9 t\u00e3o deslumbrante quanto as \u00e1guas cristalinas das praias de Cabo Verde.<\/p>\n<p><strong>MAYRA ANDRADE<\/strong><\/p>\n<p>Citibank Hall. Av. Jamaris, 213, Moema, tel. 4003-6464. Dia 22 de outubro, 22 h. De R$ 60 a R$ 130 (meia entrada: de R$ 30 a R$ 65)<\/p>\n<p><em>Fonte: O Estado de S. Paulo<\/em><\/p>\n\n<div style=\"font-size: 0px; height: 0px; line-height: 0px; margin: 0; padding: 0; clear: both;\"><\/div>","protected":false},"excerpt":{"rendered":"<p>Quando se fala em m\u00fasica de Cabo Verde, o primeiro nome a vir \u00e0 tona \u00e9 o de Cesaria Evora. Mas o pa\u00eds insular africano tem outras belezas a oferecer al\u00e9m das praias, mornas e coladeiras predominantes na ilha da diva dos p\u00e9s descal\u00e7os: a voz, a presen\u00e7a morena, ensolarada, e a riqueza r\u00edtmica de Mayra Andrade. Com o repert\u00f3rio St\u00f3ria, St\u00f3ria&#8230;, seu segundo e \u00f3timo \u00e1lbum, ela canta em S\u00e3o Paulo no dia 22 de outubro, no Citibak Hall, em Moema. Cesaria \u00e9 de S\u00e3o Vicente (ao Norte), Mayra vem de outra ilha, Santiago (ao Sul do arquip\u00e9lago) e <\/p>\n","protected":false},"author":1,"featured_media":0,"comment_status":"open","ping_status":"closed","sticky":false,"template":"","format":"standard","meta":{"footnotes":""},"categories":[10],"tags":[7],"class_list":["post-662","post","type-post","status-publish","format-standard","hentry","category-shows-em-moema","tag-moema"],"yoast_head":"<!-- This site is optimized with the Yoast SEO plugin v26.3 - https:\/\/yoast.com\/wordpress\/plugins\/seo\/ -->\n<title>Mayra Andrade se apresenta em Moema no m\u00eas de outubro - Encontra Moema<\/title>\n<meta name=\"robots\" content=\"index, follow, max-snippet:-1, max-image-preview:large, max-video-preview:-1\" \/>\n<link rel=\"canonical\" href=\"https:\/\/www.encontramoema.com.br\/sobre\/mayra-andrade-se-apresenta-em-moema-no-mes-de-outubro\/\" \/>\n<meta property=\"og:locale\" content=\"pt_BR\" \/>\n<meta property=\"og:type\" content=\"article\" \/>\n<meta property=\"og:title\" content=\"Mayra Andrade se apresenta em Moema no m\u00eas de outubro - Encontra Moema\" \/>\n<meta property=\"og:description\" content=\"Quando se fala em m\u00fasica de Cabo Verde, o primeiro nome a vir \u00e0 tona \u00e9 o de Cesaria Evora. Mas o pa\u00eds insular africano tem outras belezas a oferecer al\u00e9m das praias, mornas e coladeiras predominantes na ilha da diva dos p\u00e9s descal\u00e7os: a voz, a presen\u00e7a morena, ensolarada, e a riqueza r\u00edtmica de Mayra Andrade. Com o repert\u00f3rio St\u00f3ria, St\u00f3ria&#8230;, seu segundo e \u00f3timo \u00e1lbum, ela canta em S\u00e3o Paulo no dia 22 de outubro, no Citibak Hall, em Moema. Cesaria \u00e9 de S\u00e3o Vicente (ao Norte), Mayra vem de outra ilha, Santiago (ao Sul do arquip\u00e9lago) e\" \/>\n<meta property=\"og:url\" content=\"https:\/\/www.encontramoema.com.br\/sobre\/mayra-andrade-se-apresenta-em-moema-no-mes-de-outubro\/\" \/>\n<meta property=\"og:site_name\" content=\"Encontra Moema\" \/>\n<meta property=\"article:published_time\" content=\"2010-09-20T21:44:42+00:00\" \/>\n<meta property=\"article:modified_time\" content=\"2019-04-12T21:06:07+00:00\" \/>\n<meta name=\"author\" content=\"Encontra Moema\" \/>\n<meta name=\"twitter:card\" content=\"summary_large_image\" \/>\n<meta name=\"twitter:label1\" content=\"Escrito por\" \/>\n\t<meta name=\"twitter:data1\" content=\"Encontra Moema\" \/>\n\t<meta name=\"twitter:label2\" content=\"Est. tempo de leitura\" \/>\n\t<meta name=\"twitter:data2\" content=\"4 minutos\" \/>\n<script type=\"application\/ld+json\" class=\"yoast-schema-graph\">{\"@context\":\"https:\/\/schema.org\",\"@graph\":[{\"@type\":\"WebPage\",\"@id\":\"https:\/\/www.encontramoema.com.br\/sobre\/mayra-andrade-se-apresenta-em-moema-no-mes-de-outubro\/\",\"url\":\"https:\/\/www.encontramoema.com.br\/sobre\/mayra-andrade-se-apresenta-em-moema-no-mes-de-outubro\/\",\"name\":\"Mayra Andrade se apresenta em Moema no m\u00eas de outubro - Encontra Moema\",\"isPartOf\":{\"@id\":\"https:\/\/www.encontramoema.com.br\/sobre\/#website\"},\"datePublished\":\"2010-09-20T21:44:42+00:00\",\"dateModified\":\"2019-04-12T21:06:07+00:00\",\"author\":{\"@id\":\"https:\/\/www.encontramoema.com.br\/sobre\/#\/schema\/person\/3c3656d12b82130d77eba13c4ef23efa\"},\"breadcrumb\":{\"@id\":\"https:\/\/www.encontramoema.com.br\/sobre\/mayra-andrade-se-apresenta-em-moema-no-mes-de-outubro\/#breadcrumb\"},\"inLanguage\":\"pt-BR\",\"potentialAction\":[{\"@type\":\"ReadAction\",\"target\":[\"https:\/\/www.encontramoema.com.br\/sobre\/mayra-andrade-se-apresenta-em-moema-no-mes-de-outubro\/\"]}]},{\"@type\":\"BreadcrumbList\",\"@id\":\"https:\/\/www.encontramoema.com.br\/sobre\/mayra-andrade-se-apresenta-em-moema-no-mes-de-outubro\/#breadcrumb\",\"itemListElement\":[{\"@type\":\"ListItem\",\"position\":1,\"name\":\"In\u00edcio\",\"item\":\"https:\/\/www.encontramoema.com.br\/sobre\/\"},{\"@type\":\"ListItem\",\"position\":2,\"name\":\"Mayra Andrade se apresenta em Moema no m\u00eas de outubro\"}]},{\"@type\":\"WebSite\",\"@id\":\"https:\/\/www.encontramoema.com.br\/sobre\/#website\",\"url\":\"https:\/\/www.encontramoema.com.br\/sobre\/\",\"name\":\"Encontra Moema\",\"description\":\"Not\u00edcias, eventos, informa\u00e7\u00f5es e dicas no bairro de Moema e regi\u00e3o.\",\"potentialAction\":[{\"@type\":\"SearchAction\",\"target\":{\"@type\":\"EntryPoint\",\"urlTemplate\":\"https:\/\/www.encontramoema.com.br\/sobre\/?s={search_term_string}\"},\"query-input\":{\"@type\":\"PropertyValueSpecification\",\"valueRequired\":true,\"valueName\":\"search_term_string\"}}],\"inLanguage\":\"pt-BR\"},{\"@type\":\"Person\",\"@id\":\"https:\/\/www.encontramoema.com.br\/sobre\/#\/schema\/person\/3c3656d12b82130d77eba13c4ef23efa\",\"name\":\"Encontra Moema\",\"image\":{\"@type\":\"ImageObject\",\"inLanguage\":\"pt-BR\",\"@id\":\"https:\/\/www.encontramoema.com.br\/sobre\/#\/schema\/person\/image\/\",\"url\":\"https:\/\/secure.gravatar.com\/avatar\/0fbed662e37531ae23e68f85f9517b2454e50c1dfebf80eb9b721449ac95e0b9?s=96&d=mm&r=g\",\"contentUrl\":\"https:\/\/secure.gravatar.com\/avatar\/0fbed662e37531ae23e68f85f9517b2454e50c1dfebf80eb9b721449ac95e0b9?s=96&d=mm&r=g\",\"caption\":\"Encontra Moema\"},\"url\":\"https:\/\/www.encontramoema.com.br\/sobre\/author\/emoema\/\"}]}<\/script>\n<!-- \/ Yoast SEO plugin. -->","yoast_head_json":{"title":"Mayra Andrade se apresenta em Moema no m\u00eas de outubro - Encontra Moema","robots":{"index":"index","follow":"follow","max-snippet":"max-snippet:-1","max-image-preview":"max-image-preview:large","max-video-preview":"max-video-preview:-1"},"canonical":"https:\/\/www.encontramoema.com.br\/sobre\/mayra-andrade-se-apresenta-em-moema-no-mes-de-outubro\/","og_locale":"pt_BR","og_type":"article","og_title":"Mayra Andrade se apresenta em Moema no m\u00eas de outubro - Encontra Moema","og_description":"Quando se fala em m\u00fasica de Cabo Verde, o primeiro nome a vir \u00e0 tona \u00e9 o de Cesaria Evora. Mas o pa\u00eds insular africano tem outras belezas a oferecer al\u00e9m das praias, mornas e coladeiras predominantes na ilha da diva dos p\u00e9s descal\u00e7os: a voz, a presen\u00e7a morena, ensolarada, e a riqueza r\u00edtmica de Mayra Andrade. Com o repert\u00f3rio St\u00f3ria, St\u00f3ria&#8230;, seu segundo e \u00f3timo \u00e1lbum, ela canta em S\u00e3o Paulo no dia 22 de outubro, no Citibak Hall, em Moema. Cesaria \u00e9 de S\u00e3o Vicente (ao Norte), Mayra vem de outra ilha, Santiago (ao Sul do arquip\u00e9lago) e","og_url":"https:\/\/www.encontramoema.com.br\/sobre\/mayra-andrade-se-apresenta-em-moema-no-mes-de-outubro\/","og_site_name":"Encontra Moema","article_published_time":"2010-09-20T21:44:42+00:00","article_modified_time":"2019-04-12T21:06:07+00:00","author":"Encontra Moema","twitter_card":"summary_large_image","twitter_misc":{"Escrito por":"Encontra Moema","Est. tempo de leitura":"4 minutos"},"schema":{"@context":"https:\/\/schema.org","@graph":[{"@type":"WebPage","@id":"https:\/\/www.encontramoema.com.br\/sobre\/mayra-andrade-se-apresenta-em-moema-no-mes-de-outubro\/","url":"https:\/\/www.encontramoema.com.br\/sobre\/mayra-andrade-se-apresenta-em-moema-no-mes-de-outubro\/","name":"Mayra Andrade se apresenta em Moema no m\u00eas de outubro - Encontra Moema","isPartOf":{"@id":"https:\/\/www.encontramoema.com.br\/sobre\/#website"},"datePublished":"2010-09-20T21:44:42+00:00","dateModified":"2019-04-12T21:06:07+00:00","author":{"@id":"https:\/\/www.encontramoema.com.br\/sobre\/#\/schema\/person\/3c3656d12b82130d77eba13c4ef23efa"},"breadcrumb":{"@id":"https:\/\/www.encontramoema.com.br\/sobre\/mayra-andrade-se-apresenta-em-moema-no-mes-de-outubro\/#breadcrumb"},"inLanguage":"pt-BR","potentialAction":[{"@type":"ReadAction","target":["https:\/\/www.encontramoema.com.br\/sobre\/mayra-andrade-se-apresenta-em-moema-no-mes-de-outubro\/"]}]},{"@type":"BreadcrumbList","@id":"https:\/\/www.encontramoema.com.br\/sobre\/mayra-andrade-se-apresenta-em-moema-no-mes-de-outubro\/#breadcrumb","itemListElement":[{"@type":"ListItem","position":1,"name":"In\u00edcio","item":"https:\/\/www.encontramoema.com.br\/sobre\/"},{"@type":"ListItem","position":2,"name":"Mayra Andrade se apresenta em Moema no m\u00eas de outubro"}]},{"@type":"WebSite","@id":"https:\/\/www.encontramoema.com.br\/sobre\/#website","url":"https:\/\/www.encontramoema.com.br\/sobre\/","name":"Encontra Moema","description":"Not\u00edcias, eventos, informa\u00e7\u00f5es e dicas no bairro de Moema e regi\u00e3o.","potentialAction":[{"@type":"SearchAction","target":{"@type":"EntryPoint","urlTemplate":"https:\/\/www.encontramoema.com.br\/sobre\/?s={search_term_string}"},"query-input":{"@type":"PropertyValueSpecification","valueRequired":true,"valueName":"search_term_string"}}],"inLanguage":"pt-BR"},{"@type":"Person","@id":"https:\/\/www.encontramoema.com.br\/sobre\/#\/schema\/person\/3c3656d12b82130d77eba13c4ef23efa","name":"Encontra Moema","image":{"@type":"ImageObject","inLanguage":"pt-BR","@id":"https:\/\/www.encontramoema.com.br\/sobre\/#\/schema\/person\/image\/","url":"https:\/\/secure.gravatar.com\/avatar\/0fbed662e37531ae23e68f85f9517b2454e50c1dfebf80eb9b721449ac95e0b9?s=96&d=mm&r=g","contentUrl":"https:\/\/secure.gravatar.com\/avatar\/0fbed662e37531ae23e68f85f9517b2454e50c1dfebf80eb9b721449ac95e0b9?s=96&d=mm&r=g","caption":"Encontra Moema"},"url":"https:\/\/www.encontramoema.com.br\/sobre\/author\/emoema\/"}]}},"_links":{"self":[{"href":"https:\/\/www.encontramoema.com.br\/sobre\/wp-json\/wp\/v2\/posts\/662","targetHints":{"allow":["GET"]}}],"collection":[{"href":"https:\/\/www.encontramoema.com.br\/sobre\/wp-json\/wp\/v2\/posts"}],"about":[{"href":"https:\/\/www.encontramoema.com.br\/sobre\/wp-json\/wp\/v2\/types\/post"}],"author":[{"embeddable":true,"href":"https:\/\/www.encontramoema.com.br\/sobre\/wp-json\/wp\/v2\/users\/1"}],"replies":[{"embeddable":true,"href":"https:\/\/www.encontramoema.com.br\/sobre\/wp-json\/wp\/v2\/comments?post=662"}],"version-history":[{"count":0,"href":"https:\/\/www.encontramoema.com.br\/sobre\/wp-json\/wp\/v2\/posts\/662\/revisions"}],"wp:attachment":[{"href":"https:\/\/www.encontramoema.com.br\/sobre\/wp-json\/wp\/v2\/media?parent=662"}],"wp:term":[{"taxonomy":"category","embeddable":true,"href":"https:\/\/www.encontramoema.com.br\/sobre\/wp-json\/wp\/v2\/categories?post=662"},{"taxonomy":"post_tag","embeddable":true,"href":"https:\/\/www.encontramoema.com.br\/sobre\/wp-json\/wp\/v2\/tags?post=662"}],"curies":[{"name":"wp","href":"https:\/\/api.w.org\/{rel}","templated":true}]}}