{"id":673,"date":"2010-09-24T20:11:36","date_gmt":"2010-09-24T22:11:36","guid":{"rendered":"http:\/\/www.encontramoema.com.br\/blog\/?p=673"},"modified":"2019-04-12T19:06:07","modified_gmt":"2019-04-12T21:06:07","slug":"bale-da-cidade-se-apresenta-na-bienal-do-parque-do-ibirapuera","status":"publish","type":"post","link":"https:\/\/www.encontramoema.com.br\/sobre\/bale-da-cidade-se-apresenta-na-bienal-do-parque-do-ibirapuera\/","title":{"rendered":"Bal\u00e9 da Cidade se apresenta na Bienal do Parque do Ibirapuera"},"content":{"rendered":"<div class=\"b7f545a958fd6350ffae2d30a84cafb8\" data-index=\"1\" style=\"float: none; margin:0px;\">\n<!-- Anuncio display - global -->\r\n<ins class=\"adsbygoogle\"\r\n     style=\"display:block\"\r\n     data-ad-client=\"ca-pub-8585364105181520\"\r\n     data-ad-slot=\"8789329856\"\r\n     data-ad-format=\"auto\"\r\n     data-full-width-responsive=\"true\"><\/ins>\r\n<script>\r\n     (adsbygoogle = window.adsbygoogle || []).push({});\r\n<\/script>\n<\/div>\n<p>O primeiro trabalho da nova safra de cria\u00e7\u00f5es do Bal\u00e9 da Cidade de S\u00e3o Paulo \u00e9\u00a0Cr\u00f4nicas do tempo, coreografia que ser\u00e1 apresentada na 29\u00ba edi\u00e7\u00e3o da Bienal Internacional de S\u00e3o Paulo dia 25 de setembro, no <a href=\"http:\/\/www.encontramoema.com.br\/moema\/parque-do-ibirapuera.shtml\" target=\"_blank\">Parque do Ibirapuera<\/a>, \u00e0s 11h e 14h. Com dire\u00e7\u00e3o geral de Lara Pinheiro, a apresenta\u00e7\u00e3o marca a estreia da companhia de dan\u00e7a do Teatro Municipal de S\u00e3o Paulo no evento.<\/p>\n<p>Com 19 bailarinos em cena, a pe\u00e7a tem trilha sonora especialmente composta pelo Quarteto de Cordas da Cidade de S\u00e3o Paulo e figurino assinado pelo estilista Jo\u00e3o Pimenta que, depois de cinco anos na Casa de Criadores, desfilou sua cole\u00e7\u00e3o masculina de ver\u00e3o 2011 na S\u00e3o Paulo Fashion Week.<\/p>\n<p>A coreografia marcou tamb\u00e9m a inaugura\u00e7\u00e3o do projeto Laborat\u00f3rio de cria\u00e7\u00e3o. A montagem conta com a participa\u00e7\u00e3o do compositor Ed Cortes e dos bailarinos da companhia Jaruam Miguez, Raymundo Costa e Liliane de Grammont e do diretor assistente Luiz Fernando Bongiovanni. Segundo Lara Pinheiro, diretora do BCSP, a colabora\u00e7\u00e3o dos bailarinos serve \u201cpara a cria\u00e7\u00e3o de uma linguagem pr\u00f3pria e para a forma\u00e7\u00e3o de uma identidade do grupo\u201d.<\/p>\n<p>O argumento da coreografia \u00e9 a passagem e a pot\u00eancia do tempo na vida das pessoas. \u201cEsse tema foi um ponto em comum entre todos na hora de montar o espet\u00e1culo\u201d, explica a diretora. A estreia de Cr\u00f4nicas do Tempo aconteceu em agosto deste ano, no Centro Cultural S\u00e3o Paulo.<br \/>\n<strong><\/strong><\/p>\n<p><strong>SERVI\u00c7O<br \/>\n<\/strong><br \/>\nParticipa\u00e7\u00e3o do Bal\u00e9 da Cidade de S\u00e3o Paulo na 29\u00ba Bienal de Artes de S\u00e3o Paulo<br \/>\nData:\u00a025 de setembro<br \/>\nHor\u00e1rio:\u00a011h e 14h<br \/>\nLocal:\u00a0Pavilh\u00e3o Ciccillo Matarazzo \u2013 Parque Ibirapuera<br \/>\nEndere\u00e7o:\u00a0Av. Pedro \u00c1lvares Cabral, s\/n\u00ba, Port\u00e3o 3, Vila Clementino<br \/>\nGr\u00e1tis<\/p>\n<p><em>Fonte: Prefeitura de S\u00e3o Paulo<\/em><\/p>\n\n<div style=\"font-size: 0px; height: 0px; line-height: 0px; margin: 0; padding: 0; clear: both;\"><\/div>","protected":false},"excerpt":{"rendered":"<p>O primeiro trabalho da nova safra de cria\u00e7\u00f5es do Bal\u00e9 da Cidade de S\u00e3o Paulo \u00e9\u00a0Cr\u00f4nicas do tempo, coreografia que ser\u00e1 apresentada na 29\u00ba edi\u00e7\u00e3o da Bienal Internacional de S\u00e3o Paulo dia 25 de setembro, no Parque do Ibirapuera, \u00e0s 11h e 14h. Com dire\u00e7\u00e3o geral de Lara Pinheiro, a apresenta\u00e7\u00e3o marca a estreia da companhia de dan\u00e7a do Teatro Municipal de S\u00e3o Paulo no evento. Com 19 bailarinos em cena, a pe\u00e7a tem trilha sonora especialmente composta pelo Quarteto de Cordas da Cidade de S\u00e3o Paulo e figurino assinado pelo estilista Jo\u00e3o Pimenta que, depois de cinco anos na <\/p>\n","protected":false},"author":1,"featured_media":0,"comment_status":"open","ping_status":"closed","sticky":false,"template":"","format":"standard","meta":{"footnotes":""},"categories":[1],"tags":[7],"class_list":["post-673","post","type-post","status-publish","format-standard","hentry","category-noticias-em-moema","tag-moema"],"yoast_head":"<!-- This site is optimized with the Yoast SEO plugin v26.3 - https:\/\/yoast.com\/wordpress\/plugins\/seo\/ -->\n<title>Bal\u00e9 da Cidade se apresenta na Bienal do Parque do Ibirapuera - Encontra Moema<\/title>\n<meta name=\"robots\" content=\"index, follow, max-snippet:-1, max-image-preview:large, max-video-preview:-1\" \/>\n<link rel=\"canonical\" href=\"https:\/\/www.encontramoema.com.br\/sobre\/bale-da-cidade-se-apresenta-na-bienal-do-parque-do-ibirapuera\/\" \/>\n<meta property=\"og:locale\" content=\"pt_BR\" \/>\n<meta property=\"og:type\" content=\"article\" \/>\n<meta property=\"og:title\" content=\"Bal\u00e9 da Cidade se apresenta na Bienal do Parque do Ibirapuera - Encontra Moema\" \/>\n<meta property=\"og:description\" content=\"O primeiro trabalho da nova safra de cria\u00e7\u00f5es do Bal\u00e9 da Cidade de S\u00e3o Paulo \u00e9\u00a0Cr\u00f4nicas do tempo, coreografia que ser\u00e1 apresentada na 29\u00ba edi\u00e7\u00e3o da Bienal Internacional de S\u00e3o Paulo dia 25 de setembro, no Parque do Ibirapuera, \u00e0s 11h e 14h. Com dire\u00e7\u00e3o geral de Lara Pinheiro, a apresenta\u00e7\u00e3o marca a estreia da companhia de dan\u00e7a do Teatro Municipal de S\u00e3o Paulo no evento. Com 19 bailarinos em cena, a pe\u00e7a tem trilha sonora especialmente composta pelo Quarteto de Cordas da Cidade de S\u00e3o Paulo e figurino assinado pelo estilista Jo\u00e3o Pimenta que, depois de cinco anos na\" \/>\n<meta property=\"og:url\" content=\"https:\/\/www.encontramoema.com.br\/sobre\/bale-da-cidade-se-apresenta-na-bienal-do-parque-do-ibirapuera\/\" \/>\n<meta property=\"og:site_name\" content=\"Encontra Moema\" \/>\n<meta property=\"article:published_time\" content=\"2010-09-24T22:11:36+00:00\" \/>\n<meta property=\"article:modified_time\" content=\"2019-04-12T21:06:07+00:00\" \/>\n<meta name=\"author\" content=\"Encontra Moema\" \/>\n<meta name=\"twitter:card\" content=\"summary_large_image\" \/>\n<meta name=\"twitter:label1\" content=\"Escrito por\" \/>\n\t<meta name=\"twitter:data1\" content=\"Encontra Moema\" \/>\n\t<meta name=\"twitter:label2\" content=\"Est. tempo de leitura\" \/>\n\t<meta name=\"twitter:data2\" content=\"2 minutos\" \/>\n<script type=\"application\/ld+json\" class=\"yoast-schema-graph\">{\"@context\":\"https:\/\/schema.org\",\"@graph\":[{\"@type\":\"WebPage\",\"@id\":\"https:\/\/www.encontramoema.com.br\/sobre\/bale-da-cidade-se-apresenta-na-bienal-do-parque-do-ibirapuera\/\",\"url\":\"https:\/\/www.encontramoema.com.br\/sobre\/bale-da-cidade-se-apresenta-na-bienal-do-parque-do-ibirapuera\/\",\"name\":\"Bal\u00e9 da Cidade se apresenta na Bienal do Parque do Ibirapuera - Encontra Moema\",\"isPartOf\":{\"@id\":\"https:\/\/www.encontramoema.com.br\/sobre\/#website\"},\"datePublished\":\"2010-09-24T22:11:36+00:00\",\"dateModified\":\"2019-04-12T21:06:07+00:00\",\"author\":{\"@id\":\"https:\/\/www.encontramoema.com.br\/sobre\/#\/schema\/person\/3c3656d12b82130d77eba13c4ef23efa\"},\"breadcrumb\":{\"@id\":\"https:\/\/www.encontramoema.com.br\/sobre\/bale-da-cidade-se-apresenta-na-bienal-do-parque-do-ibirapuera\/#breadcrumb\"},\"inLanguage\":\"pt-BR\",\"potentialAction\":[{\"@type\":\"ReadAction\",\"target\":[\"https:\/\/www.encontramoema.com.br\/sobre\/bale-da-cidade-se-apresenta-na-bienal-do-parque-do-ibirapuera\/\"]}]},{\"@type\":\"BreadcrumbList\",\"@id\":\"https:\/\/www.encontramoema.com.br\/sobre\/bale-da-cidade-se-apresenta-na-bienal-do-parque-do-ibirapuera\/#breadcrumb\",\"itemListElement\":[{\"@type\":\"ListItem\",\"position\":1,\"name\":\"In\u00edcio\",\"item\":\"https:\/\/www.encontramoema.com.br\/sobre\/\"},{\"@type\":\"ListItem\",\"position\":2,\"name\":\"Bal\u00e9 da Cidade se apresenta na Bienal do Parque do Ibirapuera\"}]},{\"@type\":\"WebSite\",\"@id\":\"https:\/\/www.encontramoema.com.br\/sobre\/#website\",\"url\":\"https:\/\/www.encontramoema.com.br\/sobre\/\",\"name\":\"Encontra Moema\",\"description\":\"Not\u00edcias, eventos, informa\u00e7\u00f5es e dicas no bairro de Moema e regi\u00e3o.\",\"potentialAction\":[{\"@type\":\"SearchAction\",\"target\":{\"@type\":\"EntryPoint\",\"urlTemplate\":\"https:\/\/www.encontramoema.com.br\/sobre\/?s={search_term_string}\"},\"query-input\":{\"@type\":\"PropertyValueSpecification\",\"valueRequired\":true,\"valueName\":\"search_term_string\"}}],\"inLanguage\":\"pt-BR\"},{\"@type\":\"Person\",\"@id\":\"https:\/\/www.encontramoema.com.br\/sobre\/#\/schema\/person\/3c3656d12b82130d77eba13c4ef23efa\",\"name\":\"Encontra Moema\",\"image\":{\"@type\":\"ImageObject\",\"inLanguage\":\"pt-BR\",\"@id\":\"https:\/\/www.encontramoema.com.br\/sobre\/#\/schema\/person\/image\/\",\"url\":\"https:\/\/secure.gravatar.com\/avatar\/0fbed662e37531ae23e68f85f9517b2454e50c1dfebf80eb9b721449ac95e0b9?s=96&d=mm&r=g\",\"contentUrl\":\"https:\/\/secure.gravatar.com\/avatar\/0fbed662e37531ae23e68f85f9517b2454e50c1dfebf80eb9b721449ac95e0b9?s=96&d=mm&r=g\",\"caption\":\"Encontra Moema\"},\"url\":\"https:\/\/www.encontramoema.com.br\/sobre\/author\/emoema\/\"}]}<\/script>\n<!-- \/ Yoast SEO plugin. -->","yoast_head_json":{"title":"Bal\u00e9 da Cidade se apresenta na Bienal do Parque do Ibirapuera - Encontra Moema","robots":{"index":"index","follow":"follow","max-snippet":"max-snippet:-1","max-image-preview":"max-image-preview:large","max-video-preview":"max-video-preview:-1"},"canonical":"https:\/\/www.encontramoema.com.br\/sobre\/bale-da-cidade-se-apresenta-na-bienal-do-parque-do-ibirapuera\/","og_locale":"pt_BR","og_type":"article","og_title":"Bal\u00e9 da Cidade se apresenta na Bienal do Parque do Ibirapuera - Encontra Moema","og_description":"O primeiro trabalho da nova safra de cria\u00e7\u00f5es do Bal\u00e9 da Cidade de S\u00e3o Paulo \u00e9\u00a0Cr\u00f4nicas do tempo, coreografia que ser\u00e1 apresentada na 29\u00ba edi\u00e7\u00e3o da Bienal Internacional de S\u00e3o Paulo dia 25 de setembro, no Parque do Ibirapuera, \u00e0s 11h e 14h. Com dire\u00e7\u00e3o geral de Lara Pinheiro, a apresenta\u00e7\u00e3o marca a estreia da companhia de dan\u00e7a do Teatro Municipal de S\u00e3o Paulo no evento. Com 19 bailarinos em cena, a pe\u00e7a tem trilha sonora especialmente composta pelo Quarteto de Cordas da Cidade de S\u00e3o Paulo e figurino assinado pelo estilista Jo\u00e3o Pimenta que, depois de cinco anos na","og_url":"https:\/\/www.encontramoema.com.br\/sobre\/bale-da-cidade-se-apresenta-na-bienal-do-parque-do-ibirapuera\/","og_site_name":"Encontra Moema","article_published_time":"2010-09-24T22:11:36+00:00","article_modified_time":"2019-04-12T21:06:07+00:00","author":"Encontra Moema","twitter_card":"summary_large_image","twitter_misc":{"Escrito por":"Encontra Moema","Est. tempo de leitura":"2 minutos"},"schema":{"@context":"https:\/\/schema.org","@graph":[{"@type":"WebPage","@id":"https:\/\/www.encontramoema.com.br\/sobre\/bale-da-cidade-se-apresenta-na-bienal-do-parque-do-ibirapuera\/","url":"https:\/\/www.encontramoema.com.br\/sobre\/bale-da-cidade-se-apresenta-na-bienal-do-parque-do-ibirapuera\/","name":"Bal\u00e9 da Cidade se apresenta na Bienal do Parque do Ibirapuera - Encontra Moema","isPartOf":{"@id":"https:\/\/www.encontramoema.com.br\/sobre\/#website"},"datePublished":"2010-09-24T22:11:36+00:00","dateModified":"2019-04-12T21:06:07+00:00","author":{"@id":"https:\/\/www.encontramoema.com.br\/sobre\/#\/schema\/person\/3c3656d12b82130d77eba13c4ef23efa"},"breadcrumb":{"@id":"https:\/\/www.encontramoema.com.br\/sobre\/bale-da-cidade-se-apresenta-na-bienal-do-parque-do-ibirapuera\/#breadcrumb"},"inLanguage":"pt-BR","potentialAction":[{"@type":"ReadAction","target":["https:\/\/www.encontramoema.com.br\/sobre\/bale-da-cidade-se-apresenta-na-bienal-do-parque-do-ibirapuera\/"]}]},{"@type":"BreadcrumbList","@id":"https:\/\/www.encontramoema.com.br\/sobre\/bale-da-cidade-se-apresenta-na-bienal-do-parque-do-ibirapuera\/#breadcrumb","itemListElement":[{"@type":"ListItem","position":1,"name":"In\u00edcio","item":"https:\/\/www.encontramoema.com.br\/sobre\/"},{"@type":"ListItem","position":2,"name":"Bal\u00e9 da Cidade se apresenta na Bienal do Parque do Ibirapuera"}]},{"@type":"WebSite","@id":"https:\/\/www.encontramoema.com.br\/sobre\/#website","url":"https:\/\/www.encontramoema.com.br\/sobre\/","name":"Encontra Moema","description":"Not\u00edcias, eventos, informa\u00e7\u00f5es e dicas no bairro de Moema e regi\u00e3o.","potentialAction":[{"@type":"SearchAction","target":{"@type":"EntryPoint","urlTemplate":"https:\/\/www.encontramoema.com.br\/sobre\/?s={search_term_string}"},"query-input":{"@type":"PropertyValueSpecification","valueRequired":true,"valueName":"search_term_string"}}],"inLanguage":"pt-BR"},{"@type":"Person","@id":"https:\/\/www.encontramoema.com.br\/sobre\/#\/schema\/person\/3c3656d12b82130d77eba13c4ef23efa","name":"Encontra Moema","image":{"@type":"ImageObject","inLanguage":"pt-BR","@id":"https:\/\/www.encontramoema.com.br\/sobre\/#\/schema\/person\/image\/","url":"https:\/\/secure.gravatar.com\/avatar\/0fbed662e37531ae23e68f85f9517b2454e50c1dfebf80eb9b721449ac95e0b9?s=96&d=mm&r=g","contentUrl":"https:\/\/secure.gravatar.com\/avatar\/0fbed662e37531ae23e68f85f9517b2454e50c1dfebf80eb9b721449ac95e0b9?s=96&d=mm&r=g","caption":"Encontra Moema"},"url":"https:\/\/www.encontramoema.com.br\/sobre\/author\/emoema\/"}]}},"_links":{"self":[{"href":"https:\/\/www.encontramoema.com.br\/sobre\/wp-json\/wp\/v2\/posts\/673","targetHints":{"allow":["GET"]}}],"collection":[{"href":"https:\/\/www.encontramoema.com.br\/sobre\/wp-json\/wp\/v2\/posts"}],"about":[{"href":"https:\/\/www.encontramoema.com.br\/sobre\/wp-json\/wp\/v2\/types\/post"}],"author":[{"embeddable":true,"href":"https:\/\/www.encontramoema.com.br\/sobre\/wp-json\/wp\/v2\/users\/1"}],"replies":[{"embeddable":true,"href":"https:\/\/www.encontramoema.com.br\/sobre\/wp-json\/wp\/v2\/comments?post=673"}],"version-history":[{"count":0,"href":"https:\/\/www.encontramoema.com.br\/sobre\/wp-json\/wp\/v2\/posts\/673\/revisions"}],"wp:attachment":[{"href":"https:\/\/www.encontramoema.com.br\/sobre\/wp-json\/wp\/v2\/media?parent=673"}],"wp:term":[{"taxonomy":"category","embeddable":true,"href":"https:\/\/www.encontramoema.com.br\/sobre\/wp-json\/wp\/v2\/categories?post=673"},{"taxonomy":"post_tag","embeddable":true,"href":"https:\/\/www.encontramoema.com.br\/sobre\/wp-json\/wp\/v2\/tags?post=673"}],"curies":[{"name":"wp","href":"https:\/\/api.w.org\/{rel}","templated":true}]}}