{"id":68,"date":"2009-04-16T16:44:48","date_gmt":"2009-04-16T18:44:48","guid":{"rendered":"http:\/\/www.encontramoema.com.br\/blog\/?p=68"},"modified":"2019-04-12T19:06:32","modified_gmt":"2019-04-12T21:06:32","slug":"trabalho-dos-medicos-sem-fronteiras-e-tema-de-exposicao-no-ibirapuera-em-moema","status":"publish","type":"post","link":"https:\/\/www.encontramoema.com.br\/sobre\/trabalho-dos-medicos-sem-fronteiras-e-tema-de-exposicao-no-ibirapuera-em-moema\/","title":{"rendered":"Trabalho dos M\u00e9dicos Sem Fronteiras \u00e9 tema de exposi\u00e7\u00e3o no Ibirapuera em Moema"},"content":{"rendered":"<div class=\"b7f545a958fd6350ffae2d30a84cafb8\" data-index=\"1\" style=\"float: none; margin:0px;\">\n<!-- Anuncio display - global -->\r\n<ins class=\"adsbygoogle\"\r\n     style=\"display:block\"\r\n     data-ad-client=\"ca-pub-8585364105181520\"\r\n     data-ad-slot=\"8789329856\"\r\n     data-ad-format=\"auto\"\r\n     data-full-width-responsive=\"true\"><\/ins>\r\n<script>\r\n     (adsbygoogle = window.adsbygoogle || []).push({});\r\n<\/script>\n<\/div>\n<p>A Marquise do <a title=\"Parque do Ibirapuera em Moema\" href=\"http:\/\/www.encontramoema.com.br\/moema\/parque-do-ibirapuera.shtml\">Parque Ibirapuera<\/a> em Moema recebe a partir de hoje a  Exposi\u00e7\u00e3o Interativa M\u00e9dicos Sem Fronteiras no Mundo, evento que tem o apoio  da Prefeitura de S\u00e3o Paulo, por meio da Secretaria Municipal do Verde e  Meio Ambiente. A exposi\u00e7\u00e3o ter\u00e1 fotos, v\u00eddeos, mapas e as principais  atividades desempenhadas por essa a\u00e7\u00e3o humanit\u00e1ria. A abertura da exposi\u00e7\u00e3o  contar\u00e1 com palestra da diretora-executiva de M\u00e9dicos Sem Fronteiras no  Brasil, Simone<br \/>\nRocha.<\/p>\n<p>A ONG foi criada em 1971 por jovens m\u00e9dicos e  jornalistas franceses que estavam insatisfeitos com a ajuda humanit\u00e1ria  oferecida durante a guerra de Biafra, na Nig\u00e9ria. Seu objetivo era levar  cuidados de sa\u00fade para v\u00edtimas de conflitos, independentemente de partido  pol\u00edtico, ra\u00e7a, credo ou nacionalidade. Eles atuam em 60 pa\u00edses em situa\u00e7\u00f5es  de emerg\u00eancia como guerras, exclus\u00e3o social, cat\u00e1strofes naturais e  epidemias.<\/p>\n<p>A exposi\u00e7\u00e3o j\u00e1 esteve em S\u00e3o Paulo e foi vista por cerca de 20 mil  pessoas nas esta\u00e7\u00f5es Cl\u00ednicas e S\u00e9 do Metr\u00f4. Agora, em um espa\u00e7o t\u00e3o  freq\u00fcentado pelos paulistanos, a expectativa \u00e9 que aumente o n\u00famero de  visitantes. Algumas palestras contar\u00e3o experi\u00eancias obtidas nos  atendimentos humanit\u00e1rios prestados pelo mundo inteiro. A equipe educativa do  Museu de<br \/>\nArte Moderna de S\u00e3o Paulo (<a title=\"Museu de Arte Moderna em Moema\" href=\"http:\/\/www.encontramoema.com.br\/moema\/museu-de-arte-moderna.shtml\">MAM<\/a>) ser\u00e1 parceira na cess\u00e3o do  equipamento de som para as palestras.<br \/>\n&#8220;Com este evento, pretendemos trazer  a realidade dos brasileiros que trabalham com M\u00e9dicos Sem Fronteiras em  miss\u00f5es humanit\u00e1rias nas grandes emerg\u00eancias do momento. Trata-se tamb\u00e9m de  uma oportunidade para poder prestar contas, explicar melhor quem somos e como  somos organizados para o p\u00fablico paulista&#8221;, conta Simone Rocha.<\/p>\n<p>No Brasil,  o MSF chegou para ajudar no combate \u00e0 c\u00f3lera em 1991 na Amaz\u00f4nia. Mas em 1993  se engajou em projetos de inclus\u00e3o social no Complexo do Alem\u00e3o no Rio de  Janeiro, onde a organiza\u00e7\u00e3o tamb\u00e9m realiza oficinas de capacita\u00e7\u00e3o para  profissionais que atuam em \u00e1rea de risco e mant\u00e9m uma unidade de  pronto atendimento. Na Amaz\u00f4nia atua com a Fiocruz em um treinamento para  o diagn\u00f3stico de doen\u00e7a de Chagas.<\/p>\n<p>Os M\u00e9dicos Sem Fronteiras contam hoje  com 22 mil profissionais habilitados. Em 1999, a ONG ganhou o Pr\u00eamio Nobel da  Paz.<\/p>\n<p>Exposi\u00e7\u00e3o Interativa &#8220;M\u00e9dicos Sem Fronteiras no Mundo&#8221; <a title=\"Parque do Ibirapuera em Moema\" href=\"http:\/\/www.encontramoema.com.br\/moema\/parque-do-ibirapuera.shtml\">Parque  Ibirapuera<\/a>, na Marquise &#8211; Acesso pelo Port\u00e3o 3 De quarta-feira a domingo, de  8h \u00e0s 18h; ter\u00e7as-feiras, de 12h \u00e0s 18h<\/p>\n<p><strong>Palestras:<\/strong><\/p>\n<p>Dia 8, \u00e0s  14h<br \/>\nAbertura: Simone Rocha Valente Pinto, diretora-geral do MSF  Brasil<br \/>\nPalestra: Mo\u00e7ambique, a Experi\u00eancia de uma M\u00e9dica: Raquel Teixeira  Yokoda<\/p>\n<p>Dia 18, \u00e0s 11h<br \/>\nPalestra: Eti\u00f3pia, a Experi\u00eancia de uma  Pediatra: Maria Cl\u00e1udia Senatora<br \/>\nSoares<\/p>\n<p>Dia 25, \u00e0s 11h<br \/>\nPalestra:  Mo\u00e7ambique, a Experi\u00eancia de um Infectologista: Tiago Molin<\/p>\n<p><em>Fonte: \u00a0 SECOM<\/em><\/p>\n\n<div style=\"font-size: 0px; height: 0px; line-height: 0px; margin: 0; padding: 0; clear: both;\"><\/div>","protected":false},"excerpt":{"rendered":"<p>A Marquise do Parque Ibirapuera em Moema recebe a partir de hoje a Exposi\u00e7\u00e3o Interativa M\u00e9dicos Sem Fronteiras no Mundo, evento que tem o apoio da Prefeitura de S\u00e3o Paulo, por meio da Secretaria Municipal do Verde e Meio Ambiente. A exposi\u00e7\u00e3o ter\u00e1 fotos, v\u00eddeos, mapas e as principais atividades desempenhadas por essa a\u00e7\u00e3o humanit\u00e1ria. A abertura da exposi\u00e7\u00e3o contar\u00e1 com palestra da diretora-executiva de M\u00e9dicos Sem Fronteiras no Brasil, Simone Rocha. A ONG foi criada em 1971 por jovens m\u00e9dicos e jornalistas franceses que estavam insatisfeitos com a ajuda humanit\u00e1ria oferecida durante a guerra de Biafra, na Nig\u00e9ria. Seu <\/p>\n","protected":false},"author":1,"featured_media":0,"comment_status":"open","ping_status":"closed","sticky":false,"template":"","format":"standard","meta":{"footnotes":""},"categories":[1],"tags":[],"class_list":["post-68","post","type-post","status-publish","format-standard","hentry","category-noticias-em-moema"],"yoast_head":"<!-- This site is optimized with the Yoast SEO plugin v26.3 - https:\/\/yoast.com\/wordpress\/plugins\/seo\/ -->\n<title>Trabalho dos M\u00e9dicos Sem Fronteiras \u00e9 tema de exposi\u00e7\u00e3o no Ibirapuera em Moema - Encontra Moema<\/title>\n<meta name=\"robots\" content=\"index, follow, max-snippet:-1, max-image-preview:large, max-video-preview:-1\" \/>\n<link rel=\"canonical\" href=\"https:\/\/www.encontramoema.com.br\/sobre\/trabalho-dos-medicos-sem-fronteiras-e-tema-de-exposicao-no-ibirapuera-em-moema\/\" \/>\n<meta property=\"og:locale\" content=\"pt_BR\" \/>\n<meta property=\"og:type\" content=\"article\" \/>\n<meta property=\"og:title\" content=\"Trabalho dos M\u00e9dicos Sem Fronteiras \u00e9 tema de exposi\u00e7\u00e3o no Ibirapuera em Moema - Encontra Moema\" \/>\n<meta property=\"og:description\" content=\"A Marquise do Parque Ibirapuera em Moema recebe a partir de hoje a Exposi\u00e7\u00e3o Interativa M\u00e9dicos Sem Fronteiras no Mundo, evento que tem o apoio da Prefeitura de S\u00e3o Paulo, por meio da Secretaria Municipal do Verde e Meio Ambiente. A exposi\u00e7\u00e3o ter\u00e1 fotos, v\u00eddeos, mapas e as principais atividades desempenhadas por essa a\u00e7\u00e3o humanit\u00e1ria. A abertura da exposi\u00e7\u00e3o contar\u00e1 com palestra da diretora-executiva de M\u00e9dicos Sem Fronteiras no Brasil, Simone Rocha. A ONG foi criada em 1971 por jovens m\u00e9dicos e jornalistas franceses que estavam insatisfeitos com a ajuda humanit\u00e1ria oferecida durante a guerra de Biafra, na Nig\u00e9ria. Seu\" \/>\n<meta property=\"og:url\" content=\"https:\/\/www.encontramoema.com.br\/sobre\/trabalho-dos-medicos-sem-fronteiras-e-tema-de-exposicao-no-ibirapuera-em-moema\/\" \/>\n<meta property=\"og:site_name\" content=\"Encontra Moema\" \/>\n<meta property=\"article:published_time\" content=\"2009-04-16T18:44:48+00:00\" \/>\n<meta property=\"article:modified_time\" content=\"2019-04-12T21:06:32+00:00\" \/>\n<meta name=\"author\" content=\"Encontra Moema\" \/>\n<meta name=\"twitter:card\" content=\"summary_large_image\" \/>\n<meta name=\"twitter:label1\" content=\"Escrito por\" \/>\n\t<meta name=\"twitter:data1\" content=\"Encontra Moema\" \/>\n\t<meta name=\"twitter:label2\" content=\"Est. tempo de leitura\" \/>\n\t<meta name=\"twitter:data2\" content=\"2 minutos\" \/>\n<script type=\"application\/ld+json\" class=\"yoast-schema-graph\">{\"@context\":\"https:\/\/schema.org\",\"@graph\":[{\"@type\":\"WebPage\",\"@id\":\"https:\/\/www.encontramoema.com.br\/sobre\/trabalho-dos-medicos-sem-fronteiras-e-tema-de-exposicao-no-ibirapuera-em-moema\/\",\"url\":\"https:\/\/www.encontramoema.com.br\/sobre\/trabalho-dos-medicos-sem-fronteiras-e-tema-de-exposicao-no-ibirapuera-em-moema\/\",\"name\":\"Trabalho dos M\u00e9dicos Sem Fronteiras \u00e9 tema de exposi\u00e7\u00e3o no Ibirapuera em Moema - Encontra Moema\",\"isPartOf\":{\"@id\":\"https:\/\/www.encontramoema.com.br\/sobre\/#website\"},\"datePublished\":\"2009-04-16T18:44:48+00:00\",\"dateModified\":\"2019-04-12T21:06:32+00:00\",\"author\":{\"@id\":\"https:\/\/www.encontramoema.com.br\/sobre\/#\/schema\/person\/3c3656d12b82130d77eba13c4ef23efa\"},\"breadcrumb\":{\"@id\":\"https:\/\/www.encontramoema.com.br\/sobre\/trabalho-dos-medicos-sem-fronteiras-e-tema-de-exposicao-no-ibirapuera-em-moema\/#breadcrumb\"},\"inLanguage\":\"pt-BR\",\"potentialAction\":[{\"@type\":\"ReadAction\",\"target\":[\"https:\/\/www.encontramoema.com.br\/sobre\/trabalho-dos-medicos-sem-fronteiras-e-tema-de-exposicao-no-ibirapuera-em-moema\/\"]}]},{\"@type\":\"BreadcrumbList\",\"@id\":\"https:\/\/www.encontramoema.com.br\/sobre\/trabalho-dos-medicos-sem-fronteiras-e-tema-de-exposicao-no-ibirapuera-em-moema\/#breadcrumb\",\"itemListElement\":[{\"@type\":\"ListItem\",\"position\":1,\"name\":\"In\u00edcio\",\"item\":\"https:\/\/www.encontramoema.com.br\/sobre\/\"},{\"@type\":\"ListItem\",\"position\":2,\"name\":\"Trabalho dos M\u00e9dicos Sem Fronteiras \u00e9 tema de exposi\u00e7\u00e3o no Ibirapuera em Moema\"}]},{\"@type\":\"WebSite\",\"@id\":\"https:\/\/www.encontramoema.com.br\/sobre\/#website\",\"url\":\"https:\/\/www.encontramoema.com.br\/sobre\/\",\"name\":\"Encontra Moema\",\"description\":\"Not\u00edcias, eventos, informa\u00e7\u00f5es e dicas no bairro de Moema e regi\u00e3o.\",\"potentialAction\":[{\"@type\":\"SearchAction\",\"target\":{\"@type\":\"EntryPoint\",\"urlTemplate\":\"https:\/\/www.encontramoema.com.br\/sobre\/?s={search_term_string}\"},\"query-input\":{\"@type\":\"PropertyValueSpecification\",\"valueRequired\":true,\"valueName\":\"search_term_string\"}}],\"inLanguage\":\"pt-BR\"},{\"@type\":\"Person\",\"@id\":\"https:\/\/www.encontramoema.com.br\/sobre\/#\/schema\/person\/3c3656d12b82130d77eba13c4ef23efa\",\"name\":\"Encontra Moema\",\"image\":{\"@type\":\"ImageObject\",\"inLanguage\":\"pt-BR\",\"@id\":\"https:\/\/www.encontramoema.com.br\/sobre\/#\/schema\/person\/image\/\",\"url\":\"https:\/\/secure.gravatar.com\/avatar\/0fbed662e37531ae23e68f85f9517b2454e50c1dfebf80eb9b721449ac95e0b9?s=96&d=mm&r=g\",\"contentUrl\":\"https:\/\/secure.gravatar.com\/avatar\/0fbed662e37531ae23e68f85f9517b2454e50c1dfebf80eb9b721449ac95e0b9?s=96&d=mm&r=g\",\"caption\":\"Encontra Moema\"},\"url\":\"https:\/\/www.encontramoema.com.br\/sobre\/author\/emoema\/\"}]}<\/script>\n<!-- \/ Yoast SEO plugin. -->","yoast_head_json":{"title":"Trabalho dos M\u00e9dicos Sem Fronteiras \u00e9 tema de exposi\u00e7\u00e3o no Ibirapuera em Moema - Encontra Moema","robots":{"index":"index","follow":"follow","max-snippet":"max-snippet:-1","max-image-preview":"max-image-preview:large","max-video-preview":"max-video-preview:-1"},"canonical":"https:\/\/www.encontramoema.com.br\/sobre\/trabalho-dos-medicos-sem-fronteiras-e-tema-de-exposicao-no-ibirapuera-em-moema\/","og_locale":"pt_BR","og_type":"article","og_title":"Trabalho dos M\u00e9dicos Sem Fronteiras \u00e9 tema de exposi\u00e7\u00e3o no Ibirapuera em Moema - Encontra Moema","og_description":"A Marquise do Parque Ibirapuera em Moema recebe a partir de hoje a Exposi\u00e7\u00e3o Interativa M\u00e9dicos Sem Fronteiras no Mundo, evento que tem o apoio da Prefeitura de S\u00e3o Paulo, por meio da Secretaria Municipal do Verde e Meio Ambiente. A exposi\u00e7\u00e3o ter\u00e1 fotos, v\u00eddeos, mapas e as principais atividades desempenhadas por essa a\u00e7\u00e3o humanit\u00e1ria. A abertura da exposi\u00e7\u00e3o contar\u00e1 com palestra da diretora-executiva de M\u00e9dicos Sem Fronteiras no Brasil, Simone Rocha. A ONG foi criada em 1971 por jovens m\u00e9dicos e jornalistas franceses que estavam insatisfeitos com a ajuda humanit\u00e1ria oferecida durante a guerra de Biafra, na Nig\u00e9ria. Seu","og_url":"https:\/\/www.encontramoema.com.br\/sobre\/trabalho-dos-medicos-sem-fronteiras-e-tema-de-exposicao-no-ibirapuera-em-moema\/","og_site_name":"Encontra Moema","article_published_time":"2009-04-16T18:44:48+00:00","article_modified_time":"2019-04-12T21:06:32+00:00","author":"Encontra Moema","twitter_card":"summary_large_image","twitter_misc":{"Escrito por":"Encontra Moema","Est. tempo de leitura":"2 minutos"},"schema":{"@context":"https:\/\/schema.org","@graph":[{"@type":"WebPage","@id":"https:\/\/www.encontramoema.com.br\/sobre\/trabalho-dos-medicos-sem-fronteiras-e-tema-de-exposicao-no-ibirapuera-em-moema\/","url":"https:\/\/www.encontramoema.com.br\/sobre\/trabalho-dos-medicos-sem-fronteiras-e-tema-de-exposicao-no-ibirapuera-em-moema\/","name":"Trabalho dos M\u00e9dicos Sem Fronteiras \u00e9 tema de exposi\u00e7\u00e3o no Ibirapuera em Moema - Encontra Moema","isPartOf":{"@id":"https:\/\/www.encontramoema.com.br\/sobre\/#website"},"datePublished":"2009-04-16T18:44:48+00:00","dateModified":"2019-04-12T21:06:32+00:00","author":{"@id":"https:\/\/www.encontramoema.com.br\/sobre\/#\/schema\/person\/3c3656d12b82130d77eba13c4ef23efa"},"breadcrumb":{"@id":"https:\/\/www.encontramoema.com.br\/sobre\/trabalho-dos-medicos-sem-fronteiras-e-tema-de-exposicao-no-ibirapuera-em-moema\/#breadcrumb"},"inLanguage":"pt-BR","potentialAction":[{"@type":"ReadAction","target":["https:\/\/www.encontramoema.com.br\/sobre\/trabalho-dos-medicos-sem-fronteiras-e-tema-de-exposicao-no-ibirapuera-em-moema\/"]}]},{"@type":"BreadcrumbList","@id":"https:\/\/www.encontramoema.com.br\/sobre\/trabalho-dos-medicos-sem-fronteiras-e-tema-de-exposicao-no-ibirapuera-em-moema\/#breadcrumb","itemListElement":[{"@type":"ListItem","position":1,"name":"In\u00edcio","item":"https:\/\/www.encontramoema.com.br\/sobre\/"},{"@type":"ListItem","position":2,"name":"Trabalho dos M\u00e9dicos Sem Fronteiras \u00e9 tema de exposi\u00e7\u00e3o no Ibirapuera em Moema"}]},{"@type":"WebSite","@id":"https:\/\/www.encontramoema.com.br\/sobre\/#website","url":"https:\/\/www.encontramoema.com.br\/sobre\/","name":"Encontra Moema","description":"Not\u00edcias, eventos, informa\u00e7\u00f5es e dicas no bairro de Moema e regi\u00e3o.","potentialAction":[{"@type":"SearchAction","target":{"@type":"EntryPoint","urlTemplate":"https:\/\/www.encontramoema.com.br\/sobre\/?s={search_term_string}"},"query-input":{"@type":"PropertyValueSpecification","valueRequired":true,"valueName":"search_term_string"}}],"inLanguage":"pt-BR"},{"@type":"Person","@id":"https:\/\/www.encontramoema.com.br\/sobre\/#\/schema\/person\/3c3656d12b82130d77eba13c4ef23efa","name":"Encontra Moema","image":{"@type":"ImageObject","inLanguage":"pt-BR","@id":"https:\/\/www.encontramoema.com.br\/sobre\/#\/schema\/person\/image\/","url":"https:\/\/secure.gravatar.com\/avatar\/0fbed662e37531ae23e68f85f9517b2454e50c1dfebf80eb9b721449ac95e0b9?s=96&d=mm&r=g","contentUrl":"https:\/\/secure.gravatar.com\/avatar\/0fbed662e37531ae23e68f85f9517b2454e50c1dfebf80eb9b721449ac95e0b9?s=96&d=mm&r=g","caption":"Encontra Moema"},"url":"https:\/\/www.encontramoema.com.br\/sobre\/author\/emoema\/"}]}},"_links":{"self":[{"href":"https:\/\/www.encontramoema.com.br\/sobre\/wp-json\/wp\/v2\/posts\/68","targetHints":{"allow":["GET"]}}],"collection":[{"href":"https:\/\/www.encontramoema.com.br\/sobre\/wp-json\/wp\/v2\/posts"}],"about":[{"href":"https:\/\/www.encontramoema.com.br\/sobre\/wp-json\/wp\/v2\/types\/post"}],"author":[{"embeddable":true,"href":"https:\/\/www.encontramoema.com.br\/sobre\/wp-json\/wp\/v2\/users\/1"}],"replies":[{"embeddable":true,"href":"https:\/\/www.encontramoema.com.br\/sobre\/wp-json\/wp\/v2\/comments?post=68"}],"version-history":[{"count":0,"href":"https:\/\/www.encontramoema.com.br\/sobre\/wp-json\/wp\/v2\/posts\/68\/revisions"}],"wp:attachment":[{"href":"https:\/\/www.encontramoema.com.br\/sobre\/wp-json\/wp\/v2\/media?parent=68"}],"wp:term":[{"taxonomy":"category","embeddable":true,"href":"https:\/\/www.encontramoema.com.br\/sobre\/wp-json\/wp\/v2\/categories?post=68"},{"taxonomy":"post_tag","embeddable":true,"href":"https:\/\/www.encontramoema.com.br\/sobre\/wp-json\/wp\/v2\/tags?post=68"}],"curies":[{"name":"wp","href":"https:\/\/api.w.org\/{rel}","templated":true}]}}