{"id":717,"date":"2010-10-15T19:14:02","date_gmt":"2010-10-15T21:14:02","guid":{"rendered":"http:\/\/www.encontramoema.com.br\/blog\/?p=717"},"modified":"2019-04-12T19:06:06","modified_gmt":"2019-04-12T21:06:06","slug":"policia-pede-prisao-temporaria-de-suspeito-de-matar-ex-em-pet-shop-de-moema","status":"publish","type":"post","link":"https:\/\/www.encontramoema.com.br\/sobre\/policia-pede-prisao-temporaria-de-suspeito-de-matar-ex-em-pet-shop-de-moema\/","title":{"rendered":"Pol\u00edcia pede pris\u00e3o tempor\u00e1ria de suspeito de matar ex em pet shop de Moema"},"content":{"rendered":"<div class=\"b7f545a958fd6350ffae2d30a84cafb8\" data-index=\"1\" style=\"float: none; margin:0px;\">\n<!-- Anuncio display - global -->\r\n<ins class=\"adsbygoogle\"\r\n     style=\"display:block\"\r\n     data-ad-client=\"ca-pub-8585364105181520\"\r\n     data-ad-slot=\"8789329856\"\r\n     data-ad-format=\"auto\"\r\n     data-full-width-responsive=\"true\"><\/ins>\r\n<script>\r\n     (adsbygoogle = window.adsbygoogle || []).push({});\r\n<\/script>\n<\/div>\n<p>A pol\u00edcia pediu a pris\u00e3o tempor\u00e1ria do tratador de cavalos suspeito de matar a ex-mulher, Ivete Faria Ten\u00f3rio, a facadas na \u00faltima sexta-feira (8), dentro de um pet shop onde ela trabalhava, localizado na regi\u00e3o de Moema, Zona Sul de S\u00e3o Paulo. A delegada Eliane de Toledo, do 27\u00ba DP, no Campo Belo, disse que o suspeito confessou a autoria.<\/p>\n<p>&#8220;O suspeito confessou tudo. Ele suspeitava que ela tivesse uma outra pessoa&#8221;, afirmou a delegada.<\/p>\n<p>A filha da v\u00edtima e do suspeito, a operadora de telemarketing, Let\u00edcia Ten\u00f3rio, de 22 anos, contou \u00e0 reportagem que a m\u00e3e deixou a casa onde moravam em maio, mas o pai n\u00e3o se conformava com a separa\u00e7\u00e3o. \u201cEle tinha ci\u00fames de todo mundo [que chegasse perto da minha m\u00e3e]. Gra\u00e7as a Deus ele foi preso. Estava todo mundo com medo de ele voltar a atacar mais algu\u00e9m\u201d, disse.<\/p>\n<p>Por volta das 11h30 desta quinta, policiais militares abordaram o suspeito na Rua Dem\u00f3stenes, onde se encontra o 27\u00ba DP. \u201cEle estava meio nervoso\u201d, disse Ant\u00f4nio Gon\u00e7alves Filho, que fez a abordagem. Ele estava na companhia da m\u00e3e e da irm\u00e3, com quem n\u00e3o se encontrava desde o dia do crime. Ao presenciar a chegada da pol\u00edcia, a m\u00e3e do suspeito passou mal e foi socorrida pelos PMs.<\/p>\n<p>O tratador de cavalos estava com uma faca de cozinha, aparentemente nova. De acordo com a pol\u00edcia, n\u00e3o se trata do instrumento utilizado para atacar Ivete. Let\u00edcia Ten\u00f3rio contou que uma faca de cabo branco sumiu da sua casa e uma vizinha viu o suspeito amolando-a na v\u00e9spera do assassinato.<\/p>\n<p><strong>Relacionamento conturbado<\/strong><\/p>\n<p>A filha do casal contou que o relacionamento do casal era conturbado e que o pai chegou a agredir a m\u00e3e v\u00e1rias vezes. A reportagem teve acesso \u00e0 c\u00f3pia de um boletim de ocorr\u00eancia de viol\u00eancia dom\u00e9stica que Ivete registrou contra o suspeito na Delegacia da Mulher em Santo Amaro. O BO estava com Ivete no momento do crime.<\/p>\n<p>Nesta quinta-feira, Daiane Ten\u00f3rio, sobrinha que trabalhava com Ivete no pet shop, afirmou que testemunhas viram o ex-marido da tia rondar as proximidades da loja desde as 7h de sexta-feira (8). \u201cEu fui a padaria e quando voltei tudo j\u00e1 tinha acontecido\u201d, disse.<\/p>\n<p><strong>Defesa<\/strong><\/p>\n<p>O advogado \u00c9lio dos Santos Mendon\u00e7a disse que o seu cliente planejava se entregar nesta manh\u00e3. \u201cEle estava transtornado com o que aconteceu. Eu o orientei a vir ao departamento de pol\u00edcia e contar a hist\u00f3ria como realmente aconteceu\u201d, declarou. \u201cEu n\u00e3o o deixei na porta da delegacia para ver o inqu\u00e9rito. Eu n\u00e3o tinha o visto ainda. Queria conversar com o delegado [antes dele se entregar]\u201d, disse.<\/p>\n<p>A m\u00e3e do suspeito tamb\u00e9m disse ter aconselhado o filho a se entregar.<\/p>\n<p>De acordo com a pol\u00edcia, h\u00e1 imagens de uma empresa localizada na mesma rua onde funcionava o pet shop, que mostram o o suspeito deixando o local do crime.<\/p>\n<p><em>Fonte: G1<\/em><\/p>\n\n<div style=\"font-size: 0px; height: 0px; line-height: 0px; margin: 0; padding: 0; clear: both;\"><\/div>","protected":false},"excerpt":{"rendered":"<p>A pol\u00edcia pediu a pris\u00e3o tempor\u00e1ria do tratador de cavalos suspeito de matar a ex-mulher, Ivete Faria Ten\u00f3rio, a facadas na \u00faltima sexta-feira (8), dentro de um pet shop onde ela trabalhava, localizado na regi\u00e3o de Moema, Zona Sul de S\u00e3o Paulo. A delegada Eliane de Toledo, do 27\u00ba DP, no Campo Belo, disse que o suspeito confessou a autoria. &#8220;O suspeito confessou tudo. Ele suspeitava que ela tivesse uma outra pessoa&#8221;, afirmou a delegada. A filha da v\u00edtima e do suspeito, a operadora de telemarketing, Let\u00edcia Ten\u00f3rio, de 22 anos, contou \u00e0 reportagem que a m\u00e3e deixou a casa <\/p>\n","protected":false},"author":1,"featured_media":0,"comment_status":"open","ping_status":"closed","sticky":false,"template":"","format":"standard","meta":{"footnotes":""},"categories":[1],"tags":[7],"class_list":["post-717","post","type-post","status-publish","format-standard","hentry","category-noticias-em-moema","tag-moema"],"yoast_head":"<!-- This site is optimized with the Yoast SEO plugin v26.3 - https:\/\/yoast.com\/wordpress\/plugins\/seo\/ -->\n<title>Pol\u00edcia pede pris\u00e3o tempor\u00e1ria de suspeito de matar ex em pet shop de Moema - Encontra Moema<\/title>\n<meta name=\"robots\" content=\"index, follow, max-snippet:-1, max-image-preview:large, max-video-preview:-1\" \/>\n<link rel=\"canonical\" href=\"https:\/\/www.encontramoema.com.br\/sobre\/policia-pede-prisao-temporaria-de-suspeito-de-matar-ex-em-pet-shop-de-moema\/\" \/>\n<meta property=\"og:locale\" content=\"pt_BR\" \/>\n<meta property=\"og:type\" content=\"article\" \/>\n<meta property=\"og:title\" content=\"Pol\u00edcia pede pris\u00e3o tempor\u00e1ria de suspeito de matar ex em pet shop de Moema - Encontra Moema\" \/>\n<meta property=\"og:description\" content=\"A pol\u00edcia pediu a pris\u00e3o tempor\u00e1ria do tratador de cavalos suspeito de matar a ex-mulher, Ivete Faria Ten\u00f3rio, a facadas na \u00faltima sexta-feira (8), dentro de um pet shop onde ela trabalhava, localizado na regi\u00e3o de Moema, Zona Sul de S\u00e3o Paulo. A delegada Eliane de Toledo, do 27\u00ba DP, no Campo Belo, disse que o suspeito confessou a autoria. &#8220;O suspeito confessou tudo. Ele suspeitava que ela tivesse uma outra pessoa&#8221;, afirmou a delegada. A filha da v\u00edtima e do suspeito, a operadora de telemarketing, Let\u00edcia Ten\u00f3rio, de 22 anos, contou \u00e0 reportagem que a m\u00e3e deixou a casa\" \/>\n<meta property=\"og:url\" content=\"https:\/\/www.encontramoema.com.br\/sobre\/policia-pede-prisao-temporaria-de-suspeito-de-matar-ex-em-pet-shop-de-moema\/\" \/>\n<meta property=\"og:site_name\" content=\"Encontra Moema\" \/>\n<meta property=\"article:published_time\" content=\"2010-10-15T21:14:02+00:00\" \/>\n<meta property=\"article:modified_time\" content=\"2019-04-12T21:06:06+00:00\" \/>\n<meta name=\"author\" content=\"Encontra Moema\" \/>\n<meta name=\"twitter:card\" content=\"summary_large_image\" \/>\n<meta name=\"twitter:label1\" content=\"Escrito por\" \/>\n\t<meta name=\"twitter:data1\" content=\"Encontra Moema\" \/>\n\t<meta name=\"twitter:label2\" content=\"Est. tempo de leitura\" \/>\n\t<meta name=\"twitter:data2\" content=\"3 minutos\" \/>\n<script type=\"application\/ld+json\" class=\"yoast-schema-graph\">{\"@context\":\"https:\/\/schema.org\",\"@graph\":[{\"@type\":\"WebPage\",\"@id\":\"https:\/\/www.encontramoema.com.br\/sobre\/policia-pede-prisao-temporaria-de-suspeito-de-matar-ex-em-pet-shop-de-moema\/\",\"url\":\"https:\/\/www.encontramoema.com.br\/sobre\/policia-pede-prisao-temporaria-de-suspeito-de-matar-ex-em-pet-shop-de-moema\/\",\"name\":\"Pol\u00edcia pede pris\u00e3o tempor\u00e1ria de suspeito de matar ex em pet shop de Moema - Encontra Moema\",\"isPartOf\":{\"@id\":\"https:\/\/www.encontramoema.com.br\/sobre\/#website\"},\"datePublished\":\"2010-10-15T21:14:02+00:00\",\"dateModified\":\"2019-04-12T21:06:06+00:00\",\"author\":{\"@id\":\"https:\/\/www.encontramoema.com.br\/sobre\/#\/schema\/person\/3c3656d12b82130d77eba13c4ef23efa\"},\"breadcrumb\":{\"@id\":\"https:\/\/www.encontramoema.com.br\/sobre\/policia-pede-prisao-temporaria-de-suspeito-de-matar-ex-em-pet-shop-de-moema\/#breadcrumb\"},\"inLanguage\":\"pt-BR\",\"potentialAction\":[{\"@type\":\"ReadAction\",\"target\":[\"https:\/\/www.encontramoema.com.br\/sobre\/policia-pede-prisao-temporaria-de-suspeito-de-matar-ex-em-pet-shop-de-moema\/\"]}]},{\"@type\":\"BreadcrumbList\",\"@id\":\"https:\/\/www.encontramoema.com.br\/sobre\/policia-pede-prisao-temporaria-de-suspeito-de-matar-ex-em-pet-shop-de-moema\/#breadcrumb\",\"itemListElement\":[{\"@type\":\"ListItem\",\"position\":1,\"name\":\"In\u00edcio\",\"item\":\"https:\/\/www.encontramoema.com.br\/sobre\/\"},{\"@type\":\"ListItem\",\"position\":2,\"name\":\"Pol\u00edcia pede pris\u00e3o tempor\u00e1ria de suspeito de matar ex em pet shop de Moema\"}]},{\"@type\":\"WebSite\",\"@id\":\"https:\/\/www.encontramoema.com.br\/sobre\/#website\",\"url\":\"https:\/\/www.encontramoema.com.br\/sobre\/\",\"name\":\"Encontra Moema\",\"description\":\"Not\u00edcias, eventos, informa\u00e7\u00f5es e dicas no bairro de Moema e regi\u00e3o.\",\"potentialAction\":[{\"@type\":\"SearchAction\",\"target\":{\"@type\":\"EntryPoint\",\"urlTemplate\":\"https:\/\/www.encontramoema.com.br\/sobre\/?s={search_term_string}\"},\"query-input\":{\"@type\":\"PropertyValueSpecification\",\"valueRequired\":true,\"valueName\":\"search_term_string\"}}],\"inLanguage\":\"pt-BR\"},{\"@type\":\"Person\",\"@id\":\"https:\/\/www.encontramoema.com.br\/sobre\/#\/schema\/person\/3c3656d12b82130d77eba13c4ef23efa\",\"name\":\"Encontra Moema\",\"image\":{\"@type\":\"ImageObject\",\"inLanguage\":\"pt-BR\",\"@id\":\"https:\/\/www.encontramoema.com.br\/sobre\/#\/schema\/person\/image\/\",\"url\":\"https:\/\/secure.gravatar.com\/avatar\/0fbed662e37531ae23e68f85f9517b2454e50c1dfebf80eb9b721449ac95e0b9?s=96&d=mm&r=g\",\"contentUrl\":\"https:\/\/secure.gravatar.com\/avatar\/0fbed662e37531ae23e68f85f9517b2454e50c1dfebf80eb9b721449ac95e0b9?s=96&d=mm&r=g\",\"caption\":\"Encontra Moema\"},\"url\":\"https:\/\/www.encontramoema.com.br\/sobre\/author\/emoema\/\"}]}<\/script>\n<!-- \/ Yoast SEO plugin. -->","yoast_head_json":{"title":"Pol\u00edcia pede pris\u00e3o tempor\u00e1ria de suspeito de matar ex em pet shop de Moema - Encontra Moema","robots":{"index":"index","follow":"follow","max-snippet":"max-snippet:-1","max-image-preview":"max-image-preview:large","max-video-preview":"max-video-preview:-1"},"canonical":"https:\/\/www.encontramoema.com.br\/sobre\/policia-pede-prisao-temporaria-de-suspeito-de-matar-ex-em-pet-shop-de-moema\/","og_locale":"pt_BR","og_type":"article","og_title":"Pol\u00edcia pede pris\u00e3o tempor\u00e1ria de suspeito de matar ex em pet shop de Moema - Encontra Moema","og_description":"A pol\u00edcia pediu a pris\u00e3o tempor\u00e1ria do tratador de cavalos suspeito de matar a ex-mulher, Ivete Faria Ten\u00f3rio, a facadas na \u00faltima sexta-feira (8), dentro de um pet shop onde ela trabalhava, localizado na regi\u00e3o de Moema, Zona Sul de S\u00e3o Paulo. A delegada Eliane de Toledo, do 27\u00ba DP, no Campo Belo, disse que o suspeito confessou a autoria. &#8220;O suspeito confessou tudo. Ele suspeitava que ela tivesse uma outra pessoa&#8221;, afirmou a delegada. A filha da v\u00edtima e do suspeito, a operadora de telemarketing, Let\u00edcia Ten\u00f3rio, de 22 anos, contou \u00e0 reportagem que a m\u00e3e deixou a casa","og_url":"https:\/\/www.encontramoema.com.br\/sobre\/policia-pede-prisao-temporaria-de-suspeito-de-matar-ex-em-pet-shop-de-moema\/","og_site_name":"Encontra Moema","article_published_time":"2010-10-15T21:14:02+00:00","article_modified_time":"2019-04-12T21:06:06+00:00","author":"Encontra Moema","twitter_card":"summary_large_image","twitter_misc":{"Escrito por":"Encontra Moema","Est. tempo de leitura":"3 minutos"},"schema":{"@context":"https:\/\/schema.org","@graph":[{"@type":"WebPage","@id":"https:\/\/www.encontramoema.com.br\/sobre\/policia-pede-prisao-temporaria-de-suspeito-de-matar-ex-em-pet-shop-de-moema\/","url":"https:\/\/www.encontramoema.com.br\/sobre\/policia-pede-prisao-temporaria-de-suspeito-de-matar-ex-em-pet-shop-de-moema\/","name":"Pol\u00edcia pede pris\u00e3o tempor\u00e1ria de suspeito de matar ex em pet shop de Moema - Encontra Moema","isPartOf":{"@id":"https:\/\/www.encontramoema.com.br\/sobre\/#website"},"datePublished":"2010-10-15T21:14:02+00:00","dateModified":"2019-04-12T21:06:06+00:00","author":{"@id":"https:\/\/www.encontramoema.com.br\/sobre\/#\/schema\/person\/3c3656d12b82130d77eba13c4ef23efa"},"breadcrumb":{"@id":"https:\/\/www.encontramoema.com.br\/sobre\/policia-pede-prisao-temporaria-de-suspeito-de-matar-ex-em-pet-shop-de-moema\/#breadcrumb"},"inLanguage":"pt-BR","potentialAction":[{"@type":"ReadAction","target":["https:\/\/www.encontramoema.com.br\/sobre\/policia-pede-prisao-temporaria-de-suspeito-de-matar-ex-em-pet-shop-de-moema\/"]}]},{"@type":"BreadcrumbList","@id":"https:\/\/www.encontramoema.com.br\/sobre\/policia-pede-prisao-temporaria-de-suspeito-de-matar-ex-em-pet-shop-de-moema\/#breadcrumb","itemListElement":[{"@type":"ListItem","position":1,"name":"In\u00edcio","item":"https:\/\/www.encontramoema.com.br\/sobre\/"},{"@type":"ListItem","position":2,"name":"Pol\u00edcia pede pris\u00e3o tempor\u00e1ria de suspeito de matar ex em pet shop de Moema"}]},{"@type":"WebSite","@id":"https:\/\/www.encontramoema.com.br\/sobre\/#website","url":"https:\/\/www.encontramoema.com.br\/sobre\/","name":"Encontra Moema","description":"Not\u00edcias, eventos, informa\u00e7\u00f5es e dicas no bairro de Moema e regi\u00e3o.","potentialAction":[{"@type":"SearchAction","target":{"@type":"EntryPoint","urlTemplate":"https:\/\/www.encontramoema.com.br\/sobre\/?s={search_term_string}"},"query-input":{"@type":"PropertyValueSpecification","valueRequired":true,"valueName":"search_term_string"}}],"inLanguage":"pt-BR"},{"@type":"Person","@id":"https:\/\/www.encontramoema.com.br\/sobre\/#\/schema\/person\/3c3656d12b82130d77eba13c4ef23efa","name":"Encontra Moema","image":{"@type":"ImageObject","inLanguage":"pt-BR","@id":"https:\/\/www.encontramoema.com.br\/sobre\/#\/schema\/person\/image\/","url":"https:\/\/secure.gravatar.com\/avatar\/0fbed662e37531ae23e68f85f9517b2454e50c1dfebf80eb9b721449ac95e0b9?s=96&d=mm&r=g","contentUrl":"https:\/\/secure.gravatar.com\/avatar\/0fbed662e37531ae23e68f85f9517b2454e50c1dfebf80eb9b721449ac95e0b9?s=96&d=mm&r=g","caption":"Encontra Moema"},"url":"https:\/\/www.encontramoema.com.br\/sobre\/author\/emoema\/"}]}},"_links":{"self":[{"href":"https:\/\/www.encontramoema.com.br\/sobre\/wp-json\/wp\/v2\/posts\/717","targetHints":{"allow":["GET"]}}],"collection":[{"href":"https:\/\/www.encontramoema.com.br\/sobre\/wp-json\/wp\/v2\/posts"}],"about":[{"href":"https:\/\/www.encontramoema.com.br\/sobre\/wp-json\/wp\/v2\/types\/post"}],"author":[{"embeddable":true,"href":"https:\/\/www.encontramoema.com.br\/sobre\/wp-json\/wp\/v2\/users\/1"}],"replies":[{"embeddable":true,"href":"https:\/\/www.encontramoema.com.br\/sobre\/wp-json\/wp\/v2\/comments?post=717"}],"version-history":[{"count":0,"href":"https:\/\/www.encontramoema.com.br\/sobre\/wp-json\/wp\/v2\/posts\/717\/revisions"}],"wp:attachment":[{"href":"https:\/\/www.encontramoema.com.br\/sobre\/wp-json\/wp\/v2\/media?parent=717"}],"wp:term":[{"taxonomy":"category","embeddable":true,"href":"https:\/\/www.encontramoema.com.br\/sobre\/wp-json\/wp\/v2\/categories?post=717"},{"taxonomy":"post_tag","embeddable":true,"href":"https:\/\/www.encontramoema.com.br\/sobre\/wp-json\/wp\/v2\/tags?post=717"}],"curies":[{"name":"wp","href":"https:\/\/api.w.org\/{rel}","templated":true}]}}