{"id":823,"date":"2010-11-19T18:44:26","date_gmt":"2010-11-19T20:44:26","guid":{"rendered":"http:\/\/www.encontramoema.com.br\/blog\/?p=823"},"modified":"2019-04-12T19:06:02","modified_gmt":"2019-04-12T21:06:02","slug":"arnaldo-antunes-lanca-dvd-em-moema","status":"publish","type":"post","link":"https:\/\/www.encontramoema.com.br\/sobre\/arnaldo-antunes-lanca-dvd-em-moema\/","title":{"rendered":"Arnaldo Antunes lan\u00e7a DVD em Moema"},"content":{"rendered":"<div class=\"b7f545a958fd6350ffae2d30a84cafb8\" data-index=\"1\" style=\"float: none; margin:0px;\">\n<!-- Anuncio display - global -->\r\n<ins class=\"adsbygoogle\"\r\n     style=\"display:block\"\r\n     data-ad-client=\"ca-pub-8585364105181520\"\r\n     data-ad-slot=\"8789329856\"\r\n     data-ad-format=\"auto\"\r\n     data-full-width-responsive=\"true\"><\/ins>\r\n<script>\r\n     (adsbygoogle = window.adsbygoogle || []).push({});\r\n<\/script>\n<\/div>\n<p>H\u00e1 tempos Arnaldo Antunes vem acalentando a ideia de fazer um show em casa para convidados. Em agosto, juntou a antiga vontade com a comemora\u00e7\u00e3o de seus 50 anos, montou um palco no terra\u00e7o em cima de seu escrit\u00f3rio, na ala do quintal, e registrou o show da bem-sucedida turn\u00ea de \u201cI\u00ea I\u00ea I\u00ea\u201d, um dos melhores \u00e1lbuns de 2009. O DVD \u201cAo Vivo L\u00e1 em Casa\u201d, com dire\u00e7\u00e3o de Andrucha Waddington, foi filmado em HD, teve patroc\u00ednio do projeto Natura Musical, e tem show de lan\u00e7amento domingo no <a href=\"http:\/\/www.encontramoema.com.br\/moema\/citibank-hall-de-moema.shtml\" target=\"_blank\">Citibank Hall<\/a>, em\u00a0Moema.<\/p>\n<p>A festa reuniu gente de diversas gera\u00e7\u00f5es, bem como can\u00e7\u00f5es que versam sobre a quest\u00e3o do tempo, como \u201cEnvelhecer\u201d, \u201cSou Uma Crian\u00e7a\u201d, \u201cN\u00e3o Entendo Nada\u201d (de Erasmo Carlos, que cantou com o anfitri\u00e3o), \u201cJ\u00e1 Fui Uma Brasa\u201d (samba de Adoniran Barbosa e Marcos C\u00e9sar que abre o show numa roda de fundo de quintal com os Dem\u00f4nios da Garoa) e \u201cAs Melhores Coisas\u201d, tema do filme \u201cAs Melhores Coisas do Mundo\u201d, de La\u00eds Bodanzky, sobre adolescentes. Al\u00e9m de Erasmo, Jorge Ben Jor e Fernando Catatau participaram do show como convidados. Com exce\u00e7\u00e3o de seu contempor\u00e2neo Edgard Scandurra, a banda que acompanha Arnaldo \u00e9 de m\u00fasicos mais jovens (Marcelo Jeneci, Bet\u00e3o Aguiar, Curumin, Chico Salem). \u201cEsse conv\u00edvio entre pessoas mais velhas e mais novas tem uma riqueza bacana. Tem a ver com o fato de ser uma festa de 50 anos. \u00c9 uma reflex\u00e3o sobre a passagem do tempo.\u201d<\/p>\n<p>Amigos, fam\u00edlia, artistas e outras pessoas ligadas \u00e0 m\u00fasica \u2013 como Wanderl\u00e9a, BNeg\u00e3o, Ortinho, P\u00e9ricles Cavalcanti, o estilista Marcelo Sommer (que fez o cen\u00e1rio com as camisetas), Marina Lima, Paulinho Boca de Cantor, Arto Lindsay, Beto Villares \u2013 lotaram a casa na Vila Madalena para a grava\u00e7\u00e3o do DVD, que mistura o show com cenas da festa de 50 anos de Arnaldo. \u201c\u00c9 como se fosse a Festa de Arromba l\u00e1 na jovem guarda\u201d, brinca Arnaldo. \u201cA gra\u00e7a do DVD \u00e9 justamente n\u00e3o mostrar s\u00f3 o show, mas as pessoas na festa.\u201d<\/p>\n<p>Ele deu uma arrumada na casa e mexeu com a rotina da fam\u00edlia e do bairro. \u201cNos cinco dias que antecederam a grava\u00e7\u00e3o, eles sa\u00edram da casa, tomada por uma equipe de 30 pessoas montando grua, estruturas, cen\u00e1rio. Parte do telhado foi retirada para a constru\u00e7\u00e3o de uma passarela para a passagem da c\u00e2mera, os quartos viraram cabines de v\u00eddeo e som. Os vizinhos foram avisados, os mais pr\u00f3ximos, convidados para a festa, gerador de energia e caminh\u00e3o de equipamentos ficaram estacionados na rua. O som deu pra ouvir a tr\u00eas quadras dali. Enfim, \u201ca vizinhan\u00e7a inteira ficou sabendo\u201d.<\/p>\n<p>Arnaldo sempre gostou da \u201ccoisa h\u00edbrida\u201d, desde o in\u00edcio da carreira, j\u00e1 nos prim\u00f3rdios dos Tit\u00e3s. Ent\u00e3o, n\u00e3o surpreende que hoje junte o samba de Adoniran com o samba-rock de Jorge Ben Jor (que canta suas parcerias com ele \u201cAs \u00c1rvores\u201d e \u201cCabelo\u201d), um rock novo de Erasmo (\u201cJogo Sujo\u201d) e outro antigo de Luiz Melodia (\u201cPra Aquietar\u201d), uma can\u00e7\u00e3o rom\u00e2ntica de Odair Jos\u00e9 (\u201cQuando Voc\u00ea Decidir\u201d), outra de Frank Carlos (\u201cAmericana\u201d, originalmente um forr\u00f3) e o samb\u00e3o carnavalesco \u201cVou Festejar\u201d (Jorge Arag\u00e3o, Noeci Dias e Dida), um dos achados do repert\u00f3rio, transformado em rock. \u201cDesde os Tit\u00e3s j\u00e1 tinha esse barato de curtir as coisas de ponta, o que era considerado alta sofistica\u00e7\u00e3o e o considerado lixo. E achar afinidades entre essas pontas.\u201d Sem saudosismo, ele criou novos hits no estilo i\u00ea-i\u00ea-i\u00ea \u2013 \u201cA Casa \u00c9 Sua\u201d, \u201cInvejoso\u201d (com participa\u00e7\u00e3o do guitarrista Fernando Catatau no DVD), \u201cEnvelhecer\u201d, as baladas \u201cMeu Cora\u00e7\u00e3o\u201d e \u201cLonge\u201d \u2013 e trouxe can\u00e7\u00f5es de \u00e1lbuns anteriores, como \u201cCabelo\u201d, \u201cConsumado\u201d e \u201cEssa Mulher\u201d para esse formato.<\/p>\n<p><strong>Arnaldo Antunes \u2013 Ao Vivo L\u00e1 Em Casa<\/strong>. Citibank Hall (Avenida dos Jamaris, 213). Tel. (011) 4003-6464. Domingo, \u00e0s 20h. Ingressos: de R$ 50 a R$ 100.<\/p>\n<p><em>Fonte: Ag\u00eancia Estado<\/em><\/p>\n\n<div style=\"font-size: 0px; height: 0px; line-height: 0px; margin: 0; padding: 0; clear: both;\"><\/div>","protected":false},"excerpt":{"rendered":"<p>H\u00e1 tempos Arnaldo Antunes vem acalentando a ideia de fazer um show em casa para convidados. Em agosto, juntou a antiga vontade com a comemora\u00e7\u00e3o de seus 50 anos, montou um palco no terra\u00e7o em cima de seu escrit\u00f3rio, na ala do quintal, e registrou o show da bem-sucedida turn\u00ea de \u201cI\u00ea I\u00ea I\u00ea\u201d, um dos melhores \u00e1lbuns de 2009. O DVD \u201cAo Vivo L\u00e1 em Casa\u201d, com dire\u00e7\u00e3o de Andrucha Waddington, foi filmado em HD, teve patroc\u00ednio do projeto Natura Musical, e tem show de lan\u00e7amento domingo no Citibank Hall, em\u00a0Moema. A festa reuniu gente de diversas gera\u00e7\u00f5es, bem <\/p>\n","protected":false},"author":1,"featured_media":0,"comment_status":"open","ping_status":"closed","sticky":false,"template":"","format":"standard","meta":{"footnotes":""},"categories":[10],"tags":[7],"class_list":["post-823","post","type-post","status-publish","format-standard","hentry","category-shows-em-moema","tag-moema"],"yoast_head":"<!-- This site is optimized with the Yoast SEO plugin v26.3 - https:\/\/yoast.com\/wordpress\/plugins\/seo\/ -->\n<title>Arnaldo Antunes lan\u00e7a DVD em Moema - Encontra Moema<\/title>\n<meta name=\"robots\" content=\"index, follow, max-snippet:-1, max-image-preview:large, max-video-preview:-1\" \/>\n<link rel=\"canonical\" href=\"https:\/\/www.encontramoema.com.br\/sobre\/arnaldo-antunes-lanca-dvd-em-moema\/\" \/>\n<meta property=\"og:locale\" content=\"pt_BR\" \/>\n<meta property=\"og:type\" content=\"article\" \/>\n<meta property=\"og:title\" content=\"Arnaldo Antunes lan\u00e7a DVD em Moema - Encontra Moema\" \/>\n<meta property=\"og:description\" content=\"H\u00e1 tempos Arnaldo Antunes vem acalentando a ideia de fazer um show em casa para convidados. Em agosto, juntou a antiga vontade com a comemora\u00e7\u00e3o de seus 50 anos, montou um palco no terra\u00e7o em cima de seu escrit\u00f3rio, na ala do quintal, e registrou o show da bem-sucedida turn\u00ea de \u201cI\u00ea I\u00ea I\u00ea\u201d, um dos melhores \u00e1lbuns de 2009. O DVD \u201cAo Vivo L\u00e1 em Casa\u201d, com dire\u00e7\u00e3o de Andrucha Waddington, foi filmado em HD, teve patroc\u00ednio do projeto Natura Musical, e tem show de lan\u00e7amento domingo no Citibank Hall, em\u00a0Moema. A festa reuniu gente de diversas gera\u00e7\u00f5es, bem\" \/>\n<meta property=\"og:url\" content=\"https:\/\/www.encontramoema.com.br\/sobre\/arnaldo-antunes-lanca-dvd-em-moema\/\" \/>\n<meta property=\"og:site_name\" content=\"Encontra Moema\" \/>\n<meta property=\"article:published_time\" content=\"2010-11-19T20:44:26+00:00\" \/>\n<meta property=\"article:modified_time\" content=\"2019-04-12T21:06:02+00:00\" \/>\n<meta name=\"author\" content=\"Encontra Moema\" \/>\n<meta name=\"twitter:card\" content=\"summary_large_image\" \/>\n<meta name=\"twitter:label1\" content=\"Escrito por\" \/>\n\t<meta name=\"twitter:data1\" content=\"Encontra Moema\" \/>\n\t<meta name=\"twitter:label2\" content=\"Est. tempo de leitura\" \/>\n\t<meta name=\"twitter:data2\" content=\"3 minutos\" \/>\n<script type=\"application\/ld+json\" class=\"yoast-schema-graph\">{\"@context\":\"https:\/\/schema.org\",\"@graph\":[{\"@type\":\"WebPage\",\"@id\":\"https:\/\/www.encontramoema.com.br\/sobre\/arnaldo-antunes-lanca-dvd-em-moema\/\",\"url\":\"https:\/\/www.encontramoema.com.br\/sobre\/arnaldo-antunes-lanca-dvd-em-moema\/\",\"name\":\"Arnaldo Antunes lan\u00e7a DVD em Moema - Encontra Moema\",\"isPartOf\":{\"@id\":\"https:\/\/www.encontramoema.com.br\/sobre\/#website\"},\"datePublished\":\"2010-11-19T20:44:26+00:00\",\"dateModified\":\"2019-04-12T21:06:02+00:00\",\"author\":{\"@id\":\"https:\/\/www.encontramoema.com.br\/sobre\/#\/schema\/person\/3c3656d12b82130d77eba13c4ef23efa\"},\"breadcrumb\":{\"@id\":\"https:\/\/www.encontramoema.com.br\/sobre\/arnaldo-antunes-lanca-dvd-em-moema\/#breadcrumb\"},\"inLanguage\":\"pt-BR\",\"potentialAction\":[{\"@type\":\"ReadAction\",\"target\":[\"https:\/\/www.encontramoema.com.br\/sobre\/arnaldo-antunes-lanca-dvd-em-moema\/\"]}]},{\"@type\":\"BreadcrumbList\",\"@id\":\"https:\/\/www.encontramoema.com.br\/sobre\/arnaldo-antunes-lanca-dvd-em-moema\/#breadcrumb\",\"itemListElement\":[{\"@type\":\"ListItem\",\"position\":1,\"name\":\"In\u00edcio\",\"item\":\"https:\/\/www.encontramoema.com.br\/sobre\/\"},{\"@type\":\"ListItem\",\"position\":2,\"name\":\"Arnaldo Antunes lan\u00e7a DVD em Moema\"}]},{\"@type\":\"WebSite\",\"@id\":\"https:\/\/www.encontramoema.com.br\/sobre\/#website\",\"url\":\"https:\/\/www.encontramoema.com.br\/sobre\/\",\"name\":\"Encontra Moema\",\"description\":\"Not\u00edcias, eventos, informa\u00e7\u00f5es e dicas no bairro de Moema e regi\u00e3o.\",\"potentialAction\":[{\"@type\":\"SearchAction\",\"target\":{\"@type\":\"EntryPoint\",\"urlTemplate\":\"https:\/\/www.encontramoema.com.br\/sobre\/?s={search_term_string}\"},\"query-input\":{\"@type\":\"PropertyValueSpecification\",\"valueRequired\":true,\"valueName\":\"search_term_string\"}}],\"inLanguage\":\"pt-BR\"},{\"@type\":\"Person\",\"@id\":\"https:\/\/www.encontramoema.com.br\/sobre\/#\/schema\/person\/3c3656d12b82130d77eba13c4ef23efa\",\"name\":\"Encontra Moema\",\"image\":{\"@type\":\"ImageObject\",\"inLanguage\":\"pt-BR\",\"@id\":\"https:\/\/www.encontramoema.com.br\/sobre\/#\/schema\/person\/image\/\",\"url\":\"https:\/\/secure.gravatar.com\/avatar\/0fbed662e37531ae23e68f85f9517b2454e50c1dfebf80eb9b721449ac95e0b9?s=96&d=mm&r=g\",\"contentUrl\":\"https:\/\/secure.gravatar.com\/avatar\/0fbed662e37531ae23e68f85f9517b2454e50c1dfebf80eb9b721449ac95e0b9?s=96&d=mm&r=g\",\"caption\":\"Encontra Moema\"},\"url\":\"https:\/\/www.encontramoema.com.br\/sobre\/author\/emoema\/\"}]}<\/script>\n<!-- \/ Yoast SEO plugin. -->","yoast_head_json":{"title":"Arnaldo Antunes lan\u00e7a DVD em Moema - Encontra Moema","robots":{"index":"index","follow":"follow","max-snippet":"max-snippet:-1","max-image-preview":"max-image-preview:large","max-video-preview":"max-video-preview:-1"},"canonical":"https:\/\/www.encontramoema.com.br\/sobre\/arnaldo-antunes-lanca-dvd-em-moema\/","og_locale":"pt_BR","og_type":"article","og_title":"Arnaldo Antunes lan\u00e7a DVD em Moema - Encontra Moema","og_description":"H\u00e1 tempos Arnaldo Antunes vem acalentando a ideia de fazer um show em casa para convidados. Em agosto, juntou a antiga vontade com a comemora\u00e7\u00e3o de seus 50 anos, montou um palco no terra\u00e7o em cima de seu escrit\u00f3rio, na ala do quintal, e registrou o show da bem-sucedida turn\u00ea de \u201cI\u00ea I\u00ea I\u00ea\u201d, um dos melhores \u00e1lbuns de 2009. O DVD \u201cAo Vivo L\u00e1 em Casa\u201d, com dire\u00e7\u00e3o de Andrucha Waddington, foi filmado em HD, teve patroc\u00ednio do projeto Natura Musical, e tem show de lan\u00e7amento domingo no Citibank Hall, em\u00a0Moema. A festa reuniu gente de diversas gera\u00e7\u00f5es, bem","og_url":"https:\/\/www.encontramoema.com.br\/sobre\/arnaldo-antunes-lanca-dvd-em-moema\/","og_site_name":"Encontra Moema","article_published_time":"2010-11-19T20:44:26+00:00","article_modified_time":"2019-04-12T21:06:02+00:00","author":"Encontra Moema","twitter_card":"summary_large_image","twitter_misc":{"Escrito por":"Encontra Moema","Est. tempo de leitura":"3 minutos"},"schema":{"@context":"https:\/\/schema.org","@graph":[{"@type":"WebPage","@id":"https:\/\/www.encontramoema.com.br\/sobre\/arnaldo-antunes-lanca-dvd-em-moema\/","url":"https:\/\/www.encontramoema.com.br\/sobre\/arnaldo-antunes-lanca-dvd-em-moema\/","name":"Arnaldo Antunes lan\u00e7a DVD em Moema - Encontra Moema","isPartOf":{"@id":"https:\/\/www.encontramoema.com.br\/sobre\/#website"},"datePublished":"2010-11-19T20:44:26+00:00","dateModified":"2019-04-12T21:06:02+00:00","author":{"@id":"https:\/\/www.encontramoema.com.br\/sobre\/#\/schema\/person\/3c3656d12b82130d77eba13c4ef23efa"},"breadcrumb":{"@id":"https:\/\/www.encontramoema.com.br\/sobre\/arnaldo-antunes-lanca-dvd-em-moema\/#breadcrumb"},"inLanguage":"pt-BR","potentialAction":[{"@type":"ReadAction","target":["https:\/\/www.encontramoema.com.br\/sobre\/arnaldo-antunes-lanca-dvd-em-moema\/"]}]},{"@type":"BreadcrumbList","@id":"https:\/\/www.encontramoema.com.br\/sobre\/arnaldo-antunes-lanca-dvd-em-moema\/#breadcrumb","itemListElement":[{"@type":"ListItem","position":1,"name":"In\u00edcio","item":"https:\/\/www.encontramoema.com.br\/sobre\/"},{"@type":"ListItem","position":2,"name":"Arnaldo Antunes lan\u00e7a DVD em Moema"}]},{"@type":"WebSite","@id":"https:\/\/www.encontramoema.com.br\/sobre\/#website","url":"https:\/\/www.encontramoema.com.br\/sobre\/","name":"Encontra Moema","description":"Not\u00edcias, eventos, informa\u00e7\u00f5es e dicas no bairro de Moema e regi\u00e3o.","potentialAction":[{"@type":"SearchAction","target":{"@type":"EntryPoint","urlTemplate":"https:\/\/www.encontramoema.com.br\/sobre\/?s={search_term_string}"},"query-input":{"@type":"PropertyValueSpecification","valueRequired":true,"valueName":"search_term_string"}}],"inLanguage":"pt-BR"},{"@type":"Person","@id":"https:\/\/www.encontramoema.com.br\/sobre\/#\/schema\/person\/3c3656d12b82130d77eba13c4ef23efa","name":"Encontra Moema","image":{"@type":"ImageObject","inLanguage":"pt-BR","@id":"https:\/\/www.encontramoema.com.br\/sobre\/#\/schema\/person\/image\/","url":"https:\/\/secure.gravatar.com\/avatar\/0fbed662e37531ae23e68f85f9517b2454e50c1dfebf80eb9b721449ac95e0b9?s=96&d=mm&r=g","contentUrl":"https:\/\/secure.gravatar.com\/avatar\/0fbed662e37531ae23e68f85f9517b2454e50c1dfebf80eb9b721449ac95e0b9?s=96&d=mm&r=g","caption":"Encontra Moema"},"url":"https:\/\/www.encontramoema.com.br\/sobre\/author\/emoema\/"}]}},"_links":{"self":[{"href":"https:\/\/www.encontramoema.com.br\/sobre\/wp-json\/wp\/v2\/posts\/823","targetHints":{"allow":["GET"]}}],"collection":[{"href":"https:\/\/www.encontramoema.com.br\/sobre\/wp-json\/wp\/v2\/posts"}],"about":[{"href":"https:\/\/www.encontramoema.com.br\/sobre\/wp-json\/wp\/v2\/types\/post"}],"author":[{"embeddable":true,"href":"https:\/\/www.encontramoema.com.br\/sobre\/wp-json\/wp\/v2\/users\/1"}],"replies":[{"embeddable":true,"href":"https:\/\/www.encontramoema.com.br\/sobre\/wp-json\/wp\/v2\/comments?post=823"}],"version-history":[{"count":0,"href":"https:\/\/www.encontramoema.com.br\/sobre\/wp-json\/wp\/v2\/posts\/823\/revisions"}],"wp:attachment":[{"href":"https:\/\/www.encontramoema.com.br\/sobre\/wp-json\/wp\/v2\/media?parent=823"}],"wp:term":[{"taxonomy":"category","embeddable":true,"href":"https:\/\/www.encontramoema.com.br\/sobre\/wp-json\/wp\/v2\/categories?post=823"},{"taxonomy":"post_tag","embeddable":true,"href":"https:\/\/www.encontramoema.com.br\/sobre\/wp-json\/wp\/v2\/tags?post=823"}],"curies":[{"name":"wp","href":"https:\/\/api.w.org\/{rel}","templated":true}]}}