{"id":8292,"date":"2012-04-16T20:20:35","date_gmt":"2012-04-16T22:20:35","guid":{"rendered":"http:\/\/www.encontramoema.com.br\/blog\/?p=8292"},"modified":"2019-04-12T19:03:00","modified_gmt":"2019-04-12T21:03:00","slug":"complexo-do-ibirapuera-recebe-competicao-de-karate-em-abril","status":"publish","type":"post","link":"https:\/\/www.encontramoema.com.br\/sobre\/complexo-do-ibirapuera-recebe-competicao-de-karate-em-abril\/","title":{"rendered":"Complexo do Ibirapuera recebe competi\u00e7\u00e3o de karat\u00ea em abril"},"content":{"rendered":"<div class=\"b7f545a958fd6350ffae2d30a84cafb8\" data-index=\"1\" style=\"float: none; margin:0px;\">\n<!-- Anuncio display - global -->\r\n<ins class=\"adsbygoogle\"\r\n     style=\"display:block\"\r\n     data-ad-client=\"ca-pub-8585364105181520\"\r\n     data-ad-slot=\"8789329856\"\r\n     data-ad-format=\"auto\"\r\n     data-full-width-responsive=\"true\"><\/ins>\r\n<script>\r\n     (adsbygoogle = window.adsbygoogle || []).push({});\r\n<\/script>\n<\/div>\n<p>Entre os dias 20 e 22 de abril o Gin\u00e1sio Poliesportivo Mauro Pinheiro, no Complexo do <a href=\"http:\/\/www.encontramoema.com.br\/moema\/ginasio-geraldo-jose-de-almeida-ou-ginasio-do-ibirapuera-em-moema.shtml\" target=\"_blank\">Ibirapuera<\/a>, na capital, ser\u00e1 palco do maior evento de Karat\u00ea do ano. Cerca de 800 atletas vir\u00e3o de Esp\u00edrito Santo, Rio de Janeiro, Minas Gerais, Paran\u00e1, Santa Catarina, Rio Grande do Sul e S\u00e3o Paulo, em busca de medalhas e pontua\u00e7\u00e3o para o ranking nacional.<\/p>\n<p>O Campeonato Zona Sul\/Sudeste ter\u00e1 diversos tipos de equipes, desde grandes competidoras em academias particulares, at\u00e9 times formados por jovens carentes, todos movidos pelos mesmos objetivos, conquistar medalhas e pontua\u00e7\u00e3o para o ranking nacional e claro, apresentar as mudan\u00e7as que a disciplina e os benef\u00edcios do karat\u00ea fizeram na vida de cada um.<\/p>\n<p>\u201cApesar do nome o Zona Sul\/Sudeste n\u00e3o se limita apenas aos estados e cidades dessas regi\u00f5es, teremos atletas de todos os lugares do Brasil, afinal para estar na competi\u00e7\u00e3o, al\u00e9m do bom n\u00edvel t\u00e9cnico, o atleta tamb\u00e9m dever\u00e1 participar dos zonais de suas regi\u00f5es independente de onde seja\u201d. Lembra Jos\u00e9 Messias, presidente da CBKI.<\/p>\n<p>Uma das grandes revela\u00e7\u00f5es brasileiras \u00e9 o jovem Matheus Willemin, de Ca\u00e7apava, que tem vaga garantida no Campeonato Mundial de Karate Interestilos para atletas entre 6 e 20 anos, logo ap\u00f3s a disputa do Zonal Sul\/Sudeste.<\/p>\n<p>Os vencedores individuais receber\u00e3o as tradicionais medalhas, distribu\u00eddas entre o 1\u00ba e o 4\u00ba lugar, al\u00e9m de participarem do sorteio de uma Moto \u201cScooter Kasinski\u201d e um Notebook. Na premia\u00e7\u00e3o por equipes trof\u00e9us, inclusive para os 5 estados com maior pontua\u00e7\u00e3o durante o evento.<\/p>\n<p><em>Fonte: R3<\/em><\/p>\n\n<div style=\"font-size: 0px; height: 0px; line-height: 0px; margin: 0; padding: 0; clear: both;\"><\/div>","protected":false},"excerpt":{"rendered":"<p>Entre os dias 20 e 22 de abril o Gin\u00e1sio Poliesportivo Mauro Pinheiro, no Complexo do Ibirapuera, na capital, ser\u00e1 palco do maior evento de Karat\u00ea do ano. Cerca de 800 atletas vir\u00e3o de Esp\u00edrito Santo, Rio de Janeiro, Minas Gerais, Paran\u00e1, Santa Catarina, Rio Grande do Sul e S\u00e3o Paulo, em busca de medalhas e pontua\u00e7\u00e3o para o ranking nacional. O Campeonato Zona Sul\/Sudeste ter\u00e1 diversos tipos de equipes, desde grandes competidoras em academias particulares, at\u00e9 times formados por jovens carentes, todos movidos pelos mesmos objetivos, conquistar medalhas e pontua\u00e7\u00e3o para o ranking nacional e claro, apresentar as mudan\u00e7as <\/p>\n","protected":false},"author":1,"featured_media":0,"comment_status":"open","ping_status":"closed","sticky":false,"template":"","format":"standard","meta":{"footnotes":""},"categories":[1],"tags":[7],"class_list":["post-8292","post","type-post","status-publish","format-standard","hentry","category-noticias-em-moema","tag-moema"],"yoast_head":"<!-- This site is optimized with the Yoast SEO plugin v26.3 - https:\/\/yoast.com\/wordpress\/plugins\/seo\/ -->\n<title>Complexo do Ibirapuera recebe competi\u00e7\u00e3o de karat\u00ea em abril - Encontra Moema<\/title>\n<meta name=\"robots\" content=\"index, follow, max-snippet:-1, max-image-preview:large, max-video-preview:-1\" \/>\n<link rel=\"canonical\" href=\"https:\/\/www.encontramoema.com.br\/sobre\/complexo-do-ibirapuera-recebe-competicao-de-karate-em-abril\/\" \/>\n<meta property=\"og:locale\" content=\"pt_BR\" \/>\n<meta property=\"og:type\" content=\"article\" \/>\n<meta property=\"og:title\" content=\"Complexo do Ibirapuera recebe competi\u00e7\u00e3o de karat\u00ea em abril - Encontra Moema\" \/>\n<meta property=\"og:description\" content=\"Entre os dias 20 e 22 de abril o Gin\u00e1sio Poliesportivo Mauro Pinheiro, no Complexo do Ibirapuera, na capital, ser\u00e1 palco do maior evento de Karat\u00ea do ano. Cerca de 800 atletas vir\u00e3o de Esp\u00edrito Santo, Rio de Janeiro, Minas Gerais, Paran\u00e1, Santa Catarina, Rio Grande do Sul e S\u00e3o Paulo, em busca de medalhas e pontua\u00e7\u00e3o para o ranking nacional. O Campeonato Zona Sul\/Sudeste ter\u00e1 diversos tipos de equipes, desde grandes competidoras em academias particulares, at\u00e9 times formados por jovens carentes, todos movidos pelos mesmos objetivos, conquistar medalhas e pontua\u00e7\u00e3o para o ranking nacional e claro, apresentar as mudan\u00e7as\" \/>\n<meta property=\"og:url\" content=\"https:\/\/www.encontramoema.com.br\/sobre\/complexo-do-ibirapuera-recebe-competicao-de-karate-em-abril\/\" \/>\n<meta property=\"og:site_name\" content=\"Encontra Moema\" \/>\n<meta property=\"article:published_time\" content=\"2012-04-16T22:20:35+00:00\" \/>\n<meta property=\"article:modified_time\" content=\"2019-04-12T21:03:00+00:00\" \/>\n<meta name=\"author\" content=\"Encontra Moema\" \/>\n<meta name=\"twitter:card\" content=\"summary_large_image\" \/>\n<meta name=\"twitter:label1\" content=\"Escrito por\" \/>\n\t<meta name=\"twitter:data1\" content=\"Encontra Moema\" \/>\n\t<meta name=\"twitter:label2\" content=\"Est. tempo de leitura\" \/>\n\t<meta name=\"twitter:data2\" content=\"1 minuto\" \/>\n<script type=\"application\/ld+json\" class=\"yoast-schema-graph\">{\"@context\":\"https:\/\/schema.org\",\"@graph\":[{\"@type\":\"WebPage\",\"@id\":\"https:\/\/www.encontramoema.com.br\/sobre\/complexo-do-ibirapuera-recebe-competicao-de-karate-em-abril\/\",\"url\":\"https:\/\/www.encontramoema.com.br\/sobre\/complexo-do-ibirapuera-recebe-competicao-de-karate-em-abril\/\",\"name\":\"Complexo do Ibirapuera recebe competi\u00e7\u00e3o de karat\u00ea em abril - Encontra Moema\",\"isPartOf\":{\"@id\":\"https:\/\/www.encontramoema.com.br\/sobre\/#website\"},\"datePublished\":\"2012-04-16T22:20:35+00:00\",\"dateModified\":\"2019-04-12T21:03:00+00:00\",\"author\":{\"@id\":\"https:\/\/www.encontramoema.com.br\/sobre\/#\/schema\/person\/3c3656d12b82130d77eba13c4ef23efa\"},\"breadcrumb\":{\"@id\":\"https:\/\/www.encontramoema.com.br\/sobre\/complexo-do-ibirapuera-recebe-competicao-de-karate-em-abril\/#breadcrumb\"},\"inLanguage\":\"pt-BR\",\"potentialAction\":[{\"@type\":\"ReadAction\",\"target\":[\"https:\/\/www.encontramoema.com.br\/sobre\/complexo-do-ibirapuera-recebe-competicao-de-karate-em-abril\/\"]}]},{\"@type\":\"BreadcrumbList\",\"@id\":\"https:\/\/www.encontramoema.com.br\/sobre\/complexo-do-ibirapuera-recebe-competicao-de-karate-em-abril\/#breadcrumb\",\"itemListElement\":[{\"@type\":\"ListItem\",\"position\":1,\"name\":\"In\u00edcio\",\"item\":\"https:\/\/www.encontramoema.com.br\/sobre\/\"},{\"@type\":\"ListItem\",\"position\":2,\"name\":\"Complexo do Ibirapuera recebe competi\u00e7\u00e3o de karat\u00ea em abril\"}]},{\"@type\":\"WebSite\",\"@id\":\"https:\/\/www.encontramoema.com.br\/sobre\/#website\",\"url\":\"https:\/\/www.encontramoema.com.br\/sobre\/\",\"name\":\"Encontra Moema\",\"description\":\"Not\u00edcias, eventos, informa\u00e7\u00f5es e dicas no bairro de Moema e regi\u00e3o.\",\"potentialAction\":[{\"@type\":\"SearchAction\",\"target\":{\"@type\":\"EntryPoint\",\"urlTemplate\":\"https:\/\/www.encontramoema.com.br\/sobre\/?s={search_term_string}\"},\"query-input\":{\"@type\":\"PropertyValueSpecification\",\"valueRequired\":true,\"valueName\":\"search_term_string\"}}],\"inLanguage\":\"pt-BR\"},{\"@type\":\"Person\",\"@id\":\"https:\/\/www.encontramoema.com.br\/sobre\/#\/schema\/person\/3c3656d12b82130d77eba13c4ef23efa\",\"name\":\"Encontra Moema\",\"image\":{\"@type\":\"ImageObject\",\"inLanguage\":\"pt-BR\",\"@id\":\"https:\/\/www.encontramoema.com.br\/sobre\/#\/schema\/person\/image\/\",\"url\":\"https:\/\/secure.gravatar.com\/avatar\/0fbed662e37531ae23e68f85f9517b2454e50c1dfebf80eb9b721449ac95e0b9?s=96&d=mm&r=g\",\"contentUrl\":\"https:\/\/secure.gravatar.com\/avatar\/0fbed662e37531ae23e68f85f9517b2454e50c1dfebf80eb9b721449ac95e0b9?s=96&d=mm&r=g\",\"caption\":\"Encontra Moema\"},\"url\":\"https:\/\/www.encontramoema.com.br\/sobre\/author\/emoema\/\"}]}<\/script>\n<!-- \/ Yoast SEO plugin. -->","yoast_head_json":{"title":"Complexo do Ibirapuera recebe competi\u00e7\u00e3o de karat\u00ea em abril - Encontra Moema","robots":{"index":"index","follow":"follow","max-snippet":"max-snippet:-1","max-image-preview":"max-image-preview:large","max-video-preview":"max-video-preview:-1"},"canonical":"https:\/\/www.encontramoema.com.br\/sobre\/complexo-do-ibirapuera-recebe-competicao-de-karate-em-abril\/","og_locale":"pt_BR","og_type":"article","og_title":"Complexo do Ibirapuera recebe competi\u00e7\u00e3o de karat\u00ea em abril - Encontra Moema","og_description":"Entre os dias 20 e 22 de abril o Gin\u00e1sio Poliesportivo Mauro Pinheiro, no Complexo do Ibirapuera, na capital, ser\u00e1 palco do maior evento de Karat\u00ea do ano. Cerca de 800 atletas vir\u00e3o de Esp\u00edrito Santo, Rio de Janeiro, Minas Gerais, Paran\u00e1, Santa Catarina, Rio Grande do Sul e S\u00e3o Paulo, em busca de medalhas e pontua\u00e7\u00e3o para o ranking nacional. O Campeonato Zona Sul\/Sudeste ter\u00e1 diversos tipos de equipes, desde grandes competidoras em academias particulares, at\u00e9 times formados por jovens carentes, todos movidos pelos mesmos objetivos, conquistar medalhas e pontua\u00e7\u00e3o para o ranking nacional e claro, apresentar as mudan\u00e7as","og_url":"https:\/\/www.encontramoema.com.br\/sobre\/complexo-do-ibirapuera-recebe-competicao-de-karate-em-abril\/","og_site_name":"Encontra Moema","article_published_time":"2012-04-16T22:20:35+00:00","article_modified_time":"2019-04-12T21:03:00+00:00","author":"Encontra Moema","twitter_card":"summary_large_image","twitter_misc":{"Escrito por":"Encontra Moema","Est. tempo de leitura":"1 minuto"},"schema":{"@context":"https:\/\/schema.org","@graph":[{"@type":"WebPage","@id":"https:\/\/www.encontramoema.com.br\/sobre\/complexo-do-ibirapuera-recebe-competicao-de-karate-em-abril\/","url":"https:\/\/www.encontramoema.com.br\/sobre\/complexo-do-ibirapuera-recebe-competicao-de-karate-em-abril\/","name":"Complexo do Ibirapuera recebe competi\u00e7\u00e3o de karat\u00ea em abril - Encontra Moema","isPartOf":{"@id":"https:\/\/www.encontramoema.com.br\/sobre\/#website"},"datePublished":"2012-04-16T22:20:35+00:00","dateModified":"2019-04-12T21:03:00+00:00","author":{"@id":"https:\/\/www.encontramoema.com.br\/sobre\/#\/schema\/person\/3c3656d12b82130d77eba13c4ef23efa"},"breadcrumb":{"@id":"https:\/\/www.encontramoema.com.br\/sobre\/complexo-do-ibirapuera-recebe-competicao-de-karate-em-abril\/#breadcrumb"},"inLanguage":"pt-BR","potentialAction":[{"@type":"ReadAction","target":["https:\/\/www.encontramoema.com.br\/sobre\/complexo-do-ibirapuera-recebe-competicao-de-karate-em-abril\/"]}]},{"@type":"BreadcrumbList","@id":"https:\/\/www.encontramoema.com.br\/sobre\/complexo-do-ibirapuera-recebe-competicao-de-karate-em-abril\/#breadcrumb","itemListElement":[{"@type":"ListItem","position":1,"name":"In\u00edcio","item":"https:\/\/www.encontramoema.com.br\/sobre\/"},{"@type":"ListItem","position":2,"name":"Complexo do Ibirapuera recebe competi\u00e7\u00e3o de karat\u00ea em abril"}]},{"@type":"WebSite","@id":"https:\/\/www.encontramoema.com.br\/sobre\/#website","url":"https:\/\/www.encontramoema.com.br\/sobre\/","name":"Encontra Moema","description":"Not\u00edcias, eventos, informa\u00e7\u00f5es e dicas no bairro de Moema e regi\u00e3o.","potentialAction":[{"@type":"SearchAction","target":{"@type":"EntryPoint","urlTemplate":"https:\/\/www.encontramoema.com.br\/sobre\/?s={search_term_string}"},"query-input":{"@type":"PropertyValueSpecification","valueRequired":true,"valueName":"search_term_string"}}],"inLanguage":"pt-BR"},{"@type":"Person","@id":"https:\/\/www.encontramoema.com.br\/sobre\/#\/schema\/person\/3c3656d12b82130d77eba13c4ef23efa","name":"Encontra Moema","image":{"@type":"ImageObject","inLanguage":"pt-BR","@id":"https:\/\/www.encontramoema.com.br\/sobre\/#\/schema\/person\/image\/","url":"https:\/\/secure.gravatar.com\/avatar\/0fbed662e37531ae23e68f85f9517b2454e50c1dfebf80eb9b721449ac95e0b9?s=96&d=mm&r=g","contentUrl":"https:\/\/secure.gravatar.com\/avatar\/0fbed662e37531ae23e68f85f9517b2454e50c1dfebf80eb9b721449ac95e0b9?s=96&d=mm&r=g","caption":"Encontra Moema"},"url":"https:\/\/www.encontramoema.com.br\/sobre\/author\/emoema\/"}]}},"_links":{"self":[{"href":"https:\/\/www.encontramoema.com.br\/sobre\/wp-json\/wp\/v2\/posts\/8292","targetHints":{"allow":["GET"]}}],"collection":[{"href":"https:\/\/www.encontramoema.com.br\/sobre\/wp-json\/wp\/v2\/posts"}],"about":[{"href":"https:\/\/www.encontramoema.com.br\/sobre\/wp-json\/wp\/v2\/types\/post"}],"author":[{"embeddable":true,"href":"https:\/\/www.encontramoema.com.br\/sobre\/wp-json\/wp\/v2\/users\/1"}],"replies":[{"embeddable":true,"href":"https:\/\/www.encontramoema.com.br\/sobre\/wp-json\/wp\/v2\/comments?post=8292"}],"version-history":[{"count":0,"href":"https:\/\/www.encontramoema.com.br\/sobre\/wp-json\/wp\/v2\/posts\/8292\/revisions"}],"wp:attachment":[{"href":"https:\/\/www.encontramoema.com.br\/sobre\/wp-json\/wp\/v2\/media?parent=8292"}],"wp:term":[{"taxonomy":"category","embeddable":true,"href":"https:\/\/www.encontramoema.com.br\/sobre\/wp-json\/wp\/v2\/categories?post=8292"},{"taxonomy":"post_tag","embeddable":true,"href":"https:\/\/www.encontramoema.com.br\/sobre\/wp-json\/wp\/v2\/tags?post=8292"}],"curies":[{"name":"wp","href":"https:\/\/api.w.org\/{rel}","templated":true}]}}