{"id":852,"date":"2010-11-26T19:49:34","date_gmt":"2010-11-26T21:49:34","guid":{"rendered":"http:\/\/www.encontramoema.com.br\/blog\/?p=852"},"modified":"2019-04-12T19:05:46","modified_gmt":"2019-04-12T21:05:46","slug":"sandy-divulga-sua-1%c2%aa-turne-solo-em-moema","status":"publish","type":"post","link":"https:\/\/www.encontramoema.com.br\/sobre\/sandy-divulga-sua-1%c2%aa-turne-solo-em-moema\/","title":{"rendered":"Sandy divulga sua 1\u00aa turn\u00ea solo em Moema"},"content":{"rendered":"<div class=\"b7f545a958fd6350ffae2d30a84cafb8\" data-index=\"1\" style=\"float: none; margin:0px;\">\n<!-- Anuncio display - global -->\r\n<ins class=\"adsbygoogle\"\r\n     style=\"display:block\"\r\n     data-ad-client=\"ca-pub-8585364105181520\"\r\n     data-ad-slot=\"8789329856\"\r\n     data-ad-format=\"auto\"\r\n     data-full-width-responsive=\"true\"><\/ins>\r\n<script>\r\n     (adsbygoogle = window.adsbygoogle || []).push({});\r\n<\/script>\n<\/div>\n<p>Depois de tr\u00eas anos\u00a0longe dos palcos, Sandy se apresentou na noite desta quinta-feira (25), no <a href=\"http:\/\/www.encontramoema.com.br\/moema\/citibank-hall-de-moema.shtml\" target=\"_blank\">Citibank Hall<\/a>, em Moema.<\/p>\n<p>A cantora, que lan\u00e7ou seu primeiro \u00e1lbum solo\u00a0<em>(Manuscrito<\/em>) no come\u00e7o deste ano, deu in\u00edcio ao show com a m\u00fasica de trabalho do disco,\u00a0<em>P\u00e9s Cansados<\/em>.<\/p>\n<p>Num cen\u00e1rio cl\u00e1ssico, de estilo europeu, a turn\u00ea marca a volta de uma\u00a0cantora mais madura.<\/p>\n<p>Depois de um coro de f\u00e3s gritando &#8220;Sandy, eu te amo&#8221;, ela retribuiu o carinho e ainda disse estar muito feliz em voltar a cantar na capital paulista, onde fez hist\u00f3ria ao lado do irm\u00e3o Junior.<\/p>\n<p>&#8211; Eu tamb\u00e9m amo voc\u00eas. Ouvir isso me lembra uma hist\u00f3ria l\u00e1 atr\u00e1s, quando eu ainda cantava com meu irm\u00e3o. E \u00e9 esse passado que faz quem a gente \u00e9, e por isso eu quero ter a chance de recordar este momento.<\/p>\n<p>Sandy\u00a0integrou a dupla\u00a0com o irm\u00e3o\u00a0Junior\u00a0durante 17 anos.<\/p>\n<p>Sem esquecer as influ\u00eancias da sua forma\u00e7\u00e3o, ela cantou a m\u00fasica\u00a0<em>Dias Iguais<\/em>, que contou com a participa\u00e7\u00e3o da brit\u00e2nica Nerina Pallot.<\/p>\n<p>Sandy disse que \u00e9 muito f\u00e3 do trabalho da int\u00e9rprete internacional.<\/p>\n<p>&#8211; Eu tamb\u00e9m sou f\u00e3, viu, gente?<\/p>\n<p>Sandy interpretou os sucessos alheios\u00a0<em>Por Enquanto<\/em> (de Renato Russo, e hit na voz de Cassia Eller)\u00a0e\u00a0<em>Beija Eu<\/em> (que estourou com Marisa Monte).<\/p>\n<p>Das can\u00e7\u00f5es gravadas ao lado de Junior, ela recordou\u00a0<em>Quando Voc\u00ea Passa<\/em> e\u00a0<em>Estranho Jeito de Amar<\/em>.<\/p>\n<p>O repert\u00f3rio ainda contou com\u00a0<em>Dedilhada<\/em>,\u00a0<em>Sem Jeito <\/em>e\u00a0<em>T\u00e3o Comum<\/em>, entre outras.<\/p>\n<p>Para quem acompanha Sandy desde o come\u00e7o de sua carreira, o crescimento notado nesta noite n\u00e3o \u00e9 apenas o\u00a0de uma profissional, mas o\u00a0de uma mulher, que deixou o lado t\u00edmido de lado e encarou uma postura mais decidida e marcante.<\/p>\n<p>Com tons mais baixos e menos gritos, ela provou que est\u00e1 pronta para encarar esta nova jornada em sua carreira.<\/p>\n<p><em>Manuscrito<\/em> teve a produ\u00e7\u00e3o musical assinada pelo irm\u00e3o Junior Lima e pelo marido, Lucas Lima.<\/p>\n<p>Sandy faz uma segunda apresenta\u00e7\u00e3o para os f\u00e3s paulistanos nesta sexta-feira (26).<\/p>\n<p><strong>Sandy em S\u00e3o Paulo<\/strong><\/p>\n<p><strong>Quando:<\/strong> sexta-feira (26), \u00e0s 22h<br \/>\n<strong>Onde:<\/strong> Citibank Hall &#8211; av. Jamaris, 213, Moema, S\u00e3o Paulo, SP<br \/>\n<strong>Quanto:<\/strong> os ingressos est\u00e3o esgotados<\/p>\n<p><em>Fonte: R7<\/em><\/p>\n\n<div style=\"font-size: 0px; height: 0px; line-height: 0px; margin: 0; padding: 0; clear: both;\"><\/div>","protected":false},"excerpt":{"rendered":"<p>Depois de tr\u00eas anos\u00a0longe dos palcos, Sandy se apresentou na noite desta quinta-feira (25), no Citibank Hall, em Moema. A cantora, que lan\u00e7ou seu primeiro \u00e1lbum solo\u00a0(Manuscrito) no come\u00e7o deste ano, deu in\u00edcio ao show com a m\u00fasica de trabalho do disco,\u00a0P\u00e9s Cansados. Num cen\u00e1rio cl\u00e1ssico, de estilo europeu, a turn\u00ea marca a volta de uma\u00a0cantora mais madura. Depois de um coro de f\u00e3s gritando &#8220;Sandy, eu te amo&#8221;, ela retribuiu o carinho e ainda disse estar muito feliz em voltar a cantar na capital paulista, onde fez hist\u00f3ria ao lado do irm\u00e3o Junior. &#8211; Eu tamb\u00e9m amo voc\u00eas. Ouvir <\/p>\n","protected":false},"author":1,"featured_media":0,"comment_status":"open","ping_status":"closed","sticky":false,"template":"","format":"standard","meta":{"footnotes":""},"categories":[10],"tags":[7],"class_list":["post-852","post","type-post","status-publish","format-standard","hentry","category-shows-em-moema","tag-moema"],"yoast_head":"<!-- This site is optimized with the Yoast SEO plugin v26.3 - https:\/\/yoast.com\/wordpress\/plugins\/seo\/ -->\n<title>Sandy divulga sua 1\u00aa turn\u00ea solo em Moema - Encontra Moema<\/title>\n<meta name=\"robots\" content=\"index, follow, max-snippet:-1, max-image-preview:large, max-video-preview:-1\" \/>\n<link rel=\"canonical\" href=\"https:\/\/www.encontramoema.com.br\/sobre\/sandy-divulga-sua-1\u00aa-turne-solo-em-moema\/\" \/>\n<meta property=\"og:locale\" content=\"pt_BR\" \/>\n<meta property=\"og:type\" content=\"article\" \/>\n<meta property=\"og:title\" content=\"Sandy divulga sua 1\u00aa turn\u00ea solo em Moema - Encontra Moema\" \/>\n<meta property=\"og:description\" content=\"Depois de tr\u00eas anos\u00a0longe dos palcos, Sandy se apresentou na noite desta quinta-feira (25), no Citibank Hall, em Moema. A cantora, que lan\u00e7ou seu primeiro \u00e1lbum solo\u00a0(Manuscrito) no come\u00e7o deste ano, deu in\u00edcio ao show com a m\u00fasica de trabalho do disco,\u00a0P\u00e9s Cansados. Num cen\u00e1rio cl\u00e1ssico, de estilo europeu, a turn\u00ea marca a volta de uma\u00a0cantora mais madura. Depois de um coro de f\u00e3s gritando &#8220;Sandy, eu te amo&#8221;, ela retribuiu o carinho e ainda disse estar muito feliz em voltar a cantar na capital paulista, onde fez hist\u00f3ria ao lado do irm\u00e3o Junior. &#8211; Eu tamb\u00e9m amo voc\u00eas. Ouvir\" \/>\n<meta property=\"og:url\" content=\"https:\/\/www.encontramoema.com.br\/sobre\/sandy-divulga-sua-1\u00aa-turne-solo-em-moema\/\" \/>\n<meta property=\"og:site_name\" content=\"Encontra Moema\" \/>\n<meta property=\"article:published_time\" content=\"2010-11-26T21:49:34+00:00\" \/>\n<meta property=\"article:modified_time\" content=\"2019-04-12T21:05:46+00:00\" \/>\n<meta name=\"author\" content=\"Encontra Moema\" \/>\n<meta name=\"twitter:card\" content=\"summary_large_image\" \/>\n<meta name=\"twitter:label1\" content=\"Escrito por\" \/>\n\t<meta name=\"twitter:data1\" content=\"Encontra Moema\" \/>\n\t<meta name=\"twitter:label2\" content=\"Est. tempo de leitura\" \/>\n\t<meta name=\"twitter:data2\" content=\"2 minutos\" \/>\n<script type=\"application\/ld+json\" class=\"yoast-schema-graph\">{\"@context\":\"https:\/\/schema.org\",\"@graph\":[{\"@type\":\"WebPage\",\"@id\":\"https:\/\/www.encontramoema.com.br\/sobre\/sandy-divulga-sua-1%c2%aa-turne-solo-em-moema\/\",\"url\":\"https:\/\/www.encontramoema.com.br\/sobre\/sandy-divulga-sua-1%c2%aa-turne-solo-em-moema\/\",\"name\":\"Sandy divulga sua 1\u00aa turn\u00ea solo em Moema - Encontra Moema\",\"isPartOf\":{\"@id\":\"https:\/\/www.encontramoema.com.br\/sobre\/#website\"},\"datePublished\":\"2010-11-26T21:49:34+00:00\",\"dateModified\":\"2019-04-12T21:05:46+00:00\",\"author\":{\"@id\":\"https:\/\/www.encontramoema.com.br\/sobre\/#\/schema\/person\/3c3656d12b82130d77eba13c4ef23efa\"},\"breadcrumb\":{\"@id\":\"https:\/\/www.encontramoema.com.br\/sobre\/sandy-divulga-sua-1%c2%aa-turne-solo-em-moema\/#breadcrumb\"},\"inLanguage\":\"pt-BR\",\"potentialAction\":[{\"@type\":\"ReadAction\",\"target\":[\"https:\/\/www.encontramoema.com.br\/sobre\/sandy-divulga-sua-1%c2%aa-turne-solo-em-moema\/\"]}]},{\"@type\":\"BreadcrumbList\",\"@id\":\"https:\/\/www.encontramoema.com.br\/sobre\/sandy-divulga-sua-1%c2%aa-turne-solo-em-moema\/#breadcrumb\",\"itemListElement\":[{\"@type\":\"ListItem\",\"position\":1,\"name\":\"In\u00edcio\",\"item\":\"https:\/\/www.encontramoema.com.br\/sobre\/\"},{\"@type\":\"ListItem\",\"position\":2,\"name\":\"Sandy divulga sua 1\u00aa turn\u00ea solo em Moema\"}]},{\"@type\":\"WebSite\",\"@id\":\"https:\/\/www.encontramoema.com.br\/sobre\/#website\",\"url\":\"https:\/\/www.encontramoema.com.br\/sobre\/\",\"name\":\"Encontra Moema\",\"description\":\"Not\u00edcias, eventos, informa\u00e7\u00f5es e dicas no bairro de Moema e regi\u00e3o.\",\"potentialAction\":[{\"@type\":\"SearchAction\",\"target\":{\"@type\":\"EntryPoint\",\"urlTemplate\":\"https:\/\/www.encontramoema.com.br\/sobre\/?s={search_term_string}\"},\"query-input\":{\"@type\":\"PropertyValueSpecification\",\"valueRequired\":true,\"valueName\":\"search_term_string\"}}],\"inLanguage\":\"pt-BR\"},{\"@type\":\"Person\",\"@id\":\"https:\/\/www.encontramoema.com.br\/sobre\/#\/schema\/person\/3c3656d12b82130d77eba13c4ef23efa\",\"name\":\"Encontra Moema\",\"image\":{\"@type\":\"ImageObject\",\"inLanguage\":\"pt-BR\",\"@id\":\"https:\/\/www.encontramoema.com.br\/sobre\/#\/schema\/person\/image\/\",\"url\":\"https:\/\/secure.gravatar.com\/avatar\/0fbed662e37531ae23e68f85f9517b2454e50c1dfebf80eb9b721449ac95e0b9?s=96&d=mm&r=g\",\"contentUrl\":\"https:\/\/secure.gravatar.com\/avatar\/0fbed662e37531ae23e68f85f9517b2454e50c1dfebf80eb9b721449ac95e0b9?s=96&d=mm&r=g\",\"caption\":\"Encontra Moema\"},\"url\":\"https:\/\/www.encontramoema.com.br\/sobre\/author\/emoema\/\"}]}<\/script>\n<!-- \/ Yoast SEO plugin. -->","yoast_head_json":{"title":"Sandy divulga sua 1\u00aa turn\u00ea solo em Moema - Encontra Moema","robots":{"index":"index","follow":"follow","max-snippet":"max-snippet:-1","max-image-preview":"max-image-preview:large","max-video-preview":"max-video-preview:-1"},"canonical":"https:\/\/www.encontramoema.com.br\/sobre\/sandy-divulga-sua-1\u00aa-turne-solo-em-moema\/","og_locale":"pt_BR","og_type":"article","og_title":"Sandy divulga sua 1\u00aa turn\u00ea solo em Moema - Encontra Moema","og_description":"Depois de tr\u00eas anos\u00a0longe dos palcos, Sandy se apresentou na noite desta quinta-feira (25), no Citibank Hall, em Moema. A cantora, que lan\u00e7ou seu primeiro \u00e1lbum solo\u00a0(Manuscrito) no come\u00e7o deste ano, deu in\u00edcio ao show com a m\u00fasica de trabalho do disco,\u00a0P\u00e9s Cansados. Num cen\u00e1rio cl\u00e1ssico, de estilo europeu, a turn\u00ea marca a volta de uma\u00a0cantora mais madura. Depois de um coro de f\u00e3s gritando &#8220;Sandy, eu te amo&#8221;, ela retribuiu o carinho e ainda disse estar muito feliz em voltar a cantar na capital paulista, onde fez hist\u00f3ria ao lado do irm\u00e3o Junior. &#8211; Eu tamb\u00e9m amo voc\u00eas. Ouvir","og_url":"https:\/\/www.encontramoema.com.br\/sobre\/sandy-divulga-sua-1\u00aa-turne-solo-em-moema\/","og_site_name":"Encontra Moema","article_published_time":"2010-11-26T21:49:34+00:00","article_modified_time":"2019-04-12T21:05:46+00:00","author":"Encontra Moema","twitter_card":"summary_large_image","twitter_misc":{"Escrito por":"Encontra Moema","Est. tempo de leitura":"2 minutos"},"schema":{"@context":"https:\/\/schema.org","@graph":[{"@type":"WebPage","@id":"https:\/\/www.encontramoema.com.br\/sobre\/sandy-divulga-sua-1%c2%aa-turne-solo-em-moema\/","url":"https:\/\/www.encontramoema.com.br\/sobre\/sandy-divulga-sua-1%c2%aa-turne-solo-em-moema\/","name":"Sandy divulga sua 1\u00aa turn\u00ea solo em Moema - Encontra Moema","isPartOf":{"@id":"https:\/\/www.encontramoema.com.br\/sobre\/#website"},"datePublished":"2010-11-26T21:49:34+00:00","dateModified":"2019-04-12T21:05:46+00:00","author":{"@id":"https:\/\/www.encontramoema.com.br\/sobre\/#\/schema\/person\/3c3656d12b82130d77eba13c4ef23efa"},"breadcrumb":{"@id":"https:\/\/www.encontramoema.com.br\/sobre\/sandy-divulga-sua-1%c2%aa-turne-solo-em-moema\/#breadcrumb"},"inLanguage":"pt-BR","potentialAction":[{"@type":"ReadAction","target":["https:\/\/www.encontramoema.com.br\/sobre\/sandy-divulga-sua-1%c2%aa-turne-solo-em-moema\/"]}]},{"@type":"BreadcrumbList","@id":"https:\/\/www.encontramoema.com.br\/sobre\/sandy-divulga-sua-1%c2%aa-turne-solo-em-moema\/#breadcrumb","itemListElement":[{"@type":"ListItem","position":1,"name":"In\u00edcio","item":"https:\/\/www.encontramoema.com.br\/sobre\/"},{"@type":"ListItem","position":2,"name":"Sandy divulga sua 1\u00aa turn\u00ea solo em Moema"}]},{"@type":"WebSite","@id":"https:\/\/www.encontramoema.com.br\/sobre\/#website","url":"https:\/\/www.encontramoema.com.br\/sobre\/","name":"Encontra Moema","description":"Not\u00edcias, eventos, informa\u00e7\u00f5es e dicas no bairro de Moema e regi\u00e3o.","potentialAction":[{"@type":"SearchAction","target":{"@type":"EntryPoint","urlTemplate":"https:\/\/www.encontramoema.com.br\/sobre\/?s={search_term_string}"},"query-input":{"@type":"PropertyValueSpecification","valueRequired":true,"valueName":"search_term_string"}}],"inLanguage":"pt-BR"},{"@type":"Person","@id":"https:\/\/www.encontramoema.com.br\/sobre\/#\/schema\/person\/3c3656d12b82130d77eba13c4ef23efa","name":"Encontra Moema","image":{"@type":"ImageObject","inLanguage":"pt-BR","@id":"https:\/\/www.encontramoema.com.br\/sobre\/#\/schema\/person\/image\/","url":"https:\/\/secure.gravatar.com\/avatar\/0fbed662e37531ae23e68f85f9517b2454e50c1dfebf80eb9b721449ac95e0b9?s=96&d=mm&r=g","contentUrl":"https:\/\/secure.gravatar.com\/avatar\/0fbed662e37531ae23e68f85f9517b2454e50c1dfebf80eb9b721449ac95e0b9?s=96&d=mm&r=g","caption":"Encontra Moema"},"url":"https:\/\/www.encontramoema.com.br\/sobre\/author\/emoema\/"}]}},"_links":{"self":[{"href":"https:\/\/www.encontramoema.com.br\/sobre\/wp-json\/wp\/v2\/posts\/852","targetHints":{"allow":["GET"]}}],"collection":[{"href":"https:\/\/www.encontramoema.com.br\/sobre\/wp-json\/wp\/v2\/posts"}],"about":[{"href":"https:\/\/www.encontramoema.com.br\/sobre\/wp-json\/wp\/v2\/types\/post"}],"author":[{"embeddable":true,"href":"https:\/\/www.encontramoema.com.br\/sobre\/wp-json\/wp\/v2\/users\/1"}],"replies":[{"embeddable":true,"href":"https:\/\/www.encontramoema.com.br\/sobre\/wp-json\/wp\/v2\/comments?post=852"}],"version-history":[{"count":0,"href":"https:\/\/www.encontramoema.com.br\/sobre\/wp-json\/wp\/v2\/posts\/852\/revisions"}],"wp:attachment":[{"href":"https:\/\/www.encontramoema.com.br\/sobre\/wp-json\/wp\/v2\/media?parent=852"}],"wp:term":[{"taxonomy":"category","embeddable":true,"href":"https:\/\/www.encontramoema.com.br\/sobre\/wp-json\/wp\/v2\/categories?post=852"},{"taxonomy":"post_tag","embeddable":true,"href":"https:\/\/www.encontramoema.com.br\/sobre\/wp-json\/wp\/v2\/tags?post=852"}],"curies":[{"name":"wp","href":"https:\/\/api.w.org\/{rel}","templated":true}]}}