{"id":8569,"date":"2012-05-02T19:01:36","date_gmt":"2012-05-02T21:01:36","guid":{"rendered":"http:\/\/www.encontramoema.com.br\/blog\/?p=8569"},"modified":"2019-04-12T19:02:59","modified_gmt":"2019-04-12T21:02:59","slug":"diogo-nogueira-e-convidados-se-apresentam-no-auditorio-ibirapuera-em-homenagem-a-joao-nogueira","status":"publish","type":"post","link":"https:\/\/www.encontramoema.com.br\/sobre\/diogo-nogueira-e-convidados-se-apresentam-no-auditorio-ibirapuera-em-homenagem-a-joao-nogueira\/","title":{"rendered":"Diogo Nogueira e convidados se apresentam no Audit\u00f3rio Ibirapuera em homenagem a Jo\u00e3o Nogueira"},"content":{"rendered":"<div class=\"b7f545a958fd6350ffae2d30a84cafb8\" data-index=\"1\" style=\"float: none; margin:0px;\">\n<!-- Anuncio display - global -->\r\n<ins class=\"adsbygoogle\"\r\n     style=\"display:block\"\r\n     data-ad-client=\"ca-pub-8585364105181520\"\r\n     data-ad-slot=\"8789329856\"\r\n     data-ad-format=\"auto\"\r\n     data-full-width-responsive=\"true\"><\/ins>\r\n<script>\r\n     (adsbygoogle = window.adsbygoogle || []).push({});\r\n<\/script>\n<\/div>\n<p>O projeto Sambabook estreia no palco do <a href=\"http:\/\/www.encontramoema.com.br\/moema\/auditorio-ibirapuera.shtml\" target=\"_blank\">Audit\u00f3rio Ibirapuera<\/a> homenageando e revivendo a obra de Jo\u00e3o Nogueira, sob o comando de seu filho, sambista da nova gera\u00e7\u00e3o, Diogo Nogueira, e convidados especiais: na sexta-feira (04), Mariene de Castro canta com Diogo \u201cUm ser de luz\u201d; no s\u00e1bado (05), dentro da Virada Cultural, Martinho Da Vila faz dueto em \u201cJo\u00e3o e Jos\u00e9\u201d. Marcelo D2 \u00e9 o convidado de Diogo do domingo (06), cantando \u201cBaile do Elite\u201d.<\/p>\n<p>O show conta com uma banda formada por m\u00fasicos que conviveram de perto com Jo\u00e3o Nogueira, reunidos especialmente para o projeto, como Alceu Maia, Claudio Jorge, Marinho Boffa, Milton Manh\u00e3es, Jorge Simas e Dirceu Leite, entre outros.<\/p>\n<p>O projeto teve in\u00edcio em 2011, ano em que Jo\u00e3o Nogueira completaria 70 anos, com a grava\u00e7\u00e3o do \u00e1lbum Sambabook Jo\u00e3o Nogueira (Musickeria, 2012), que reuniu um time de grandes nomes da m\u00fasica brasileira.<\/p>\n<p>O material foi editado em disco e v\u00eddeo, com 24 can\u00e7\u00f5es, entrevistas e making of. H\u00e1 ainda uma discobiografia e um fich\u00e1rio com 60 partituras da obra do compositor. Grande parte do material est\u00e1 dispon\u00edvel em plataforma digital.<\/p>\n<p>O elenco das grava\u00e7\u00f5es do Sambabook reuniu 24 convidados ilustres, entre os quais, Zeca Pagodinho, Djavan, Beth Carvalho, Marcelo D2, Lenine, Martinho da Vila, Mart\u00b4n\u00e1lia, Arlindo Cruz, Seu Jorge, Fundo de Quintal, Alcione, Ivan Lins, Jorge Arag\u00e3o e Teresa Cristina.<\/p>\n<p><strong>Jo\u00e3o Nogueira<\/strong><\/p>\n<p>Jo\u00e3o Nogueira \u00e9 um dos nomes essenciais do samba. Come\u00e7ou a hist\u00f3ria nas ruas e clubes do Meier, no Rio de Janeiro, e chamou a aten\u00e7\u00e3o pelas melodias rebuscadas. Seguiu carreira se consolidando tamb\u00e9m como int\u00e9rprete. Com Paulo C\u00e9sar Pinheiro manteve prof\u00edcua parceria. Destacou-se ainda como militante do samba, questionando a hegemonia do pop.<\/p>\n<p>Outros compositores est\u00e3o na lista para futuros sambabooks. Antes disso, esse show ser\u00e1 levado a diversos palcos, com v\u00e1rias. configura\u00e7\u00f5es.<\/p>\n<p><strong><strong>Sambabook Jo\u00e3o Nogueira &#8211; Diogo Nogueira e Convidados<\/strong><\/strong><\/p>\n<p><strong>Data:<\/strong>\u00a04, 5 e 6 de maio de 2012<br \/>\n<strong>Hor\u00e1rio:<\/strong>\u00a0Sexta e S\u00e1bado, 21h. Domingo, 19h<br \/>\n<strong>Local:<\/strong>\u00a0Audit\u00f3rio Ibirapuera\u00a0\u2013\u00a0P<a href=\"http:\/\/www.encontramoema.com.br\/moema\/parque-do-ibirapuera.shtml\" target=\"_blank\">arque do Ibirapuera\u00a0<\/a><br \/>\n<strong>Endere\u00e7o:<\/strong>\u00a0Rua Pedro \u00c1lvares Cabral, s\/ n\u00ba,\u00a0Guia Moema<br \/>\n<strong>Ingressos:<\/strong>\u00a0R$ 20,00 e R$ 10,00 (meia-entrada). No s\u00e1bado (5), o espet\u00e1culo Samba Book Jo\u00e3o Nogueira integra a programa\u00e7\u00e3o da Virada Cultural e ser\u00e1 gratuito. Os ingressos ser\u00e3o retirados apenas na bilheteria do Audit\u00f3rio Ibirapuera, a partir da ter\u00e7a-feira (01\/05). Cada pessoa pode retirar, no m\u00e1ximo, dois ingressos mediante a informa\u00e7\u00e3o do email ou apresenta\u00e7\u00e3o de um documento (RG ou CPF) para cada entrada.<br \/>\n<strong>Telefone:<\/strong>\u00a0(11) 3629-1075<\/p>\n<p><em>Fonte: Audit\u00f3rio Ibirapuera<\/em><\/p>\n\n<div style=\"font-size: 0px; height: 0px; line-height: 0px; margin: 0; padding: 0; clear: both;\"><\/div>","protected":false},"excerpt":{"rendered":"<p>O projeto Sambabook estreia no palco do Audit\u00f3rio Ibirapuera homenageando e revivendo a obra de Jo\u00e3o Nogueira, sob o comando de seu filho, sambista da nova gera\u00e7\u00e3o, Diogo Nogueira, e convidados especiais: na sexta-feira (04), Mariene de Castro canta com Diogo \u201cUm ser de luz\u201d; no s\u00e1bado (05), dentro da Virada Cultural, Martinho Da Vila faz dueto em \u201cJo\u00e3o e Jos\u00e9\u201d. Marcelo D2 \u00e9 o convidado de Diogo do domingo (06), cantando \u201cBaile do Elite\u201d. O show conta com uma banda formada por m\u00fasicos que conviveram de perto com Jo\u00e3o Nogueira, reunidos especialmente para o projeto, como Alceu Maia, Claudio <\/p>\n","protected":false},"author":1,"featured_media":0,"comment_status":"open","ping_status":"closed","sticky":false,"template":"","format":"standard","meta":{"footnotes":""},"categories":[10],"tags":[7],"class_list":["post-8569","post","type-post","status-publish","format-standard","hentry","category-shows-em-moema","tag-moema"],"yoast_head":"<!-- This site is optimized with the Yoast SEO plugin v26.3 - https:\/\/yoast.com\/wordpress\/plugins\/seo\/ -->\n<title>Diogo Nogueira e convidados se apresentam no Audit\u00f3rio Ibirapuera em homenagem a Jo\u00e3o Nogueira - Encontra Moema<\/title>\n<meta name=\"robots\" content=\"index, follow, max-snippet:-1, max-image-preview:large, max-video-preview:-1\" \/>\n<link rel=\"canonical\" href=\"https:\/\/www.encontramoema.com.br\/sobre\/diogo-nogueira-e-convidados-se-apresentam-no-auditorio-ibirapuera-em-homenagem-a-joao-nogueira\/\" \/>\n<meta property=\"og:locale\" content=\"pt_BR\" \/>\n<meta property=\"og:type\" content=\"article\" \/>\n<meta property=\"og:title\" content=\"Diogo Nogueira e convidados se apresentam no Audit\u00f3rio Ibirapuera em homenagem a Jo\u00e3o Nogueira - Encontra Moema\" \/>\n<meta property=\"og:description\" content=\"O projeto Sambabook estreia no palco do Audit\u00f3rio Ibirapuera homenageando e revivendo a obra de Jo\u00e3o Nogueira, sob o comando de seu filho, sambista da nova gera\u00e7\u00e3o, Diogo Nogueira, e convidados especiais: na sexta-feira (04), Mariene de Castro canta com Diogo \u201cUm ser de luz\u201d; no s\u00e1bado (05), dentro da Virada Cultural, Martinho Da Vila faz dueto em \u201cJo\u00e3o e Jos\u00e9\u201d. Marcelo D2 \u00e9 o convidado de Diogo do domingo (06), cantando \u201cBaile do Elite\u201d. O show conta com uma banda formada por m\u00fasicos que conviveram de perto com Jo\u00e3o Nogueira, reunidos especialmente para o projeto, como Alceu Maia, Claudio\" \/>\n<meta property=\"og:url\" content=\"https:\/\/www.encontramoema.com.br\/sobre\/diogo-nogueira-e-convidados-se-apresentam-no-auditorio-ibirapuera-em-homenagem-a-joao-nogueira\/\" \/>\n<meta property=\"og:site_name\" content=\"Encontra Moema\" \/>\n<meta property=\"article:published_time\" content=\"2012-05-02T21:01:36+00:00\" \/>\n<meta property=\"article:modified_time\" content=\"2019-04-12T21:02:59+00:00\" \/>\n<meta name=\"author\" content=\"Encontra Moema\" \/>\n<meta name=\"twitter:card\" content=\"summary_large_image\" \/>\n<meta name=\"twitter:label1\" content=\"Escrito por\" \/>\n\t<meta name=\"twitter:data1\" content=\"Encontra Moema\" \/>\n\t<meta name=\"twitter:label2\" content=\"Est. tempo de leitura\" \/>\n\t<meta name=\"twitter:data2\" content=\"2 minutos\" \/>\n<script type=\"application\/ld+json\" class=\"yoast-schema-graph\">{\"@context\":\"https:\/\/schema.org\",\"@graph\":[{\"@type\":\"WebPage\",\"@id\":\"https:\/\/www.encontramoema.com.br\/sobre\/diogo-nogueira-e-convidados-se-apresentam-no-auditorio-ibirapuera-em-homenagem-a-joao-nogueira\/\",\"url\":\"https:\/\/www.encontramoema.com.br\/sobre\/diogo-nogueira-e-convidados-se-apresentam-no-auditorio-ibirapuera-em-homenagem-a-joao-nogueira\/\",\"name\":\"Diogo Nogueira e convidados se apresentam no Audit\u00f3rio Ibirapuera em homenagem a Jo\u00e3o Nogueira - Encontra Moema\",\"isPartOf\":{\"@id\":\"https:\/\/www.encontramoema.com.br\/sobre\/#website\"},\"datePublished\":\"2012-05-02T21:01:36+00:00\",\"dateModified\":\"2019-04-12T21:02:59+00:00\",\"author\":{\"@id\":\"https:\/\/www.encontramoema.com.br\/sobre\/#\/schema\/person\/3c3656d12b82130d77eba13c4ef23efa\"},\"breadcrumb\":{\"@id\":\"https:\/\/www.encontramoema.com.br\/sobre\/diogo-nogueira-e-convidados-se-apresentam-no-auditorio-ibirapuera-em-homenagem-a-joao-nogueira\/#breadcrumb\"},\"inLanguage\":\"pt-BR\",\"potentialAction\":[{\"@type\":\"ReadAction\",\"target\":[\"https:\/\/www.encontramoema.com.br\/sobre\/diogo-nogueira-e-convidados-se-apresentam-no-auditorio-ibirapuera-em-homenagem-a-joao-nogueira\/\"]}]},{\"@type\":\"BreadcrumbList\",\"@id\":\"https:\/\/www.encontramoema.com.br\/sobre\/diogo-nogueira-e-convidados-se-apresentam-no-auditorio-ibirapuera-em-homenagem-a-joao-nogueira\/#breadcrumb\",\"itemListElement\":[{\"@type\":\"ListItem\",\"position\":1,\"name\":\"In\u00edcio\",\"item\":\"https:\/\/www.encontramoema.com.br\/sobre\/\"},{\"@type\":\"ListItem\",\"position\":2,\"name\":\"Diogo Nogueira e convidados se apresentam no Audit\u00f3rio Ibirapuera em homenagem a Jo\u00e3o Nogueira\"}]},{\"@type\":\"WebSite\",\"@id\":\"https:\/\/www.encontramoema.com.br\/sobre\/#website\",\"url\":\"https:\/\/www.encontramoema.com.br\/sobre\/\",\"name\":\"Encontra Moema\",\"description\":\"Not\u00edcias, eventos, informa\u00e7\u00f5es e dicas no bairro de Moema e regi\u00e3o.\",\"potentialAction\":[{\"@type\":\"SearchAction\",\"target\":{\"@type\":\"EntryPoint\",\"urlTemplate\":\"https:\/\/www.encontramoema.com.br\/sobre\/?s={search_term_string}\"},\"query-input\":{\"@type\":\"PropertyValueSpecification\",\"valueRequired\":true,\"valueName\":\"search_term_string\"}}],\"inLanguage\":\"pt-BR\"},{\"@type\":\"Person\",\"@id\":\"https:\/\/www.encontramoema.com.br\/sobre\/#\/schema\/person\/3c3656d12b82130d77eba13c4ef23efa\",\"name\":\"Encontra Moema\",\"image\":{\"@type\":\"ImageObject\",\"inLanguage\":\"pt-BR\",\"@id\":\"https:\/\/www.encontramoema.com.br\/sobre\/#\/schema\/person\/image\/\",\"url\":\"https:\/\/secure.gravatar.com\/avatar\/0fbed662e37531ae23e68f85f9517b2454e50c1dfebf80eb9b721449ac95e0b9?s=96&d=mm&r=g\",\"contentUrl\":\"https:\/\/secure.gravatar.com\/avatar\/0fbed662e37531ae23e68f85f9517b2454e50c1dfebf80eb9b721449ac95e0b9?s=96&d=mm&r=g\",\"caption\":\"Encontra Moema\"},\"url\":\"https:\/\/www.encontramoema.com.br\/sobre\/author\/emoema\/\"}]}<\/script>\n<!-- \/ Yoast SEO plugin. -->","yoast_head_json":{"title":"Diogo Nogueira e convidados se apresentam no Audit\u00f3rio Ibirapuera em homenagem a Jo\u00e3o Nogueira - Encontra Moema","robots":{"index":"index","follow":"follow","max-snippet":"max-snippet:-1","max-image-preview":"max-image-preview:large","max-video-preview":"max-video-preview:-1"},"canonical":"https:\/\/www.encontramoema.com.br\/sobre\/diogo-nogueira-e-convidados-se-apresentam-no-auditorio-ibirapuera-em-homenagem-a-joao-nogueira\/","og_locale":"pt_BR","og_type":"article","og_title":"Diogo Nogueira e convidados se apresentam no Audit\u00f3rio Ibirapuera em homenagem a Jo\u00e3o Nogueira - Encontra Moema","og_description":"O projeto Sambabook estreia no palco do Audit\u00f3rio Ibirapuera homenageando e revivendo a obra de Jo\u00e3o Nogueira, sob o comando de seu filho, sambista da nova gera\u00e7\u00e3o, Diogo Nogueira, e convidados especiais: na sexta-feira (04), Mariene de Castro canta com Diogo \u201cUm ser de luz\u201d; no s\u00e1bado (05), dentro da Virada Cultural, Martinho Da Vila faz dueto em \u201cJo\u00e3o e Jos\u00e9\u201d. Marcelo D2 \u00e9 o convidado de Diogo do domingo (06), cantando \u201cBaile do Elite\u201d. O show conta com uma banda formada por m\u00fasicos que conviveram de perto com Jo\u00e3o Nogueira, reunidos especialmente para o projeto, como Alceu Maia, Claudio","og_url":"https:\/\/www.encontramoema.com.br\/sobre\/diogo-nogueira-e-convidados-se-apresentam-no-auditorio-ibirapuera-em-homenagem-a-joao-nogueira\/","og_site_name":"Encontra Moema","article_published_time":"2012-05-02T21:01:36+00:00","article_modified_time":"2019-04-12T21:02:59+00:00","author":"Encontra Moema","twitter_card":"summary_large_image","twitter_misc":{"Escrito por":"Encontra Moema","Est. tempo de leitura":"2 minutos"},"schema":{"@context":"https:\/\/schema.org","@graph":[{"@type":"WebPage","@id":"https:\/\/www.encontramoema.com.br\/sobre\/diogo-nogueira-e-convidados-se-apresentam-no-auditorio-ibirapuera-em-homenagem-a-joao-nogueira\/","url":"https:\/\/www.encontramoema.com.br\/sobre\/diogo-nogueira-e-convidados-se-apresentam-no-auditorio-ibirapuera-em-homenagem-a-joao-nogueira\/","name":"Diogo Nogueira e convidados se apresentam no Audit\u00f3rio Ibirapuera em homenagem a Jo\u00e3o Nogueira - Encontra Moema","isPartOf":{"@id":"https:\/\/www.encontramoema.com.br\/sobre\/#website"},"datePublished":"2012-05-02T21:01:36+00:00","dateModified":"2019-04-12T21:02:59+00:00","author":{"@id":"https:\/\/www.encontramoema.com.br\/sobre\/#\/schema\/person\/3c3656d12b82130d77eba13c4ef23efa"},"breadcrumb":{"@id":"https:\/\/www.encontramoema.com.br\/sobre\/diogo-nogueira-e-convidados-se-apresentam-no-auditorio-ibirapuera-em-homenagem-a-joao-nogueira\/#breadcrumb"},"inLanguage":"pt-BR","potentialAction":[{"@type":"ReadAction","target":["https:\/\/www.encontramoema.com.br\/sobre\/diogo-nogueira-e-convidados-se-apresentam-no-auditorio-ibirapuera-em-homenagem-a-joao-nogueira\/"]}]},{"@type":"BreadcrumbList","@id":"https:\/\/www.encontramoema.com.br\/sobre\/diogo-nogueira-e-convidados-se-apresentam-no-auditorio-ibirapuera-em-homenagem-a-joao-nogueira\/#breadcrumb","itemListElement":[{"@type":"ListItem","position":1,"name":"In\u00edcio","item":"https:\/\/www.encontramoema.com.br\/sobre\/"},{"@type":"ListItem","position":2,"name":"Diogo Nogueira e convidados se apresentam no Audit\u00f3rio Ibirapuera em homenagem a Jo\u00e3o Nogueira"}]},{"@type":"WebSite","@id":"https:\/\/www.encontramoema.com.br\/sobre\/#website","url":"https:\/\/www.encontramoema.com.br\/sobre\/","name":"Encontra Moema","description":"Not\u00edcias, eventos, informa\u00e7\u00f5es e dicas no bairro de Moema e regi\u00e3o.","potentialAction":[{"@type":"SearchAction","target":{"@type":"EntryPoint","urlTemplate":"https:\/\/www.encontramoema.com.br\/sobre\/?s={search_term_string}"},"query-input":{"@type":"PropertyValueSpecification","valueRequired":true,"valueName":"search_term_string"}}],"inLanguage":"pt-BR"},{"@type":"Person","@id":"https:\/\/www.encontramoema.com.br\/sobre\/#\/schema\/person\/3c3656d12b82130d77eba13c4ef23efa","name":"Encontra Moema","image":{"@type":"ImageObject","inLanguage":"pt-BR","@id":"https:\/\/www.encontramoema.com.br\/sobre\/#\/schema\/person\/image\/","url":"https:\/\/secure.gravatar.com\/avatar\/0fbed662e37531ae23e68f85f9517b2454e50c1dfebf80eb9b721449ac95e0b9?s=96&d=mm&r=g","contentUrl":"https:\/\/secure.gravatar.com\/avatar\/0fbed662e37531ae23e68f85f9517b2454e50c1dfebf80eb9b721449ac95e0b9?s=96&d=mm&r=g","caption":"Encontra Moema"},"url":"https:\/\/www.encontramoema.com.br\/sobre\/author\/emoema\/"}]}},"_links":{"self":[{"href":"https:\/\/www.encontramoema.com.br\/sobre\/wp-json\/wp\/v2\/posts\/8569","targetHints":{"allow":["GET"]}}],"collection":[{"href":"https:\/\/www.encontramoema.com.br\/sobre\/wp-json\/wp\/v2\/posts"}],"about":[{"href":"https:\/\/www.encontramoema.com.br\/sobre\/wp-json\/wp\/v2\/types\/post"}],"author":[{"embeddable":true,"href":"https:\/\/www.encontramoema.com.br\/sobre\/wp-json\/wp\/v2\/users\/1"}],"replies":[{"embeddable":true,"href":"https:\/\/www.encontramoema.com.br\/sobre\/wp-json\/wp\/v2\/comments?post=8569"}],"version-history":[{"count":0,"href":"https:\/\/www.encontramoema.com.br\/sobre\/wp-json\/wp\/v2\/posts\/8569\/revisions"}],"wp:attachment":[{"href":"https:\/\/www.encontramoema.com.br\/sobre\/wp-json\/wp\/v2\/media?parent=8569"}],"wp:term":[{"taxonomy":"category","embeddable":true,"href":"https:\/\/www.encontramoema.com.br\/sobre\/wp-json\/wp\/v2\/categories?post=8569"},{"taxonomy":"post_tag","embeddable":true,"href":"https:\/\/www.encontramoema.com.br\/sobre\/wp-json\/wp\/v2\/tags?post=8569"}],"curies":[{"name":"wp","href":"https:\/\/api.w.org\/{rel}","templated":true}]}}