{"id":8571,"date":"2012-05-02T20:06:58","date_gmt":"2012-05-02T22:06:58","guid":{"rendered":"http:\/\/www.encontramoema.com.br\/blog\/?p=8571"},"modified":"2019-04-12T19:02:59","modified_gmt":"2019-04-12T21:02:59","slug":"sede-do-mac-usp-continua-com-as-portas-fechadas","status":"publish","type":"post","link":"https:\/\/www.encontramoema.com.br\/sobre\/sede-do-mac-usp-continua-com-as-portas-fechadas\/","title":{"rendered":"Sede do MAC USP continua com as portas fechadas"},"content":{"rendered":"<div class=\"b7f545a958fd6350ffae2d30a84cafb8\" data-index=\"1\" style=\"float: none; margin:0px;\">\n<!-- Anuncio display - global -->\r\n<ins class=\"adsbygoogle\"\r\n     style=\"display:block\"\r\n     data-ad-client=\"ca-pub-8585364105181520\"\r\n     data-ad-slot=\"8789329856\"\r\n     data-ad-format=\"auto\"\r\n     data-full-width-responsive=\"true\"><\/ins>\r\n<script>\r\n     (adsbygoogle = window.adsbygoogle || []).push({});\r\n<\/script>\n<\/div>\n<p>Na\u00a0Avenida\u00a0Pedro \u00c1lvares Cabral, em frente ao Ibirapuera, os port\u00f5es da nova sede do <a href=\"http:\/\/www.encontramoema.com.br\/moema\/mac-em-moema.shtml\" target=\"_blank\">Museu de Arte Contempor\u00e2nea (MAC) da USP<\/a>, edif\u00edcio onde funcionava o Detran, est\u00e3o fechados. O visitante que quiser ver a exposi\u00e7\u00e3o O Tridimensional no Acervo do MAC: Uma Antologia ter\u00e1 de procurar, com empenho, pela \u00fanica abertura que d\u00e1 acesso \u00e0 institui\u00e7\u00e3o: uma entrada ao lado de uma das sa\u00eddas da passarela Ciccillo Matarazzo &#8211; a que liga o pr\u00e9dio ao parque. Desde janeiro \u00e9 assim. N\u00e3o h\u00e1 p\u00fablico no museu.<\/p>\n<p>Escolas n\u00e3o podem agendar visitas ao novo espa\u00e7o do MAC &#8211; aberto de ter\u00e7a a domingo, das 10 \u00e0s 18 horas &#8211; e o estacionamento somente recebe, excepcionalmente, idosos ou portadores de alguma defici\u00eancia. A mostra com 17 esculturas, abrigada no t\u00e9rreo do edif\u00edcio projetado na d\u00e9cada de 1950 pelo\u00a0arquiteto\u00a0Oscar Niemeyer para ser o Pavilh\u00e3o da Agricultura no Conjunto Arquitet\u00f4nico do Ibirapuera, foi aberta em 28 de janeiro durante evento que marcou a inaugura\u00e7\u00e3o da nova sede do MAC.<\/p>\n<p>Mas foi uma abertura parcial, pois a entrega do\u00a0pr\u00e9dio\u00a0pela Secretaria de Estado da Cultura, respons\u00e1vel pela reforma do pr\u00e9dio desde 2009, est\u00e1 prevista para junho.<\/p>\n<p>&#8220;Foi assinado um decreto (publicado em 14 de fevereiro) pelo governador (Geraldo Alckmin) passando o\u00a0edif\u00edcio\u00a0para o museu, mas, para estabelecer atividades como propriet\u00e1ria daquele espa\u00e7o, a USP teria de ter em m\u00e3os o Termo de Permiss\u00e3o de Uso&#8221;, diz o diretor do MAC, Tadeu Chiarelli. Segundo ele, o documento definitivo foi assinado no \u00faltimo dia 23 de abril. &#8220;A universidade n\u00e3o poderia assumir as despesas, nem solicitar servi\u00e7os ou abrir nenhum tipo de licita\u00e7\u00e3o sem esse termo&#8221;, completa Chiarelli.<\/p>\n<p><em>Fonte: Ag\u00eancia Estado<\/em><\/p>\n\n<div style=\"font-size: 0px; height: 0px; line-height: 0px; margin: 0; padding: 0; clear: both;\"><\/div>","protected":false},"excerpt":{"rendered":"<p>Na\u00a0Avenida\u00a0Pedro \u00c1lvares Cabral, em frente ao Ibirapuera, os port\u00f5es da nova sede do Museu de Arte Contempor\u00e2nea (MAC) da USP, edif\u00edcio onde funcionava o Detran, est\u00e3o fechados. O visitante que quiser ver a exposi\u00e7\u00e3o O Tridimensional no Acervo do MAC: Uma Antologia ter\u00e1 de procurar, com empenho, pela \u00fanica abertura que d\u00e1 acesso \u00e0 institui\u00e7\u00e3o: uma entrada ao lado de uma das sa\u00eddas da passarela Ciccillo Matarazzo &#8211; a que liga o pr\u00e9dio ao parque. Desde janeiro \u00e9 assim. N\u00e3o h\u00e1 p\u00fablico no museu. Escolas n\u00e3o podem agendar visitas ao novo espa\u00e7o do MAC &#8211; aberto de ter\u00e7a a domingo, <\/p>\n","protected":false},"author":1,"featured_media":0,"comment_status":"open","ping_status":"closed","sticky":false,"template":"","format":"standard","meta":{"footnotes":""},"categories":[1],"tags":[7],"class_list":["post-8571","post","type-post","status-publish","format-standard","hentry","category-noticias-em-moema","tag-moema"],"yoast_head":"<!-- This site is optimized with the Yoast SEO plugin v26.3 - https:\/\/yoast.com\/wordpress\/plugins\/seo\/ -->\n<title>Sede do MAC USP continua com as portas fechadas - Encontra Moema<\/title>\n<meta name=\"robots\" content=\"index, follow, max-snippet:-1, max-image-preview:large, max-video-preview:-1\" \/>\n<link rel=\"canonical\" href=\"https:\/\/www.encontramoema.com.br\/sobre\/sede-do-mac-usp-continua-com-as-portas-fechadas\/\" \/>\n<meta property=\"og:locale\" content=\"pt_BR\" \/>\n<meta property=\"og:type\" content=\"article\" \/>\n<meta property=\"og:title\" content=\"Sede do MAC USP continua com as portas fechadas - Encontra Moema\" \/>\n<meta property=\"og:description\" content=\"Na\u00a0Avenida\u00a0Pedro \u00c1lvares Cabral, em frente ao Ibirapuera, os port\u00f5es da nova sede do Museu de Arte Contempor\u00e2nea (MAC) da USP, edif\u00edcio onde funcionava o Detran, est\u00e3o fechados. O visitante que quiser ver a exposi\u00e7\u00e3o O Tridimensional no Acervo do MAC: Uma Antologia ter\u00e1 de procurar, com empenho, pela \u00fanica abertura que d\u00e1 acesso \u00e0 institui\u00e7\u00e3o: uma entrada ao lado de uma das sa\u00eddas da passarela Ciccillo Matarazzo &#8211; a que liga o pr\u00e9dio ao parque. Desde janeiro \u00e9 assim. N\u00e3o h\u00e1 p\u00fablico no museu. Escolas n\u00e3o podem agendar visitas ao novo espa\u00e7o do MAC &#8211; aberto de ter\u00e7a a domingo,\" \/>\n<meta property=\"og:url\" content=\"https:\/\/www.encontramoema.com.br\/sobre\/sede-do-mac-usp-continua-com-as-portas-fechadas\/\" \/>\n<meta property=\"og:site_name\" content=\"Encontra Moema\" \/>\n<meta property=\"article:published_time\" content=\"2012-05-02T22:06:58+00:00\" \/>\n<meta property=\"article:modified_time\" content=\"2019-04-12T21:02:59+00:00\" \/>\n<meta name=\"author\" content=\"Encontra Moema\" \/>\n<meta name=\"twitter:card\" content=\"summary_large_image\" \/>\n<meta name=\"twitter:label1\" content=\"Escrito por\" \/>\n\t<meta name=\"twitter:data1\" content=\"Encontra Moema\" \/>\n\t<meta name=\"twitter:label2\" content=\"Est. tempo de leitura\" \/>\n\t<meta name=\"twitter:data2\" content=\"2 minutos\" \/>\n<script type=\"application\/ld+json\" class=\"yoast-schema-graph\">{\"@context\":\"https:\/\/schema.org\",\"@graph\":[{\"@type\":\"WebPage\",\"@id\":\"https:\/\/www.encontramoema.com.br\/sobre\/sede-do-mac-usp-continua-com-as-portas-fechadas\/\",\"url\":\"https:\/\/www.encontramoema.com.br\/sobre\/sede-do-mac-usp-continua-com-as-portas-fechadas\/\",\"name\":\"Sede do MAC USP continua com as portas fechadas - Encontra Moema\",\"isPartOf\":{\"@id\":\"https:\/\/www.encontramoema.com.br\/sobre\/#website\"},\"datePublished\":\"2012-05-02T22:06:58+00:00\",\"dateModified\":\"2019-04-12T21:02:59+00:00\",\"author\":{\"@id\":\"https:\/\/www.encontramoema.com.br\/sobre\/#\/schema\/person\/3c3656d12b82130d77eba13c4ef23efa\"},\"breadcrumb\":{\"@id\":\"https:\/\/www.encontramoema.com.br\/sobre\/sede-do-mac-usp-continua-com-as-portas-fechadas\/#breadcrumb\"},\"inLanguage\":\"pt-BR\",\"potentialAction\":[{\"@type\":\"ReadAction\",\"target\":[\"https:\/\/www.encontramoema.com.br\/sobre\/sede-do-mac-usp-continua-com-as-portas-fechadas\/\"]}]},{\"@type\":\"BreadcrumbList\",\"@id\":\"https:\/\/www.encontramoema.com.br\/sobre\/sede-do-mac-usp-continua-com-as-portas-fechadas\/#breadcrumb\",\"itemListElement\":[{\"@type\":\"ListItem\",\"position\":1,\"name\":\"In\u00edcio\",\"item\":\"https:\/\/www.encontramoema.com.br\/sobre\/\"},{\"@type\":\"ListItem\",\"position\":2,\"name\":\"Sede do MAC USP continua com as portas fechadas\"}]},{\"@type\":\"WebSite\",\"@id\":\"https:\/\/www.encontramoema.com.br\/sobre\/#website\",\"url\":\"https:\/\/www.encontramoema.com.br\/sobre\/\",\"name\":\"Encontra Moema\",\"description\":\"Not\u00edcias, eventos, informa\u00e7\u00f5es e dicas no bairro de Moema e regi\u00e3o.\",\"potentialAction\":[{\"@type\":\"SearchAction\",\"target\":{\"@type\":\"EntryPoint\",\"urlTemplate\":\"https:\/\/www.encontramoema.com.br\/sobre\/?s={search_term_string}\"},\"query-input\":{\"@type\":\"PropertyValueSpecification\",\"valueRequired\":true,\"valueName\":\"search_term_string\"}}],\"inLanguage\":\"pt-BR\"},{\"@type\":\"Person\",\"@id\":\"https:\/\/www.encontramoema.com.br\/sobre\/#\/schema\/person\/3c3656d12b82130d77eba13c4ef23efa\",\"name\":\"Encontra Moema\",\"image\":{\"@type\":\"ImageObject\",\"inLanguage\":\"pt-BR\",\"@id\":\"https:\/\/www.encontramoema.com.br\/sobre\/#\/schema\/person\/image\/\",\"url\":\"https:\/\/secure.gravatar.com\/avatar\/0fbed662e37531ae23e68f85f9517b2454e50c1dfebf80eb9b721449ac95e0b9?s=96&d=mm&r=g\",\"contentUrl\":\"https:\/\/secure.gravatar.com\/avatar\/0fbed662e37531ae23e68f85f9517b2454e50c1dfebf80eb9b721449ac95e0b9?s=96&d=mm&r=g\",\"caption\":\"Encontra Moema\"},\"url\":\"https:\/\/www.encontramoema.com.br\/sobre\/author\/emoema\/\"}]}<\/script>\n<!-- \/ Yoast SEO plugin. -->","yoast_head_json":{"title":"Sede do MAC USP continua com as portas fechadas - Encontra Moema","robots":{"index":"index","follow":"follow","max-snippet":"max-snippet:-1","max-image-preview":"max-image-preview:large","max-video-preview":"max-video-preview:-1"},"canonical":"https:\/\/www.encontramoema.com.br\/sobre\/sede-do-mac-usp-continua-com-as-portas-fechadas\/","og_locale":"pt_BR","og_type":"article","og_title":"Sede do MAC USP continua com as portas fechadas - Encontra Moema","og_description":"Na\u00a0Avenida\u00a0Pedro \u00c1lvares Cabral, em frente ao Ibirapuera, os port\u00f5es da nova sede do Museu de Arte Contempor\u00e2nea (MAC) da USP, edif\u00edcio onde funcionava o Detran, est\u00e3o fechados. O visitante que quiser ver a exposi\u00e7\u00e3o O Tridimensional no Acervo do MAC: Uma Antologia ter\u00e1 de procurar, com empenho, pela \u00fanica abertura que d\u00e1 acesso \u00e0 institui\u00e7\u00e3o: uma entrada ao lado de uma das sa\u00eddas da passarela Ciccillo Matarazzo &#8211; a que liga o pr\u00e9dio ao parque. Desde janeiro \u00e9 assim. N\u00e3o h\u00e1 p\u00fablico no museu. Escolas n\u00e3o podem agendar visitas ao novo espa\u00e7o do MAC &#8211; aberto de ter\u00e7a a domingo,","og_url":"https:\/\/www.encontramoema.com.br\/sobre\/sede-do-mac-usp-continua-com-as-portas-fechadas\/","og_site_name":"Encontra Moema","article_published_time":"2012-05-02T22:06:58+00:00","article_modified_time":"2019-04-12T21:02:59+00:00","author":"Encontra Moema","twitter_card":"summary_large_image","twitter_misc":{"Escrito por":"Encontra Moema","Est. tempo de leitura":"2 minutos"},"schema":{"@context":"https:\/\/schema.org","@graph":[{"@type":"WebPage","@id":"https:\/\/www.encontramoema.com.br\/sobre\/sede-do-mac-usp-continua-com-as-portas-fechadas\/","url":"https:\/\/www.encontramoema.com.br\/sobre\/sede-do-mac-usp-continua-com-as-portas-fechadas\/","name":"Sede do MAC USP continua com as portas fechadas - Encontra Moema","isPartOf":{"@id":"https:\/\/www.encontramoema.com.br\/sobre\/#website"},"datePublished":"2012-05-02T22:06:58+00:00","dateModified":"2019-04-12T21:02:59+00:00","author":{"@id":"https:\/\/www.encontramoema.com.br\/sobre\/#\/schema\/person\/3c3656d12b82130d77eba13c4ef23efa"},"breadcrumb":{"@id":"https:\/\/www.encontramoema.com.br\/sobre\/sede-do-mac-usp-continua-com-as-portas-fechadas\/#breadcrumb"},"inLanguage":"pt-BR","potentialAction":[{"@type":"ReadAction","target":["https:\/\/www.encontramoema.com.br\/sobre\/sede-do-mac-usp-continua-com-as-portas-fechadas\/"]}]},{"@type":"BreadcrumbList","@id":"https:\/\/www.encontramoema.com.br\/sobre\/sede-do-mac-usp-continua-com-as-portas-fechadas\/#breadcrumb","itemListElement":[{"@type":"ListItem","position":1,"name":"In\u00edcio","item":"https:\/\/www.encontramoema.com.br\/sobre\/"},{"@type":"ListItem","position":2,"name":"Sede do MAC USP continua com as portas fechadas"}]},{"@type":"WebSite","@id":"https:\/\/www.encontramoema.com.br\/sobre\/#website","url":"https:\/\/www.encontramoema.com.br\/sobre\/","name":"Encontra Moema","description":"Not\u00edcias, eventos, informa\u00e7\u00f5es e dicas no bairro de Moema e regi\u00e3o.","potentialAction":[{"@type":"SearchAction","target":{"@type":"EntryPoint","urlTemplate":"https:\/\/www.encontramoema.com.br\/sobre\/?s={search_term_string}"},"query-input":{"@type":"PropertyValueSpecification","valueRequired":true,"valueName":"search_term_string"}}],"inLanguage":"pt-BR"},{"@type":"Person","@id":"https:\/\/www.encontramoema.com.br\/sobre\/#\/schema\/person\/3c3656d12b82130d77eba13c4ef23efa","name":"Encontra Moema","image":{"@type":"ImageObject","inLanguage":"pt-BR","@id":"https:\/\/www.encontramoema.com.br\/sobre\/#\/schema\/person\/image\/","url":"https:\/\/secure.gravatar.com\/avatar\/0fbed662e37531ae23e68f85f9517b2454e50c1dfebf80eb9b721449ac95e0b9?s=96&d=mm&r=g","contentUrl":"https:\/\/secure.gravatar.com\/avatar\/0fbed662e37531ae23e68f85f9517b2454e50c1dfebf80eb9b721449ac95e0b9?s=96&d=mm&r=g","caption":"Encontra Moema"},"url":"https:\/\/www.encontramoema.com.br\/sobre\/author\/emoema\/"}]}},"_links":{"self":[{"href":"https:\/\/www.encontramoema.com.br\/sobre\/wp-json\/wp\/v2\/posts\/8571","targetHints":{"allow":["GET"]}}],"collection":[{"href":"https:\/\/www.encontramoema.com.br\/sobre\/wp-json\/wp\/v2\/posts"}],"about":[{"href":"https:\/\/www.encontramoema.com.br\/sobre\/wp-json\/wp\/v2\/types\/post"}],"author":[{"embeddable":true,"href":"https:\/\/www.encontramoema.com.br\/sobre\/wp-json\/wp\/v2\/users\/1"}],"replies":[{"embeddable":true,"href":"https:\/\/www.encontramoema.com.br\/sobre\/wp-json\/wp\/v2\/comments?post=8571"}],"version-history":[{"count":0,"href":"https:\/\/www.encontramoema.com.br\/sobre\/wp-json\/wp\/v2\/posts\/8571\/revisions"}],"wp:attachment":[{"href":"https:\/\/www.encontramoema.com.br\/sobre\/wp-json\/wp\/v2\/media?parent=8571"}],"wp:term":[{"taxonomy":"category","embeddable":true,"href":"https:\/\/www.encontramoema.com.br\/sobre\/wp-json\/wp\/v2\/categories?post=8571"},{"taxonomy":"post_tag","embeddable":true,"href":"https:\/\/www.encontramoema.com.br\/sobre\/wp-json\/wp\/v2\/tags?post=8571"}],"curies":[{"name":"wp","href":"https:\/\/api.w.org\/{rel}","templated":true}]}}