{"id":866,"date":"2010-12-03T17:54:57","date_gmt":"2010-12-03T19:54:57","guid":{"rendered":"http:\/\/www.encontramoema.com.br\/blog\/?p=866"},"modified":"2019-04-12T19:05:45","modified_gmt":"2019-04-12T21:05:45","slug":"arvore-de-natal-do-parque-do-ibirapuera-sera-inaugurada-no-domingo","status":"publish","type":"post","link":"https:\/\/www.encontramoema.com.br\/sobre\/arvore-de-natal-do-parque-do-ibirapuera-sera-inaugurada-no-domingo\/","title":{"rendered":"\u00c1rvore de Natal do Parque do Ibirapuera ser\u00e1 inaugurada no domingo"},"content":{"rendered":"<div class=\"b7f545a958fd6350ffae2d30a84cafb8\" data-index=\"1\" style=\"float: none; margin:0px;\">\n<!-- Anuncio display - global -->\r\n<ins class=\"adsbygoogle\"\r\n     style=\"display:block\"\r\n     data-ad-client=\"ca-pub-8585364105181520\"\r\n     data-ad-slot=\"8789329856\"\r\n     data-ad-format=\"auto\"\r\n     data-full-width-responsive=\"true\"><\/ins>\r\n<script>\r\n     (adsbygoogle = window.adsbygoogle || []).push({});\r\n<\/script>\n<\/div>\n<p>Ser\u00e1 inaugurada no pr\u00f3ximo domingo, na zona sul da capital paulista, a \u00c1rvore de Natal do<a href=\"http:\/\/www.encontramoema.com.br\/moema\/parque-do-ibirapuera.shtml\" target=\"_blank\"> Parque do Ibirapuera<\/a>, localizada na Pra\u00e7a Escoteiro Aldo Chioratto com a Avenida Pedro \u00c1lvares Cabral, que ficar\u00e1 fechada nos dois sentidos para a inaugura\u00e7\u00e3o.<\/p>\n<p>A partir das 16 horas, haver\u00e1 interdi\u00e7\u00e3o total da Avenida Pedro \u00c1lvares Cabral, no sentido Pinheiros, entre a Rua Maur\u00edcio Cardoso e a Rua Ab\u00edlio Soares. J\u00e1 a partir das 19 horas, haver\u00e1 bloqueio do tr\u00e2nsito de ve\u00edculos nessa avenida, no sentido Vila Mariana, entre a Pra\u00e7a Armando Salles de Oliveira e o Obelisco.<\/p>\n<p>A zona azul ser\u00e1 desativada e ter\u00e1 a implanta\u00e7\u00e3o de restri\u00e7\u00e3o integral de estacionamento na Avenida Pedro \u00c1lvares Cabral, sentido Vila Mariana, entre os port\u00f5es nove e dez do Parque do Ibirapuera.<\/p>\n<p><strong>Alternativas<\/strong><\/p>\n<p>Os motoristas que v\u00eam da Avenida Rep\u00fablica do L\u00edbano, no sentido Ibirapuera, com destino \u00e0 Vila Mariana, dever\u00e3o seguir pela Pra\u00e7a Dia do Senhor, Avenidas Brigadeiro Lu\u00eds Ant\u00f4nio e Marechal Est\u00eanio Albuquerque Lima, ruas Ab\u00edlio Soares e Tutoia e Viaduto Tutoia.<\/p>\n<p>J\u00e1 para os que seguem da Avenida Rep\u00fablica do L\u00edbano, no sentido Ibirapuera, com destino ao centro, dever\u00e3o entrar \u00e0 esquerda na Pra\u00e7a Dia do Senhor e seguir pelas Avenidas Brigadeiro Lu\u00eds Ant\u00f4nio e Marechal Est\u00eanio Albuquerque Lima, Ruas Ab\u00edlio Soares e Tutoia, Viaduto Tutoia e Avenida 23 de Maio, no sentido centro.<\/p>\n<p>Os motoristas que v\u00eam da Avenida Rep\u00fablica do L\u00edbano, no sentido Ibirapuera, com destino a Santo Amaro\/Marginal, dever\u00e3o seguir pela Rua Jo\u00e3o Louren\u00e7o, Avenidas Santo Amaro e Presidente Juscelino Kubitschek.<\/p>\n<p>Quem segue pela Avenida Brasil, no sentido Vila Mariana, com destino ao Aeroporto de Congonhas, dever\u00e1 transitar pelas Avenidas Rep\u00fablica do L\u00edbano, Indian\u00f3polis e 23 de Maio, no sentido bairro. J\u00e1 os vindos da Avenida Brasil, com destino \u00e0 Vila Mariana, dever\u00e3o seguir pela Avenida Rep\u00fablica do L\u00edbano, Alameda dos Arapan\u00e9s, Avenidas Agami e Ibirapuera e Rua Borges Lagoa.<\/p>\n<p>Os motoristas que v\u00eam da Avenida Brasil, com destino ao centro, dever\u00e1 seguir pela Avenida Rep\u00fablica do L\u00edbano, Alameda dos Arapan\u00e9s, Avenidas Agami, Ibirapuera e 23 de Maio, no sentido centro. Os ve\u00edculos provenientes da Vila Mariana, com destino ao Itaim, dever\u00e3o seguir pela Avenida Pedro \u00c1lvares Cabral, ruas Maur\u00edcio Cardoso e Ab\u00edlio Soares, retornando \u00e0 Avenida Pedro \u00c1lvares Cabral.<\/p>\n<p>Os ve\u00edculos vindos do Itaim, com destino \u00e0 Avenida 23 de Maio, dever\u00e3o seguir pela Pra\u00e7a Armando Salles de Oliveira, ruas N\u00e1bia Abdala Choffi e Manoel da N\u00f3brega, Avenida Marechal Est\u00eanio Albuquerque Lima e Rua Tutoia.<\/p>\n<p><em>Fonte: O Estado de S. Paulo<\/em><\/p>\n\n<div style=\"font-size: 0px; height: 0px; line-height: 0px; margin: 0; padding: 0; clear: both;\"><\/div>","protected":false},"excerpt":{"rendered":"<p>Ser\u00e1 inaugurada no pr\u00f3ximo domingo, na zona sul da capital paulista, a \u00c1rvore de Natal do Parque do Ibirapuera, localizada na Pra\u00e7a Escoteiro Aldo Chioratto com a Avenida Pedro \u00c1lvares Cabral, que ficar\u00e1 fechada nos dois sentidos para a inaugura\u00e7\u00e3o. A partir das 16 horas, haver\u00e1 interdi\u00e7\u00e3o total da Avenida Pedro \u00c1lvares Cabral, no sentido Pinheiros, entre a Rua Maur\u00edcio Cardoso e a Rua Ab\u00edlio Soares. J\u00e1 a partir das 19 horas, haver\u00e1 bloqueio do tr\u00e2nsito de ve\u00edculos nessa avenida, no sentido Vila Mariana, entre a Pra\u00e7a Armando Salles de Oliveira e o Obelisco. A zona azul ser\u00e1 desativada e <\/p>\n","protected":false},"author":1,"featured_media":0,"comment_status":"open","ping_status":"closed","sticky":false,"template":"","format":"standard","meta":{"footnotes":""},"categories":[1],"tags":[7],"class_list":["post-866","post","type-post","status-publish","format-standard","hentry","category-noticias-em-moema","tag-moema"],"yoast_head":"<!-- This site is optimized with the Yoast SEO plugin v26.3 - https:\/\/yoast.com\/wordpress\/plugins\/seo\/ -->\n<title>\u00c1rvore de Natal do Parque do Ibirapuera ser\u00e1 inaugurada no domingo - Encontra Moema<\/title>\n<meta name=\"robots\" content=\"index, follow, max-snippet:-1, max-image-preview:large, max-video-preview:-1\" \/>\n<link rel=\"canonical\" href=\"https:\/\/www.encontramoema.com.br\/sobre\/arvore-de-natal-do-parque-do-ibirapuera-sera-inaugurada-no-domingo\/\" \/>\n<meta property=\"og:locale\" content=\"pt_BR\" \/>\n<meta property=\"og:type\" content=\"article\" \/>\n<meta property=\"og:title\" content=\"\u00c1rvore de Natal do Parque do Ibirapuera ser\u00e1 inaugurada no domingo - Encontra Moema\" \/>\n<meta property=\"og:description\" content=\"Ser\u00e1 inaugurada no pr\u00f3ximo domingo, na zona sul da capital paulista, a \u00c1rvore de Natal do Parque do Ibirapuera, localizada na Pra\u00e7a Escoteiro Aldo Chioratto com a Avenida Pedro \u00c1lvares Cabral, que ficar\u00e1 fechada nos dois sentidos para a inaugura\u00e7\u00e3o. A partir das 16 horas, haver\u00e1 interdi\u00e7\u00e3o total da Avenida Pedro \u00c1lvares Cabral, no sentido Pinheiros, entre a Rua Maur\u00edcio Cardoso e a Rua Ab\u00edlio Soares. J\u00e1 a partir das 19 horas, haver\u00e1 bloqueio do tr\u00e2nsito de ve\u00edculos nessa avenida, no sentido Vila Mariana, entre a Pra\u00e7a Armando Salles de Oliveira e o Obelisco. A zona azul ser\u00e1 desativada e\" \/>\n<meta property=\"og:url\" content=\"https:\/\/www.encontramoema.com.br\/sobre\/arvore-de-natal-do-parque-do-ibirapuera-sera-inaugurada-no-domingo\/\" \/>\n<meta property=\"og:site_name\" content=\"Encontra Moema\" \/>\n<meta property=\"article:published_time\" content=\"2010-12-03T19:54:57+00:00\" \/>\n<meta property=\"article:modified_time\" content=\"2019-04-12T21:05:45+00:00\" \/>\n<meta name=\"author\" content=\"Encontra Moema\" \/>\n<meta name=\"twitter:card\" content=\"summary_large_image\" \/>\n<meta name=\"twitter:label1\" content=\"Escrito por\" \/>\n\t<meta name=\"twitter:data1\" content=\"Encontra Moema\" \/>\n\t<meta name=\"twitter:label2\" content=\"Est. tempo de leitura\" \/>\n\t<meta name=\"twitter:data2\" content=\"2 minutos\" \/>\n<script type=\"application\/ld+json\" class=\"yoast-schema-graph\">{\"@context\":\"https:\/\/schema.org\",\"@graph\":[{\"@type\":\"WebPage\",\"@id\":\"https:\/\/www.encontramoema.com.br\/sobre\/arvore-de-natal-do-parque-do-ibirapuera-sera-inaugurada-no-domingo\/\",\"url\":\"https:\/\/www.encontramoema.com.br\/sobre\/arvore-de-natal-do-parque-do-ibirapuera-sera-inaugurada-no-domingo\/\",\"name\":\"\u00c1rvore de Natal do Parque do Ibirapuera ser\u00e1 inaugurada no domingo - Encontra Moema\",\"isPartOf\":{\"@id\":\"https:\/\/www.encontramoema.com.br\/sobre\/#website\"},\"datePublished\":\"2010-12-03T19:54:57+00:00\",\"dateModified\":\"2019-04-12T21:05:45+00:00\",\"author\":{\"@id\":\"https:\/\/www.encontramoema.com.br\/sobre\/#\/schema\/person\/3c3656d12b82130d77eba13c4ef23efa\"},\"breadcrumb\":{\"@id\":\"https:\/\/www.encontramoema.com.br\/sobre\/arvore-de-natal-do-parque-do-ibirapuera-sera-inaugurada-no-domingo\/#breadcrumb\"},\"inLanguage\":\"pt-BR\",\"potentialAction\":[{\"@type\":\"ReadAction\",\"target\":[\"https:\/\/www.encontramoema.com.br\/sobre\/arvore-de-natal-do-parque-do-ibirapuera-sera-inaugurada-no-domingo\/\"]}]},{\"@type\":\"BreadcrumbList\",\"@id\":\"https:\/\/www.encontramoema.com.br\/sobre\/arvore-de-natal-do-parque-do-ibirapuera-sera-inaugurada-no-domingo\/#breadcrumb\",\"itemListElement\":[{\"@type\":\"ListItem\",\"position\":1,\"name\":\"In\u00edcio\",\"item\":\"https:\/\/www.encontramoema.com.br\/sobre\/\"},{\"@type\":\"ListItem\",\"position\":2,\"name\":\"\u00c1rvore de Natal do Parque do Ibirapuera ser\u00e1 inaugurada no domingo\"}]},{\"@type\":\"WebSite\",\"@id\":\"https:\/\/www.encontramoema.com.br\/sobre\/#website\",\"url\":\"https:\/\/www.encontramoema.com.br\/sobre\/\",\"name\":\"Encontra Moema\",\"description\":\"Not\u00edcias, eventos, informa\u00e7\u00f5es e dicas no bairro de Moema e regi\u00e3o.\",\"potentialAction\":[{\"@type\":\"SearchAction\",\"target\":{\"@type\":\"EntryPoint\",\"urlTemplate\":\"https:\/\/www.encontramoema.com.br\/sobre\/?s={search_term_string}\"},\"query-input\":{\"@type\":\"PropertyValueSpecification\",\"valueRequired\":true,\"valueName\":\"search_term_string\"}}],\"inLanguage\":\"pt-BR\"},{\"@type\":\"Person\",\"@id\":\"https:\/\/www.encontramoema.com.br\/sobre\/#\/schema\/person\/3c3656d12b82130d77eba13c4ef23efa\",\"name\":\"Encontra Moema\",\"image\":{\"@type\":\"ImageObject\",\"inLanguage\":\"pt-BR\",\"@id\":\"https:\/\/www.encontramoema.com.br\/sobre\/#\/schema\/person\/image\/\",\"url\":\"https:\/\/secure.gravatar.com\/avatar\/0fbed662e37531ae23e68f85f9517b2454e50c1dfebf80eb9b721449ac95e0b9?s=96&d=mm&r=g\",\"contentUrl\":\"https:\/\/secure.gravatar.com\/avatar\/0fbed662e37531ae23e68f85f9517b2454e50c1dfebf80eb9b721449ac95e0b9?s=96&d=mm&r=g\",\"caption\":\"Encontra Moema\"},\"url\":\"https:\/\/www.encontramoema.com.br\/sobre\/author\/emoema\/\"}]}<\/script>\n<!-- \/ Yoast SEO plugin. -->","yoast_head_json":{"title":"\u00c1rvore de Natal do Parque do Ibirapuera ser\u00e1 inaugurada no domingo - Encontra Moema","robots":{"index":"index","follow":"follow","max-snippet":"max-snippet:-1","max-image-preview":"max-image-preview:large","max-video-preview":"max-video-preview:-1"},"canonical":"https:\/\/www.encontramoema.com.br\/sobre\/arvore-de-natal-do-parque-do-ibirapuera-sera-inaugurada-no-domingo\/","og_locale":"pt_BR","og_type":"article","og_title":"\u00c1rvore de Natal do Parque do Ibirapuera ser\u00e1 inaugurada no domingo - Encontra Moema","og_description":"Ser\u00e1 inaugurada no pr\u00f3ximo domingo, na zona sul da capital paulista, a \u00c1rvore de Natal do Parque do Ibirapuera, localizada na Pra\u00e7a Escoteiro Aldo Chioratto com a Avenida Pedro \u00c1lvares Cabral, que ficar\u00e1 fechada nos dois sentidos para a inaugura\u00e7\u00e3o. A partir das 16 horas, haver\u00e1 interdi\u00e7\u00e3o total da Avenida Pedro \u00c1lvares Cabral, no sentido Pinheiros, entre a Rua Maur\u00edcio Cardoso e a Rua Ab\u00edlio Soares. J\u00e1 a partir das 19 horas, haver\u00e1 bloqueio do tr\u00e2nsito de ve\u00edculos nessa avenida, no sentido Vila Mariana, entre a Pra\u00e7a Armando Salles de Oliveira e o Obelisco. A zona azul ser\u00e1 desativada e","og_url":"https:\/\/www.encontramoema.com.br\/sobre\/arvore-de-natal-do-parque-do-ibirapuera-sera-inaugurada-no-domingo\/","og_site_name":"Encontra Moema","article_published_time":"2010-12-03T19:54:57+00:00","article_modified_time":"2019-04-12T21:05:45+00:00","author":"Encontra Moema","twitter_card":"summary_large_image","twitter_misc":{"Escrito por":"Encontra Moema","Est. tempo de leitura":"2 minutos"},"schema":{"@context":"https:\/\/schema.org","@graph":[{"@type":"WebPage","@id":"https:\/\/www.encontramoema.com.br\/sobre\/arvore-de-natal-do-parque-do-ibirapuera-sera-inaugurada-no-domingo\/","url":"https:\/\/www.encontramoema.com.br\/sobre\/arvore-de-natal-do-parque-do-ibirapuera-sera-inaugurada-no-domingo\/","name":"\u00c1rvore de Natal do Parque do Ibirapuera ser\u00e1 inaugurada no domingo - Encontra Moema","isPartOf":{"@id":"https:\/\/www.encontramoema.com.br\/sobre\/#website"},"datePublished":"2010-12-03T19:54:57+00:00","dateModified":"2019-04-12T21:05:45+00:00","author":{"@id":"https:\/\/www.encontramoema.com.br\/sobre\/#\/schema\/person\/3c3656d12b82130d77eba13c4ef23efa"},"breadcrumb":{"@id":"https:\/\/www.encontramoema.com.br\/sobre\/arvore-de-natal-do-parque-do-ibirapuera-sera-inaugurada-no-domingo\/#breadcrumb"},"inLanguage":"pt-BR","potentialAction":[{"@type":"ReadAction","target":["https:\/\/www.encontramoema.com.br\/sobre\/arvore-de-natal-do-parque-do-ibirapuera-sera-inaugurada-no-domingo\/"]}]},{"@type":"BreadcrumbList","@id":"https:\/\/www.encontramoema.com.br\/sobre\/arvore-de-natal-do-parque-do-ibirapuera-sera-inaugurada-no-domingo\/#breadcrumb","itemListElement":[{"@type":"ListItem","position":1,"name":"In\u00edcio","item":"https:\/\/www.encontramoema.com.br\/sobre\/"},{"@type":"ListItem","position":2,"name":"\u00c1rvore de Natal do Parque do Ibirapuera ser\u00e1 inaugurada no domingo"}]},{"@type":"WebSite","@id":"https:\/\/www.encontramoema.com.br\/sobre\/#website","url":"https:\/\/www.encontramoema.com.br\/sobre\/","name":"Encontra Moema","description":"Not\u00edcias, eventos, informa\u00e7\u00f5es e dicas no bairro de Moema e regi\u00e3o.","potentialAction":[{"@type":"SearchAction","target":{"@type":"EntryPoint","urlTemplate":"https:\/\/www.encontramoema.com.br\/sobre\/?s={search_term_string}"},"query-input":{"@type":"PropertyValueSpecification","valueRequired":true,"valueName":"search_term_string"}}],"inLanguage":"pt-BR"},{"@type":"Person","@id":"https:\/\/www.encontramoema.com.br\/sobre\/#\/schema\/person\/3c3656d12b82130d77eba13c4ef23efa","name":"Encontra Moema","image":{"@type":"ImageObject","inLanguage":"pt-BR","@id":"https:\/\/www.encontramoema.com.br\/sobre\/#\/schema\/person\/image\/","url":"https:\/\/secure.gravatar.com\/avatar\/0fbed662e37531ae23e68f85f9517b2454e50c1dfebf80eb9b721449ac95e0b9?s=96&d=mm&r=g","contentUrl":"https:\/\/secure.gravatar.com\/avatar\/0fbed662e37531ae23e68f85f9517b2454e50c1dfebf80eb9b721449ac95e0b9?s=96&d=mm&r=g","caption":"Encontra Moema"},"url":"https:\/\/www.encontramoema.com.br\/sobre\/author\/emoema\/"}]}},"_links":{"self":[{"href":"https:\/\/www.encontramoema.com.br\/sobre\/wp-json\/wp\/v2\/posts\/866","targetHints":{"allow":["GET"]}}],"collection":[{"href":"https:\/\/www.encontramoema.com.br\/sobre\/wp-json\/wp\/v2\/posts"}],"about":[{"href":"https:\/\/www.encontramoema.com.br\/sobre\/wp-json\/wp\/v2\/types\/post"}],"author":[{"embeddable":true,"href":"https:\/\/www.encontramoema.com.br\/sobre\/wp-json\/wp\/v2\/users\/1"}],"replies":[{"embeddable":true,"href":"https:\/\/www.encontramoema.com.br\/sobre\/wp-json\/wp\/v2\/comments?post=866"}],"version-history":[{"count":0,"href":"https:\/\/www.encontramoema.com.br\/sobre\/wp-json\/wp\/v2\/posts\/866\/revisions"}],"wp:attachment":[{"href":"https:\/\/www.encontramoema.com.br\/sobre\/wp-json\/wp\/v2\/media?parent=866"}],"wp:term":[{"taxonomy":"category","embeddable":true,"href":"https:\/\/www.encontramoema.com.br\/sobre\/wp-json\/wp\/v2\/categories?post=866"},{"taxonomy":"post_tag","embeddable":true,"href":"https:\/\/www.encontramoema.com.br\/sobre\/wp-json\/wp\/v2\/tags?post=866"}],"curies":[{"name":"wp","href":"https:\/\/api.w.org\/{rel}","templated":true}]}}