{"id":8978,"date":"2012-05-25T20:14:42","date_gmt":"2012-05-25T22:14:42","guid":{"rendered":"http:\/\/www.encontramoema.com.br\/blog\/?p=8978"},"modified":"2019-04-12T19:02:58","modified_gmt":"2019-04-12T21:02:58","slug":"ocam-realiza-concerto-no-auditorio-ibirapuera-neste-domingo","status":"publish","type":"post","link":"https:\/\/www.encontramoema.com.br\/sobre\/ocam-realiza-concerto-no-auditorio-ibirapuera-neste-domingo\/","title":{"rendered":"OCAM realiza concerto no Audit\u00f3rio Ibirapuera neste domingo"},"content":{"rendered":"<div class=\"b7f545a958fd6350ffae2d30a84cafb8\" data-index=\"1\" style=\"float: none; margin:0px;\">\n<!-- Anuncio display - global -->\r\n<ins class=\"adsbygoogle\"\r\n     style=\"display:block\"\r\n     data-ad-client=\"ca-pub-8585364105181520\"\r\n     data-ad-slot=\"8789329856\"\r\n     data-ad-format=\"auto\"\r\n     data-full-width-responsive=\"true\"><\/ins>\r\n<script>\r\n     (adsbygoogle = window.adsbygoogle || []).push({});\r\n<\/script>\n<\/div>\n<p>A OCAM, Orquestra de C\u00e2mara da Escola de Comunica\u00e7\u00f5es e Artes da Universidade de S\u00e3o Paulo, realiza uma apresenta\u00e7\u00e3o gratuita neste domingo no <a href=\"http:\/\/www.encontramoema.com.br\/moema\/auditorio-ibirapuera.shtml\" target=\"_blank\">Audit\u00f3rio Ibirapuera<\/a>.<\/p>\n<p>O solista convidado \u00e9 o gaitista italiano Gianluca Littera, o repert\u00f3rio brasileir\u00edssimo, de compositores como Cartola (1908-1980), Tom Jobim (1927-1994), C\u00e9sar Camargo Mariano (1943), Edu Lobo (1943) e Milton Nascimento (1942). Na reg\u00eancia, o maestro Gil Jardim.<\/p>\n<p>A OCAM foi criada em 1995 pelo maestro Olivier Toni, com o prop\u00f3sito de dar suporte \u00e0s atividades pedag\u00f3gicas desenvolvidas no Departamento de M\u00fasica, propiciando, aos alunos de instrumentos, a pr\u00e1tica necess\u00e1ria rumo a uma profissionaliza\u00e7\u00e3o competente. Atrav\u00e9s do programa Santander Universidades, tem o patroc\u00ednio do banco Santander desde 2001 e tamb\u00e9m \u00e9 patrocinada pela Escola de Comunica\u00e7\u00f5es e Artes (ECA\/USP) desde 2010. A Ocam tem dire\u00e7\u00e3o art\u00edstica e reg\u00eancia titular do maestro Gil Jardim.<\/p>\n<p>O italiano Gianluca Littera descobriu sua paix\u00e3o pela harm\u00f4nica crom\u00e1tica ainda na adolesc\u00eancia e tornou-se um dos poucos solistas renomados desse instrumento, transitando pela m\u00fasica cl\u00e1ssica, jazz e m\u00fasica brasileira.<\/p>\n<p>\u00c9 regularmente convidado como solista de orquestras como Kremling String Orchestra (R\u00fassia), Orquestra Sinf\u00f4nica de Bilbao (Espanha), Milano Classica e Haydn Orchestra Bolzano (It\u00e1lia), por exemplo.<\/p>\n<p>Sua participa\u00e7\u00e3o em nossa m\u00fasica data de 2003, quando foi convidado a tocar Concerto para harm\u00f4nica e orquestra (Villa-Lobos), com a Orquestra Sinf\u00f4nica do Estado de S\u00e3o Paulo (OSESP), dirigida por John Neschling. Tocou e gravou, depois, com Banda Mantiqueira, Ivan Lins, Chico Buarque, Dori Caymmi e MPB-4.<\/p>\n<p>Gianluca frequentemente colabora com o prestigiado compositor italiano Enio Morricone, que escreveu especialmente para ele a obra para harm\u00f4nica e orquestra de c\u00e2mara Immobile n\u00b0 2 e a trilha sonora, tamb\u00e9m para harm\u00f4nica e orquestra Immobile n\u00b0 3, que inclui alguns dos mais famosos temas de filmes compostos por Morricone, como Os Intoc\u00e1veis, A Ilha e Investiga\u00e7\u00e3o de um cidad\u00e3o acima de qualquer suspeita.<\/p>\n<p>O maestro Gil Jardim \u00e9 graduado na ECA-USP e tornou-se docente dessa mesma universidade no final de 1984. Desenvolve uma carreira profissional vers\u00e1til e arrojada, unindo a performance como maestro, a doc\u00eancia, a pesquisa e ainda escreve m\u00fasica para seus projetos especiais. \u00c9 autor do livro O Estilo Antropof\u00e1gico de Heitor Villa-Lobos (1985), editado pela Philarmonia Brasileira\/VIVO.<\/p>\n<p>Desde 2001 \u00e9 o Diretor Art\u00edstico da OCAM-ECA\/USP. A evolu\u00e7\u00e3o t\u00e9cnica e art\u00edstica do grupo pode ser sentida ao longo desse per\u00edodo, ampliando as possibilidades pedag\u00f3gicas do Departamento de M\u00fasica. Entre os grupos brasileiros que j\u00e1 dirigiu est\u00e3o a Orquestra Sinf\u00f4nica Municipal de S\u00e3o Paulo, Orquestra de C\u00e2mara da OSESP e Orquestra Sinf\u00f4nica Petrobr\u00e1s. No Exterior, podemos citar a Brooklyn Academy of Music Symphony Orchestra (Nova York) e a Royal Phillarmonic Concert Orchestra (Londres); Camerata Mexicana e Orquestra de Camara Mayo (Buenos Aires).<br \/>\nNa chefia do Departamento de M\u00fasica da ECA-USP, criou e foi o diretor geral de festivais internacionais de grande repercuss\u00e3o como o Festival Ex Toto Corde (cordas) e Festival Leo Brower I, II e III (com a presen\u00e7a do compositor cubano).<\/p>\n<p>Em 2010, dirigiu o Concerto de comemora\u00e7\u00e3o aos 50 anos de Bras\u00edlia, no Teatro Nacional (Bras\u00edlia), com o percussionista Nan\u00e1 Vasconcelos, Orquestra Sinf\u00f4nica do Teatro Nacional Cl\u00e1udio Santoro e coro de 120 crian\u00e7as de Angola, Brasil e Portugal do projeto L\u00edngua M\u00e3e, com patroc\u00ednio da Petrobras.<\/p>\n<p>Em 2011, voltou a dirigir a Orquestra Jazz Sinf\u00f4nica, depois de um hiato de mais de 10 anos, tendo como solista o bandolinista Hamilton de Holanda para a realiza\u00e7\u00e3o do Concerto The Mediterranean, de John McLaughlin. Nesse mesmo ano, fez a dire\u00e7\u00e3o geral do III Festival Internacional de Viol\u00e3o Leo Brouwer.<\/p>\n<p>Programa:<\/p>\n<p>Su\u00edte Milagre dos Peixes (Milton Nascimento\/ Arr.: Nelson Ayres)<\/p>\n<p>Intervalo (15 min.)<\/p>\n<p>Flor de Lis (Djavan\/ Arr.: Gil Jardim)<br \/>\nChoro Negro\/As Rosas n\u00e3o falam (Paulinho da Viola\/Cartola\/ Arr.:Gil Jardim)<br \/>\nQueimada &amp; Jongo (Paulo Bellinati \/ Arr.: Gil Jardim)<br \/>\nVento em Madeira (L\u00e9a Freire \/ Arr.: L\u00e9a Freire)<br \/>\nBeija-Flor (C\u00e9sar Camargo Mariano \/ Arr.:Gil Jardim)<br \/>\nOlha Maria (Antonio Carlos Jobim \/ Arr.: Adail Fernandes)<br \/>\nNada Sem Voc\u00ea (Ivan Lins \/ Arr.: Gil Jardim)<br \/>\nBeatriz (Edu Lobo\/Chico Buarque \/ Arr.:Gil Jardim)<br \/>\nVera Cruz (Milton Nascimento\/Fernando Brant \/ Arr.:Gil Jardim)<\/p>\n<p>Solista convidado: GIANLUCA LITTERA, gaita (It\u00e1lia)<br \/>\nReg\u00eancia: Maestro GIL JARDIM<\/p>\n<p><strong>OCAM &#8211; Orquestra de C\u00e2mara da Escola de Comunica\u00e7\u00f5es e Artes da\u00a0USP<\/strong><\/p>\n<p><strong>Data:<\/strong>\u00a027 de maio de 2012<br \/>\n<strong>Hor\u00e1rio:<\/strong>\u00a0Domingo, 11h.<br \/>\n<strong>Local:<\/strong>\u00a0Audit\u00f3rio Ibirapuera\u00a0\u2013\u00a0<a href=\"http:\/\/www.encontramoema.com.br\/moema\/parque-do-ibirapuera.shtml\" target=\"_blank\">Parque do Ibirapuera<\/a><br \/>\n<strong>Endere\u00e7o:<\/strong>\u00a0Rua Pedro \u00c1lvares Cabral, s\/ n\u00ba,\u00a0Moema<br \/>\n<strong>Ingressos:<\/strong>\u00a0GRATUITO. Plateia externa do Audit\u00f3rio Ibirapuera<br \/>\n<strong>Telefone:<\/strong>\u00a0(11) 3629-1075<\/p>\n<p><em>Fonte: Audit\u00f3rio Ibirapuera<\/em><\/p>\n\n<div style=\"font-size: 0px; height: 0px; line-height: 0px; margin: 0; padding: 0; clear: both;\"><\/div>","protected":false},"excerpt":{"rendered":"<p>A OCAM, Orquestra de C\u00e2mara da Escola de Comunica\u00e7\u00f5es e Artes da Universidade de S\u00e3o Paulo, realiza uma apresenta\u00e7\u00e3o gratuita neste domingo no Audit\u00f3rio Ibirapuera. O solista convidado \u00e9 o gaitista italiano Gianluca Littera, o repert\u00f3rio brasileir\u00edssimo, de compositores como Cartola (1908-1980), Tom Jobim (1927-1994), C\u00e9sar Camargo Mariano (1943), Edu Lobo (1943) e Milton Nascimento (1942). Na reg\u00eancia, o maestro Gil Jardim. A OCAM foi criada em 1995 pelo maestro Olivier Toni, com o prop\u00f3sito de dar suporte \u00e0s atividades pedag\u00f3gicas desenvolvidas no Departamento de M\u00fasica, propiciando, aos alunos de instrumentos, a pr\u00e1tica necess\u00e1ria rumo a uma profissionaliza\u00e7\u00e3o competente. Atrav\u00e9s <\/p>\n","protected":false},"author":1,"featured_media":0,"comment_status":"open","ping_status":"closed","sticky":false,"template":"","format":"standard","meta":{"footnotes":""},"categories":[10],"tags":[7],"class_list":["post-8978","post","type-post","status-publish","format-standard","hentry","category-shows-em-moema","tag-moema"],"yoast_head":"<!-- This site is optimized with the Yoast SEO plugin v26.3 - https:\/\/yoast.com\/wordpress\/plugins\/seo\/ -->\n<title>OCAM realiza concerto no Audit\u00f3rio Ibirapuera neste domingo - Encontra Moema<\/title>\n<meta name=\"robots\" content=\"index, follow, max-snippet:-1, max-image-preview:large, max-video-preview:-1\" \/>\n<link rel=\"canonical\" href=\"https:\/\/www.encontramoema.com.br\/sobre\/ocam-realiza-concerto-no-auditorio-ibirapuera-neste-domingo\/\" \/>\n<meta property=\"og:locale\" content=\"pt_BR\" \/>\n<meta property=\"og:type\" content=\"article\" \/>\n<meta property=\"og:title\" content=\"OCAM realiza concerto no Audit\u00f3rio Ibirapuera neste domingo - Encontra Moema\" \/>\n<meta property=\"og:description\" content=\"A OCAM, Orquestra de C\u00e2mara da Escola de Comunica\u00e7\u00f5es e Artes da Universidade de S\u00e3o Paulo, realiza uma apresenta\u00e7\u00e3o gratuita neste domingo no Audit\u00f3rio Ibirapuera. O solista convidado \u00e9 o gaitista italiano Gianluca Littera, o repert\u00f3rio brasileir\u00edssimo, de compositores como Cartola (1908-1980), Tom Jobim (1927-1994), C\u00e9sar Camargo Mariano (1943), Edu Lobo (1943) e Milton Nascimento (1942). Na reg\u00eancia, o maestro Gil Jardim. A OCAM foi criada em 1995 pelo maestro Olivier Toni, com o prop\u00f3sito de dar suporte \u00e0s atividades pedag\u00f3gicas desenvolvidas no Departamento de M\u00fasica, propiciando, aos alunos de instrumentos, a pr\u00e1tica necess\u00e1ria rumo a uma profissionaliza\u00e7\u00e3o competente. Atrav\u00e9s\" \/>\n<meta property=\"og:url\" content=\"https:\/\/www.encontramoema.com.br\/sobre\/ocam-realiza-concerto-no-auditorio-ibirapuera-neste-domingo\/\" \/>\n<meta property=\"og:site_name\" content=\"Encontra Moema\" \/>\n<meta property=\"article:published_time\" content=\"2012-05-25T22:14:42+00:00\" \/>\n<meta property=\"article:modified_time\" content=\"2019-04-12T21:02:58+00:00\" \/>\n<meta name=\"author\" content=\"Encontra Moema\" \/>\n<meta name=\"twitter:card\" content=\"summary_large_image\" \/>\n<meta name=\"twitter:label1\" content=\"Escrito por\" \/>\n\t<meta name=\"twitter:data1\" content=\"Encontra Moema\" \/>\n\t<meta name=\"twitter:label2\" content=\"Est. tempo de leitura\" \/>\n\t<meta name=\"twitter:data2\" content=\"4 minutos\" \/>\n<script type=\"application\/ld+json\" class=\"yoast-schema-graph\">{\"@context\":\"https:\/\/schema.org\",\"@graph\":[{\"@type\":\"WebPage\",\"@id\":\"https:\/\/www.encontramoema.com.br\/sobre\/ocam-realiza-concerto-no-auditorio-ibirapuera-neste-domingo\/\",\"url\":\"https:\/\/www.encontramoema.com.br\/sobre\/ocam-realiza-concerto-no-auditorio-ibirapuera-neste-domingo\/\",\"name\":\"OCAM realiza concerto no Audit\u00f3rio Ibirapuera neste domingo - Encontra Moema\",\"isPartOf\":{\"@id\":\"https:\/\/www.encontramoema.com.br\/sobre\/#website\"},\"datePublished\":\"2012-05-25T22:14:42+00:00\",\"dateModified\":\"2019-04-12T21:02:58+00:00\",\"author\":{\"@id\":\"https:\/\/www.encontramoema.com.br\/sobre\/#\/schema\/person\/3c3656d12b82130d77eba13c4ef23efa\"},\"breadcrumb\":{\"@id\":\"https:\/\/www.encontramoema.com.br\/sobre\/ocam-realiza-concerto-no-auditorio-ibirapuera-neste-domingo\/#breadcrumb\"},\"inLanguage\":\"pt-BR\",\"potentialAction\":[{\"@type\":\"ReadAction\",\"target\":[\"https:\/\/www.encontramoema.com.br\/sobre\/ocam-realiza-concerto-no-auditorio-ibirapuera-neste-domingo\/\"]}]},{\"@type\":\"BreadcrumbList\",\"@id\":\"https:\/\/www.encontramoema.com.br\/sobre\/ocam-realiza-concerto-no-auditorio-ibirapuera-neste-domingo\/#breadcrumb\",\"itemListElement\":[{\"@type\":\"ListItem\",\"position\":1,\"name\":\"In\u00edcio\",\"item\":\"https:\/\/www.encontramoema.com.br\/sobre\/\"},{\"@type\":\"ListItem\",\"position\":2,\"name\":\"OCAM realiza concerto no Audit\u00f3rio Ibirapuera neste domingo\"}]},{\"@type\":\"WebSite\",\"@id\":\"https:\/\/www.encontramoema.com.br\/sobre\/#website\",\"url\":\"https:\/\/www.encontramoema.com.br\/sobre\/\",\"name\":\"Encontra Moema\",\"description\":\"Not\u00edcias, eventos, informa\u00e7\u00f5es e dicas no bairro de Moema e regi\u00e3o.\",\"potentialAction\":[{\"@type\":\"SearchAction\",\"target\":{\"@type\":\"EntryPoint\",\"urlTemplate\":\"https:\/\/www.encontramoema.com.br\/sobre\/?s={search_term_string}\"},\"query-input\":{\"@type\":\"PropertyValueSpecification\",\"valueRequired\":true,\"valueName\":\"search_term_string\"}}],\"inLanguage\":\"pt-BR\"},{\"@type\":\"Person\",\"@id\":\"https:\/\/www.encontramoema.com.br\/sobre\/#\/schema\/person\/3c3656d12b82130d77eba13c4ef23efa\",\"name\":\"Encontra Moema\",\"image\":{\"@type\":\"ImageObject\",\"inLanguage\":\"pt-BR\",\"@id\":\"https:\/\/www.encontramoema.com.br\/sobre\/#\/schema\/person\/image\/\",\"url\":\"https:\/\/secure.gravatar.com\/avatar\/0fbed662e37531ae23e68f85f9517b2454e50c1dfebf80eb9b721449ac95e0b9?s=96&d=mm&r=g\",\"contentUrl\":\"https:\/\/secure.gravatar.com\/avatar\/0fbed662e37531ae23e68f85f9517b2454e50c1dfebf80eb9b721449ac95e0b9?s=96&d=mm&r=g\",\"caption\":\"Encontra Moema\"},\"url\":\"https:\/\/www.encontramoema.com.br\/sobre\/author\/emoema\/\"}]}<\/script>\n<!-- \/ Yoast SEO plugin. -->","yoast_head_json":{"title":"OCAM realiza concerto no Audit\u00f3rio Ibirapuera neste domingo - Encontra Moema","robots":{"index":"index","follow":"follow","max-snippet":"max-snippet:-1","max-image-preview":"max-image-preview:large","max-video-preview":"max-video-preview:-1"},"canonical":"https:\/\/www.encontramoema.com.br\/sobre\/ocam-realiza-concerto-no-auditorio-ibirapuera-neste-domingo\/","og_locale":"pt_BR","og_type":"article","og_title":"OCAM realiza concerto no Audit\u00f3rio Ibirapuera neste domingo - Encontra Moema","og_description":"A OCAM, Orquestra de C\u00e2mara da Escola de Comunica\u00e7\u00f5es e Artes da Universidade de S\u00e3o Paulo, realiza uma apresenta\u00e7\u00e3o gratuita neste domingo no Audit\u00f3rio Ibirapuera. O solista convidado \u00e9 o gaitista italiano Gianluca Littera, o repert\u00f3rio brasileir\u00edssimo, de compositores como Cartola (1908-1980), Tom Jobim (1927-1994), C\u00e9sar Camargo Mariano (1943), Edu Lobo (1943) e Milton Nascimento (1942). Na reg\u00eancia, o maestro Gil Jardim. A OCAM foi criada em 1995 pelo maestro Olivier Toni, com o prop\u00f3sito de dar suporte \u00e0s atividades pedag\u00f3gicas desenvolvidas no Departamento de M\u00fasica, propiciando, aos alunos de instrumentos, a pr\u00e1tica necess\u00e1ria rumo a uma profissionaliza\u00e7\u00e3o competente. Atrav\u00e9s","og_url":"https:\/\/www.encontramoema.com.br\/sobre\/ocam-realiza-concerto-no-auditorio-ibirapuera-neste-domingo\/","og_site_name":"Encontra Moema","article_published_time":"2012-05-25T22:14:42+00:00","article_modified_time":"2019-04-12T21:02:58+00:00","author":"Encontra Moema","twitter_card":"summary_large_image","twitter_misc":{"Escrito por":"Encontra Moema","Est. tempo de leitura":"4 minutos"},"schema":{"@context":"https:\/\/schema.org","@graph":[{"@type":"WebPage","@id":"https:\/\/www.encontramoema.com.br\/sobre\/ocam-realiza-concerto-no-auditorio-ibirapuera-neste-domingo\/","url":"https:\/\/www.encontramoema.com.br\/sobre\/ocam-realiza-concerto-no-auditorio-ibirapuera-neste-domingo\/","name":"OCAM realiza concerto no Audit\u00f3rio Ibirapuera neste domingo - Encontra Moema","isPartOf":{"@id":"https:\/\/www.encontramoema.com.br\/sobre\/#website"},"datePublished":"2012-05-25T22:14:42+00:00","dateModified":"2019-04-12T21:02:58+00:00","author":{"@id":"https:\/\/www.encontramoema.com.br\/sobre\/#\/schema\/person\/3c3656d12b82130d77eba13c4ef23efa"},"breadcrumb":{"@id":"https:\/\/www.encontramoema.com.br\/sobre\/ocam-realiza-concerto-no-auditorio-ibirapuera-neste-domingo\/#breadcrumb"},"inLanguage":"pt-BR","potentialAction":[{"@type":"ReadAction","target":["https:\/\/www.encontramoema.com.br\/sobre\/ocam-realiza-concerto-no-auditorio-ibirapuera-neste-domingo\/"]}]},{"@type":"BreadcrumbList","@id":"https:\/\/www.encontramoema.com.br\/sobre\/ocam-realiza-concerto-no-auditorio-ibirapuera-neste-domingo\/#breadcrumb","itemListElement":[{"@type":"ListItem","position":1,"name":"In\u00edcio","item":"https:\/\/www.encontramoema.com.br\/sobre\/"},{"@type":"ListItem","position":2,"name":"OCAM realiza concerto no Audit\u00f3rio Ibirapuera neste domingo"}]},{"@type":"WebSite","@id":"https:\/\/www.encontramoema.com.br\/sobre\/#website","url":"https:\/\/www.encontramoema.com.br\/sobre\/","name":"Encontra Moema","description":"Not\u00edcias, eventos, informa\u00e7\u00f5es e dicas no bairro de Moema e regi\u00e3o.","potentialAction":[{"@type":"SearchAction","target":{"@type":"EntryPoint","urlTemplate":"https:\/\/www.encontramoema.com.br\/sobre\/?s={search_term_string}"},"query-input":{"@type":"PropertyValueSpecification","valueRequired":true,"valueName":"search_term_string"}}],"inLanguage":"pt-BR"},{"@type":"Person","@id":"https:\/\/www.encontramoema.com.br\/sobre\/#\/schema\/person\/3c3656d12b82130d77eba13c4ef23efa","name":"Encontra Moema","image":{"@type":"ImageObject","inLanguage":"pt-BR","@id":"https:\/\/www.encontramoema.com.br\/sobre\/#\/schema\/person\/image\/","url":"https:\/\/secure.gravatar.com\/avatar\/0fbed662e37531ae23e68f85f9517b2454e50c1dfebf80eb9b721449ac95e0b9?s=96&d=mm&r=g","contentUrl":"https:\/\/secure.gravatar.com\/avatar\/0fbed662e37531ae23e68f85f9517b2454e50c1dfebf80eb9b721449ac95e0b9?s=96&d=mm&r=g","caption":"Encontra Moema"},"url":"https:\/\/www.encontramoema.com.br\/sobre\/author\/emoema\/"}]}},"_links":{"self":[{"href":"https:\/\/www.encontramoema.com.br\/sobre\/wp-json\/wp\/v2\/posts\/8978","targetHints":{"allow":["GET"]}}],"collection":[{"href":"https:\/\/www.encontramoema.com.br\/sobre\/wp-json\/wp\/v2\/posts"}],"about":[{"href":"https:\/\/www.encontramoema.com.br\/sobre\/wp-json\/wp\/v2\/types\/post"}],"author":[{"embeddable":true,"href":"https:\/\/www.encontramoema.com.br\/sobre\/wp-json\/wp\/v2\/users\/1"}],"replies":[{"embeddable":true,"href":"https:\/\/www.encontramoema.com.br\/sobre\/wp-json\/wp\/v2\/comments?post=8978"}],"version-history":[{"count":0,"href":"https:\/\/www.encontramoema.com.br\/sobre\/wp-json\/wp\/v2\/posts\/8978\/revisions"}],"wp:attachment":[{"href":"https:\/\/www.encontramoema.com.br\/sobre\/wp-json\/wp\/v2\/media?parent=8978"}],"wp:term":[{"taxonomy":"category","embeddable":true,"href":"https:\/\/www.encontramoema.com.br\/sobre\/wp-json\/wp\/v2\/categories?post=8978"},{"taxonomy":"post_tag","embeddable":true,"href":"https:\/\/www.encontramoema.com.br\/sobre\/wp-json\/wp\/v2\/tags?post=8978"}],"curies":[{"name":"wp","href":"https:\/\/api.w.org\/{rel}","templated":true}]}}