{"id":9027,"date":"2012-05-28T20:01:48","date_gmt":"2012-05-28T22:01:48","guid":{"rendered":"http:\/\/www.encontramoema.com.br\/blog\/?p=9027"},"modified":"2019-04-12T19:02:58","modified_gmt":"2019-04-12T21:02:58","slug":"auditorio-ibirapuera-participa-da-virada-sustentavel-com-exibicao-de-filmes","status":"publish","type":"post","link":"https:\/\/www.encontramoema.com.br\/sobre\/auditorio-ibirapuera-participa-da-virada-sustentavel-com-exibicao-de-filmes\/","title":{"rendered":"Audit\u00f3rio Ibirapuera participa da Virada Sustent\u00e1vel com exibi\u00e7\u00e3o de filmes"},"content":{"rendered":"<div class=\"b7f545a958fd6350ffae2d30a84cafb8\" data-index=\"1\" style=\"float: none; margin:0px;\">\n<!-- Anuncio display - global -->\r\n<ins class=\"adsbygoogle\"\r\n     style=\"display:block\"\r\n     data-ad-client=\"ca-pub-8585364105181520\"\r\n     data-ad-slot=\"8789329856\"\r\n     data-ad-format=\"auto\"\r\n     data-full-width-responsive=\"true\"><\/ins>\r\n<script>\r\n     (adsbygoogle = window.adsbygoogle || []).push({});\r\n<\/script>\n<\/div>\n<p>O <a href=\"http:\/\/www.encontramoema.com.br\/moema\/auditorio-ibirapuera.shtml\" target=\"_blank\">Audit\u00f3rio Ibirapuera<\/a> exibe neste s\u00e1bado (2\/6), a partir das 20h, o document\u00e1rio\u00a0<em>Quebrando o Tabu<\/em>. A atividade integra a programa\u00e7\u00e3o da segunda edi\u00e7\u00e3o da Virada Sustent\u00e1vel. O document\u00e1rio de Fernando Grostein Andrade sobre a busca de pol\u00edticas alternativas ao fracasso da guerra \u00e0s drogas, que estreou em junho passado em S\u00e3o Paulo, Rio de Janeiro, Santos, Campinas, Belo Horizonte, Juiz de Fora, Curitiba, Porto Alegre, Salvador, Fortaleza, Bras\u00edlia e Recife, prop\u00f5e uma discuss\u00e3o respons\u00e1vel sobre o tema com depoimentos de personalidades como Fernando Henrique Cardoso, Paulo Coelho, Dr\u00e1uzio Varella, Bill Clinton e Jimmy Carter.<\/p>\n<p>O filme apresenta personagens com realidades diversas em busca de solu\u00e7\u00f5es, princ\u00edpios e conclus\u00f5es. Al\u00e9m dos citados acima, ex-chefes de Estado de pa\u00edses como Col\u00f4mbia, M\u00e9xico e Su\u00ed\u00e7a revelam porque mudaram de opini\u00e3o sobre esse assunto que requer muita an\u00e1lise e compreens\u00e3o. Como esse tipo de debate n\u00e3o se esgota, ap\u00f3s a proje\u00e7\u00e3o, o diretor do document\u00e1rio reabre a conversa com o p\u00fablico e outros especialistas (em confirma\u00e7\u00e3o).<\/p>\n<p>Ainda dentro da programa\u00e7\u00e3o da Virada Sustent\u00e1vel no Audit\u00f3rio Ibirapuera, a exibi\u00e7\u00e3o do curta\u00a0<em>Ajoelha\u00e7o da Cooperifa<\/em>\u00a0antecede a exibi\u00e7\u00e3o de\u00a0<em>Quebrando o Tabu<\/em>. Com pouco mais de cinco minutos de dura\u00e7\u00e3o, ele registra uma pr\u00e1tica realizada desde 2008, sempre na semana do Dia Internacional da Mulher, quando acontece o Sarau da Cooperifa: homens e poetas que frequentam o Bar do Z\u00e9 Batid\u00e3o, em Piraporinha, sede do sarau, se ajoelham diante das mulheres para pedir perd\u00e3o por todas as injusti\u00e7as, atrocidades e crimes cometidos ao longo da humanidade.<\/p>\n<p>\u201cA ideia inicial era homenagear as mulheres oferecendo uma rosa; mas achei muito comum e sugeri que ajoelh\u00e1ssemos. Ficar de joelhos diante de uma mulher tem um car\u00e1ter simb\u00f3lico muito mais forte\u201d, diz Sergio Vaz, fundador da Cooperifa h\u00e1 11 anos. O registro do Ajoelha\u00e7o, feito em 2010, \u00e9 da fot\u00f3grafa e cineasta Nina Fidelis, ex-assessora de comunica\u00e7\u00e3o do Movimento dos Sem Terra (MST), editora do Jornal Sem Terra e Sem Terrinha produtora do Origens Hip Hop. \u00c9 a primeira vez que ser\u00e1 apresentado em um tel\u00e3o, como se fosse no cinema.<\/p>\n<p><strong>Virada Sustent\u00e1vel<\/strong><\/p>\n<p>Com o apoio da Secretaria do Verde e do Meio Ambiente da Prefeitura de S\u00e3o Paulo, no m\u00eas do Meio Ambiente, a Virada Sustent\u00e1vel re\u00fane atra\u00e7\u00f5es como m\u00fasica, teatro, cinema, exposi\u00e7\u00f5es, em um total de mais de 600 eventos. Em comum, apresentam a sustentabilidade e seus diferentes temas como conte\u00fado principal. O objetivo \u00e9 ampliar a informa\u00e7\u00e3o sobre esses assuntos para a popula\u00e7\u00e3o, usando a arte e a cultura como principais ferramentas de conscientiza\u00e7\u00e3o, em diversos pontos da cidade.<\/p>\n<p><strong>Servi\u00e7o<\/strong><\/p>\n<p><strong>Audit\u00f3rio Ibirapuera na Virada Sustent\u00e1vel<br \/>\nExibi\u00e7\u00e3o dos filmes:\u00a0<\/strong><em>Ajoelha\u00e7o da Cooperifa<\/em>, de Nina Fidelis (5\u00b432\u201d) e\u00a0<em>Quebrando o Tabu<\/em>, de Fernando Grostein Andrade (cerca de 75\u2019)<br \/>\n<strong>Data:<\/strong>\u00a02 de junho (s\u00e1bado)<br \/>\n<strong>Hor\u00e1rio:<\/strong>\u00a0a partir das 20h<br \/>\n<strong>Local:<\/strong>\u00a0Audit\u00f3rio Ibirapuera<br \/>\n<strong>Endere\u00e7o:<\/strong>\u00a0Av. Pedro Alvares Cabral, s\/n \u2013 Port\u00e3o 2 do Parque do Ibirapuera (Entrada para carros pelo Port\u00e3o 3)<br \/>\n<strong>Telefone:<\/strong>\u00a03629-1075<br \/>\n<strong>Entrada franca<\/strong>: por ordem de chegada, at\u00e9 completar a capacidade de 800 lugares<\/p>\n<p><em>Fonte: Prefeitura de S\u00e3o Paulo<\/em><\/p>\n\n<div style=\"font-size: 0px; height: 0px; line-height: 0px; margin: 0; padding: 0; clear: both;\"><\/div>","protected":false},"excerpt":{"rendered":"<p>O Audit\u00f3rio Ibirapuera exibe neste s\u00e1bado (2\/6), a partir das 20h, o document\u00e1rio\u00a0Quebrando o Tabu. A atividade integra a programa\u00e7\u00e3o da segunda edi\u00e7\u00e3o da Virada Sustent\u00e1vel. O document\u00e1rio de Fernando Grostein Andrade sobre a busca de pol\u00edticas alternativas ao fracasso da guerra \u00e0s drogas, que estreou em junho passado em S\u00e3o Paulo, Rio de Janeiro, Santos, Campinas, Belo Horizonte, Juiz de Fora, Curitiba, Porto Alegre, Salvador, Fortaleza, Bras\u00edlia e Recife, prop\u00f5e uma discuss\u00e3o respons\u00e1vel sobre o tema com depoimentos de personalidades como Fernando Henrique Cardoso, Paulo Coelho, Dr\u00e1uzio Varella, Bill Clinton e Jimmy Carter. O filme apresenta personagens com realidades <\/p>\n","protected":false},"author":1,"featured_media":0,"comment_status":"open","ping_status":"closed","sticky":false,"template":"","format":"standard","meta":{"footnotes":""},"categories":[1],"tags":[7],"class_list":["post-9027","post","type-post","status-publish","format-standard","hentry","category-noticias-em-moema","tag-moema"],"yoast_head":"<!-- This site is optimized with the Yoast SEO plugin v26.3 - https:\/\/yoast.com\/wordpress\/plugins\/seo\/ -->\n<title>Audit\u00f3rio Ibirapuera participa da Virada Sustent\u00e1vel com exibi\u00e7\u00e3o de filmes - Encontra Moema<\/title>\n<meta name=\"robots\" content=\"index, follow, max-snippet:-1, max-image-preview:large, max-video-preview:-1\" \/>\n<link rel=\"canonical\" href=\"https:\/\/www.encontramoema.com.br\/sobre\/auditorio-ibirapuera-participa-da-virada-sustentavel-com-exibicao-de-filmes\/\" \/>\n<meta property=\"og:locale\" content=\"pt_BR\" \/>\n<meta property=\"og:type\" content=\"article\" \/>\n<meta property=\"og:title\" content=\"Audit\u00f3rio Ibirapuera participa da Virada Sustent\u00e1vel com exibi\u00e7\u00e3o de filmes - Encontra Moema\" \/>\n<meta property=\"og:description\" content=\"O Audit\u00f3rio Ibirapuera exibe neste s\u00e1bado (2\/6), a partir das 20h, o document\u00e1rio\u00a0Quebrando o Tabu. A atividade integra a programa\u00e7\u00e3o da segunda edi\u00e7\u00e3o da Virada Sustent\u00e1vel. O document\u00e1rio de Fernando Grostein Andrade sobre a busca de pol\u00edticas alternativas ao fracasso da guerra \u00e0s drogas, que estreou em junho passado em S\u00e3o Paulo, Rio de Janeiro, Santos, Campinas, Belo Horizonte, Juiz de Fora, Curitiba, Porto Alegre, Salvador, Fortaleza, Bras\u00edlia e Recife, prop\u00f5e uma discuss\u00e3o respons\u00e1vel sobre o tema com depoimentos de personalidades como Fernando Henrique Cardoso, Paulo Coelho, Dr\u00e1uzio Varella, Bill Clinton e Jimmy Carter. O filme apresenta personagens com realidades\" \/>\n<meta property=\"og:url\" content=\"https:\/\/www.encontramoema.com.br\/sobre\/auditorio-ibirapuera-participa-da-virada-sustentavel-com-exibicao-de-filmes\/\" \/>\n<meta property=\"og:site_name\" content=\"Encontra Moema\" \/>\n<meta property=\"article:published_time\" content=\"2012-05-28T22:01:48+00:00\" \/>\n<meta property=\"article:modified_time\" content=\"2019-04-12T21:02:58+00:00\" \/>\n<meta name=\"author\" content=\"Encontra Moema\" \/>\n<meta name=\"twitter:card\" content=\"summary_large_image\" \/>\n<meta name=\"twitter:label1\" content=\"Escrito por\" \/>\n\t<meta name=\"twitter:data1\" content=\"Encontra Moema\" \/>\n\t<meta name=\"twitter:label2\" content=\"Est. tempo de leitura\" \/>\n\t<meta name=\"twitter:data2\" content=\"3 minutos\" \/>\n<script type=\"application\/ld+json\" class=\"yoast-schema-graph\">{\"@context\":\"https:\/\/schema.org\",\"@graph\":[{\"@type\":\"WebPage\",\"@id\":\"https:\/\/www.encontramoema.com.br\/sobre\/auditorio-ibirapuera-participa-da-virada-sustentavel-com-exibicao-de-filmes\/\",\"url\":\"https:\/\/www.encontramoema.com.br\/sobre\/auditorio-ibirapuera-participa-da-virada-sustentavel-com-exibicao-de-filmes\/\",\"name\":\"Audit\u00f3rio Ibirapuera participa da Virada Sustent\u00e1vel com exibi\u00e7\u00e3o de filmes - Encontra Moema\",\"isPartOf\":{\"@id\":\"https:\/\/www.encontramoema.com.br\/sobre\/#website\"},\"datePublished\":\"2012-05-28T22:01:48+00:00\",\"dateModified\":\"2019-04-12T21:02:58+00:00\",\"author\":{\"@id\":\"https:\/\/www.encontramoema.com.br\/sobre\/#\/schema\/person\/3c3656d12b82130d77eba13c4ef23efa\"},\"breadcrumb\":{\"@id\":\"https:\/\/www.encontramoema.com.br\/sobre\/auditorio-ibirapuera-participa-da-virada-sustentavel-com-exibicao-de-filmes\/#breadcrumb\"},\"inLanguage\":\"pt-BR\",\"potentialAction\":[{\"@type\":\"ReadAction\",\"target\":[\"https:\/\/www.encontramoema.com.br\/sobre\/auditorio-ibirapuera-participa-da-virada-sustentavel-com-exibicao-de-filmes\/\"]}]},{\"@type\":\"BreadcrumbList\",\"@id\":\"https:\/\/www.encontramoema.com.br\/sobre\/auditorio-ibirapuera-participa-da-virada-sustentavel-com-exibicao-de-filmes\/#breadcrumb\",\"itemListElement\":[{\"@type\":\"ListItem\",\"position\":1,\"name\":\"In\u00edcio\",\"item\":\"https:\/\/www.encontramoema.com.br\/sobre\/\"},{\"@type\":\"ListItem\",\"position\":2,\"name\":\"Audit\u00f3rio Ibirapuera participa da Virada Sustent\u00e1vel com exibi\u00e7\u00e3o de filmes\"}]},{\"@type\":\"WebSite\",\"@id\":\"https:\/\/www.encontramoema.com.br\/sobre\/#website\",\"url\":\"https:\/\/www.encontramoema.com.br\/sobre\/\",\"name\":\"Encontra Moema\",\"description\":\"Not\u00edcias, eventos, informa\u00e7\u00f5es e dicas no bairro de Moema e regi\u00e3o.\",\"potentialAction\":[{\"@type\":\"SearchAction\",\"target\":{\"@type\":\"EntryPoint\",\"urlTemplate\":\"https:\/\/www.encontramoema.com.br\/sobre\/?s={search_term_string}\"},\"query-input\":{\"@type\":\"PropertyValueSpecification\",\"valueRequired\":true,\"valueName\":\"search_term_string\"}}],\"inLanguage\":\"pt-BR\"},{\"@type\":\"Person\",\"@id\":\"https:\/\/www.encontramoema.com.br\/sobre\/#\/schema\/person\/3c3656d12b82130d77eba13c4ef23efa\",\"name\":\"Encontra Moema\",\"image\":{\"@type\":\"ImageObject\",\"inLanguage\":\"pt-BR\",\"@id\":\"https:\/\/www.encontramoema.com.br\/sobre\/#\/schema\/person\/image\/\",\"url\":\"https:\/\/secure.gravatar.com\/avatar\/0fbed662e37531ae23e68f85f9517b2454e50c1dfebf80eb9b721449ac95e0b9?s=96&d=mm&r=g\",\"contentUrl\":\"https:\/\/secure.gravatar.com\/avatar\/0fbed662e37531ae23e68f85f9517b2454e50c1dfebf80eb9b721449ac95e0b9?s=96&d=mm&r=g\",\"caption\":\"Encontra Moema\"},\"url\":\"https:\/\/www.encontramoema.com.br\/sobre\/author\/emoema\/\"}]}<\/script>\n<!-- \/ Yoast SEO plugin. -->","yoast_head_json":{"title":"Audit\u00f3rio Ibirapuera participa da Virada Sustent\u00e1vel com exibi\u00e7\u00e3o de filmes - Encontra Moema","robots":{"index":"index","follow":"follow","max-snippet":"max-snippet:-1","max-image-preview":"max-image-preview:large","max-video-preview":"max-video-preview:-1"},"canonical":"https:\/\/www.encontramoema.com.br\/sobre\/auditorio-ibirapuera-participa-da-virada-sustentavel-com-exibicao-de-filmes\/","og_locale":"pt_BR","og_type":"article","og_title":"Audit\u00f3rio Ibirapuera participa da Virada Sustent\u00e1vel com exibi\u00e7\u00e3o de filmes - Encontra Moema","og_description":"O Audit\u00f3rio Ibirapuera exibe neste s\u00e1bado (2\/6), a partir das 20h, o document\u00e1rio\u00a0Quebrando o Tabu. A atividade integra a programa\u00e7\u00e3o da segunda edi\u00e7\u00e3o da Virada Sustent\u00e1vel. O document\u00e1rio de Fernando Grostein Andrade sobre a busca de pol\u00edticas alternativas ao fracasso da guerra \u00e0s drogas, que estreou em junho passado em S\u00e3o Paulo, Rio de Janeiro, Santos, Campinas, Belo Horizonte, Juiz de Fora, Curitiba, Porto Alegre, Salvador, Fortaleza, Bras\u00edlia e Recife, prop\u00f5e uma discuss\u00e3o respons\u00e1vel sobre o tema com depoimentos de personalidades como Fernando Henrique Cardoso, Paulo Coelho, Dr\u00e1uzio Varella, Bill Clinton e Jimmy Carter. O filme apresenta personagens com realidades","og_url":"https:\/\/www.encontramoema.com.br\/sobre\/auditorio-ibirapuera-participa-da-virada-sustentavel-com-exibicao-de-filmes\/","og_site_name":"Encontra Moema","article_published_time":"2012-05-28T22:01:48+00:00","article_modified_time":"2019-04-12T21:02:58+00:00","author":"Encontra Moema","twitter_card":"summary_large_image","twitter_misc":{"Escrito por":"Encontra Moema","Est. tempo de leitura":"3 minutos"},"schema":{"@context":"https:\/\/schema.org","@graph":[{"@type":"WebPage","@id":"https:\/\/www.encontramoema.com.br\/sobre\/auditorio-ibirapuera-participa-da-virada-sustentavel-com-exibicao-de-filmes\/","url":"https:\/\/www.encontramoema.com.br\/sobre\/auditorio-ibirapuera-participa-da-virada-sustentavel-com-exibicao-de-filmes\/","name":"Audit\u00f3rio Ibirapuera participa da Virada Sustent\u00e1vel com exibi\u00e7\u00e3o de filmes - Encontra Moema","isPartOf":{"@id":"https:\/\/www.encontramoema.com.br\/sobre\/#website"},"datePublished":"2012-05-28T22:01:48+00:00","dateModified":"2019-04-12T21:02:58+00:00","author":{"@id":"https:\/\/www.encontramoema.com.br\/sobre\/#\/schema\/person\/3c3656d12b82130d77eba13c4ef23efa"},"breadcrumb":{"@id":"https:\/\/www.encontramoema.com.br\/sobre\/auditorio-ibirapuera-participa-da-virada-sustentavel-com-exibicao-de-filmes\/#breadcrumb"},"inLanguage":"pt-BR","potentialAction":[{"@type":"ReadAction","target":["https:\/\/www.encontramoema.com.br\/sobre\/auditorio-ibirapuera-participa-da-virada-sustentavel-com-exibicao-de-filmes\/"]}]},{"@type":"BreadcrumbList","@id":"https:\/\/www.encontramoema.com.br\/sobre\/auditorio-ibirapuera-participa-da-virada-sustentavel-com-exibicao-de-filmes\/#breadcrumb","itemListElement":[{"@type":"ListItem","position":1,"name":"In\u00edcio","item":"https:\/\/www.encontramoema.com.br\/sobre\/"},{"@type":"ListItem","position":2,"name":"Audit\u00f3rio Ibirapuera participa da Virada Sustent\u00e1vel com exibi\u00e7\u00e3o de filmes"}]},{"@type":"WebSite","@id":"https:\/\/www.encontramoema.com.br\/sobre\/#website","url":"https:\/\/www.encontramoema.com.br\/sobre\/","name":"Encontra Moema","description":"Not\u00edcias, eventos, informa\u00e7\u00f5es e dicas no bairro de Moema e regi\u00e3o.","potentialAction":[{"@type":"SearchAction","target":{"@type":"EntryPoint","urlTemplate":"https:\/\/www.encontramoema.com.br\/sobre\/?s={search_term_string}"},"query-input":{"@type":"PropertyValueSpecification","valueRequired":true,"valueName":"search_term_string"}}],"inLanguage":"pt-BR"},{"@type":"Person","@id":"https:\/\/www.encontramoema.com.br\/sobre\/#\/schema\/person\/3c3656d12b82130d77eba13c4ef23efa","name":"Encontra Moema","image":{"@type":"ImageObject","inLanguage":"pt-BR","@id":"https:\/\/www.encontramoema.com.br\/sobre\/#\/schema\/person\/image\/","url":"https:\/\/secure.gravatar.com\/avatar\/0fbed662e37531ae23e68f85f9517b2454e50c1dfebf80eb9b721449ac95e0b9?s=96&d=mm&r=g","contentUrl":"https:\/\/secure.gravatar.com\/avatar\/0fbed662e37531ae23e68f85f9517b2454e50c1dfebf80eb9b721449ac95e0b9?s=96&d=mm&r=g","caption":"Encontra Moema"},"url":"https:\/\/www.encontramoema.com.br\/sobre\/author\/emoema\/"}]}},"_links":{"self":[{"href":"https:\/\/www.encontramoema.com.br\/sobre\/wp-json\/wp\/v2\/posts\/9027","targetHints":{"allow":["GET"]}}],"collection":[{"href":"https:\/\/www.encontramoema.com.br\/sobre\/wp-json\/wp\/v2\/posts"}],"about":[{"href":"https:\/\/www.encontramoema.com.br\/sobre\/wp-json\/wp\/v2\/types\/post"}],"author":[{"embeddable":true,"href":"https:\/\/www.encontramoema.com.br\/sobre\/wp-json\/wp\/v2\/users\/1"}],"replies":[{"embeddable":true,"href":"https:\/\/www.encontramoema.com.br\/sobre\/wp-json\/wp\/v2\/comments?post=9027"}],"version-history":[{"count":0,"href":"https:\/\/www.encontramoema.com.br\/sobre\/wp-json\/wp\/v2\/posts\/9027\/revisions"}],"wp:attachment":[{"href":"https:\/\/www.encontramoema.com.br\/sobre\/wp-json\/wp\/v2\/media?parent=9027"}],"wp:term":[{"taxonomy":"category","embeddable":true,"href":"https:\/\/www.encontramoema.com.br\/sobre\/wp-json\/wp\/v2\/categories?post=9027"},{"taxonomy":"post_tag","embeddable":true,"href":"https:\/\/www.encontramoema.com.br\/sobre\/wp-json\/wp\/v2\/tags?post=9027"}],"curies":[{"name":"wp","href":"https:\/\/api.w.org\/{rel}","templated":true}]}}