{"id":970,"date":"2011-02-02T18:13:26","date_gmt":"2011-02-02T20:13:26","guid":{"rendered":"http:\/\/www.encontramoema.com.br\/blog\/?p=970"},"modified":"2019-04-12T19:05:42","modified_gmt":"2019-04-12T21:05:42","slug":"monobloco-fara-show-em-moema-em-fevereiro","status":"publish","type":"post","link":"https:\/\/www.encontramoema.com.br\/sobre\/monobloco-fara-show-em-moema-em-fevereiro\/","title":{"rendered":"Monobloco far\u00e1 show em Moema em fevereiro"},"content":{"rendered":"<div class=\"b7f545a958fd6350ffae2d30a84cafb8\" data-index=\"1\" style=\"float: none; margin:0px;\">\n<!-- Anuncio display - global -->\r\n<ins class=\"adsbygoogle\"\r\n     style=\"display:block\"\r\n     data-ad-client=\"ca-pub-8585364105181520\"\r\n     data-ad-slot=\"8789329856\"\r\n     data-ad-format=\"auto\"\r\n     data-full-width-responsive=\"true\"><\/ins>\r\n<script>\r\n     (adsbygoogle = window.adsbygoogle || []).push({});\r\n<\/script>\n<\/div>\n<p>Sucesso entre o p\u00fablico que lota seus shows onde quer que se realizem, a banda Monobloco far\u00e1 \u00fanica apresenta\u00e7\u00e3o no <a href=\"http:\/\/www.encontramoema.com.br\/moema\/citibank-hall-de-moema.shtml\" target=\"_blank\">Citibank Hall<\/a>, em Moema, no dia 12 de fevereiro (s\u00e1bado).<\/p>\n<p>No repert\u00f3rio, haver\u00e1 m\u00fasicas de seus tr\u00eas trabalhos, &#8220;Monobloco 10&#8221;, &#8220;Monobloco Ao Vivo &#8221; e &#8220;Monobloco&#8221;. O show \u00e9 composto por sambas cl\u00e1ssicos, como &#8220;\u00d4 Coisinha T\u00e3o Bonitinha do Pai&#8221; e &#8220;Vou Festejar&#8221;, sambas-enredo, marchinhas de rua e vers\u00f5es que misturam a batida do Carnaval com o som das ruas, como funk, pop e rap.<\/p>\n<p>Encabe\u00e7ado pelo m\u00fasico Pedro Luis (de A Parede), a apresenta\u00e7\u00e3o em S\u00e3o Paulo ter\u00e1 ainda mais 16 integrantes, entre eles, Zeca Macap\u00e1 (repique), Andr\u00e9 Schmit (chocalho e agog\u00f4), F\u00e1bio Allman (voz) e Alexandre Momo (voz e guitarra).<\/p>\n<p>O show come\u00e7ar\u00e1 \u00e0 1h da manh\u00e3 e ter\u00e1 abertura do DJ Criolina (\u00e0s 23h).<\/p>\n<p>Os ingressos custam entre R$ 45 e R$ 140 e est\u00e3o \u00e0 venda pelo site\u00a0ticketsforfun.com.b<strong>r<\/strong> e pelo telefone 4003-5588.<\/p>\n<p>Citibank Hall &#8211; av. Jamaris, 213, bairro Moema, zona sul, S\u00e3o Paulo, SP. S\u00e1b. (12\/2): 23h. Ingr.: R$ 45 a R$ 145. Proibido para menores de 18 anos.<\/p>\n<p><em>Fonte: Guia Folha<\/em><\/p>\n\n<div style=\"font-size: 0px; height: 0px; line-height: 0px; margin: 0; padding: 0; clear: both;\"><\/div>","protected":false},"excerpt":{"rendered":"<p>Sucesso entre o p\u00fablico que lota seus shows onde quer que se realizem, a banda Monobloco far\u00e1 \u00fanica apresenta\u00e7\u00e3o no Citibank Hall, em Moema, no dia 12 de fevereiro (s\u00e1bado). No repert\u00f3rio, haver\u00e1 m\u00fasicas de seus tr\u00eas trabalhos, &#8220;Monobloco 10&#8221;, &#8220;Monobloco Ao Vivo &#8221; e &#8220;Monobloco&#8221;. O show \u00e9 composto por sambas cl\u00e1ssicos, como &#8220;\u00d4 Coisinha T\u00e3o Bonitinha do Pai&#8221; e &#8220;Vou Festejar&#8221;, sambas-enredo, marchinhas de rua e vers\u00f5es que misturam a batida do Carnaval com o som das ruas, como funk, pop e rap. Encabe\u00e7ado pelo m\u00fasico Pedro Luis (de A Parede), a apresenta\u00e7\u00e3o em S\u00e3o Paulo ter\u00e1 ainda <\/p>\n","protected":false},"author":1,"featured_media":0,"comment_status":"open","ping_status":"closed","sticky":false,"template":"","format":"standard","meta":{"footnotes":""},"categories":[10],"tags":[7],"class_list":["post-970","post","type-post","status-publish","format-standard","hentry","category-shows-em-moema","tag-moema"],"yoast_head":"<!-- This site is optimized with the Yoast SEO plugin v26.3 - https:\/\/yoast.com\/wordpress\/plugins\/seo\/ -->\n<title>Monobloco far\u00e1 show em Moema em fevereiro - Encontra Moema<\/title>\n<meta name=\"robots\" content=\"index, follow, max-snippet:-1, max-image-preview:large, max-video-preview:-1\" \/>\n<link rel=\"canonical\" href=\"https:\/\/www.encontramoema.com.br\/sobre\/monobloco-fara-show-em-moema-em-fevereiro\/\" \/>\n<meta property=\"og:locale\" content=\"pt_BR\" \/>\n<meta property=\"og:type\" content=\"article\" \/>\n<meta property=\"og:title\" content=\"Monobloco far\u00e1 show em Moema em fevereiro - Encontra Moema\" \/>\n<meta property=\"og:description\" content=\"Sucesso entre o p\u00fablico que lota seus shows onde quer que se realizem, a banda Monobloco far\u00e1 \u00fanica apresenta\u00e7\u00e3o no Citibank Hall, em Moema, no dia 12 de fevereiro (s\u00e1bado). No repert\u00f3rio, haver\u00e1 m\u00fasicas de seus tr\u00eas trabalhos, &#8220;Monobloco 10&#8221;, &#8220;Monobloco Ao Vivo &#8221; e &#8220;Monobloco&#8221;. O show \u00e9 composto por sambas cl\u00e1ssicos, como &#8220;\u00d4 Coisinha T\u00e3o Bonitinha do Pai&#8221; e &#8220;Vou Festejar&#8221;, sambas-enredo, marchinhas de rua e vers\u00f5es que misturam a batida do Carnaval com o som das ruas, como funk, pop e rap. Encabe\u00e7ado pelo m\u00fasico Pedro Luis (de A Parede), a apresenta\u00e7\u00e3o em S\u00e3o Paulo ter\u00e1 ainda\" \/>\n<meta property=\"og:url\" content=\"https:\/\/www.encontramoema.com.br\/sobre\/monobloco-fara-show-em-moema-em-fevereiro\/\" \/>\n<meta property=\"og:site_name\" content=\"Encontra Moema\" \/>\n<meta property=\"article:published_time\" content=\"2011-02-02T20:13:26+00:00\" \/>\n<meta property=\"article:modified_time\" content=\"2019-04-12T21:05:42+00:00\" \/>\n<meta name=\"author\" content=\"Encontra Moema\" \/>\n<meta name=\"twitter:card\" content=\"summary_large_image\" \/>\n<meta name=\"twitter:label1\" content=\"Escrito por\" \/>\n\t<meta name=\"twitter:data1\" content=\"Encontra Moema\" \/>\n\t<meta name=\"twitter:label2\" content=\"Est. tempo de leitura\" \/>\n\t<meta name=\"twitter:data2\" content=\"1 minuto\" \/>\n<script type=\"application\/ld+json\" class=\"yoast-schema-graph\">{\"@context\":\"https:\/\/schema.org\",\"@graph\":[{\"@type\":\"WebPage\",\"@id\":\"https:\/\/www.encontramoema.com.br\/sobre\/monobloco-fara-show-em-moema-em-fevereiro\/\",\"url\":\"https:\/\/www.encontramoema.com.br\/sobre\/monobloco-fara-show-em-moema-em-fevereiro\/\",\"name\":\"Monobloco far\u00e1 show em Moema em fevereiro - Encontra Moema\",\"isPartOf\":{\"@id\":\"https:\/\/www.encontramoema.com.br\/sobre\/#website\"},\"datePublished\":\"2011-02-02T20:13:26+00:00\",\"dateModified\":\"2019-04-12T21:05:42+00:00\",\"author\":{\"@id\":\"https:\/\/www.encontramoema.com.br\/sobre\/#\/schema\/person\/3c3656d12b82130d77eba13c4ef23efa\"},\"breadcrumb\":{\"@id\":\"https:\/\/www.encontramoema.com.br\/sobre\/monobloco-fara-show-em-moema-em-fevereiro\/#breadcrumb\"},\"inLanguage\":\"pt-BR\",\"potentialAction\":[{\"@type\":\"ReadAction\",\"target\":[\"https:\/\/www.encontramoema.com.br\/sobre\/monobloco-fara-show-em-moema-em-fevereiro\/\"]}]},{\"@type\":\"BreadcrumbList\",\"@id\":\"https:\/\/www.encontramoema.com.br\/sobre\/monobloco-fara-show-em-moema-em-fevereiro\/#breadcrumb\",\"itemListElement\":[{\"@type\":\"ListItem\",\"position\":1,\"name\":\"In\u00edcio\",\"item\":\"https:\/\/www.encontramoema.com.br\/sobre\/\"},{\"@type\":\"ListItem\",\"position\":2,\"name\":\"Monobloco far\u00e1 show em Moema em fevereiro\"}]},{\"@type\":\"WebSite\",\"@id\":\"https:\/\/www.encontramoema.com.br\/sobre\/#website\",\"url\":\"https:\/\/www.encontramoema.com.br\/sobre\/\",\"name\":\"Encontra Moema\",\"description\":\"Not\u00edcias, eventos, informa\u00e7\u00f5es e dicas no bairro de Moema e regi\u00e3o.\",\"potentialAction\":[{\"@type\":\"SearchAction\",\"target\":{\"@type\":\"EntryPoint\",\"urlTemplate\":\"https:\/\/www.encontramoema.com.br\/sobre\/?s={search_term_string}\"},\"query-input\":{\"@type\":\"PropertyValueSpecification\",\"valueRequired\":true,\"valueName\":\"search_term_string\"}}],\"inLanguage\":\"pt-BR\"},{\"@type\":\"Person\",\"@id\":\"https:\/\/www.encontramoema.com.br\/sobre\/#\/schema\/person\/3c3656d12b82130d77eba13c4ef23efa\",\"name\":\"Encontra Moema\",\"image\":{\"@type\":\"ImageObject\",\"inLanguage\":\"pt-BR\",\"@id\":\"https:\/\/www.encontramoema.com.br\/sobre\/#\/schema\/person\/image\/\",\"url\":\"https:\/\/secure.gravatar.com\/avatar\/0fbed662e37531ae23e68f85f9517b2454e50c1dfebf80eb9b721449ac95e0b9?s=96&d=mm&r=g\",\"contentUrl\":\"https:\/\/secure.gravatar.com\/avatar\/0fbed662e37531ae23e68f85f9517b2454e50c1dfebf80eb9b721449ac95e0b9?s=96&d=mm&r=g\",\"caption\":\"Encontra Moema\"},\"url\":\"https:\/\/www.encontramoema.com.br\/sobre\/author\/emoema\/\"}]}<\/script>\n<!-- \/ Yoast SEO plugin. -->","yoast_head_json":{"title":"Monobloco far\u00e1 show em Moema em fevereiro - Encontra Moema","robots":{"index":"index","follow":"follow","max-snippet":"max-snippet:-1","max-image-preview":"max-image-preview:large","max-video-preview":"max-video-preview:-1"},"canonical":"https:\/\/www.encontramoema.com.br\/sobre\/monobloco-fara-show-em-moema-em-fevereiro\/","og_locale":"pt_BR","og_type":"article","og_title":"Monobloco far\u00e1 show em Moema em fevereiro - Encontra Moema","og_description":"Sucesso entre o p\u00fablico que lota seus shows onde quer que se realizem, a banda Monobloco far\u00e1 \u00fanica apresenta\u00e7\u00e3o no Citibank Hall, em Moema, no dia 12 de fevereiro (s\u00e1bado). No repert\u00f3rio, haver\u00e1 m\u00fasicas de seus tr\u00eas trabalhos, &#8220;Monobloco 10&#8221;, &#8220;Monobloco Ao Vivo &#8221; e &#8220;Monobloco&#8221;. O show \u00e9 composto por sambas cl\u00e1ssicos, como &#8220;\u00d4 Coisinha T\u00e3o Bonitinha do Pai&#8221; e &#8220;Vou Festejar&#8221;, sambas-enredo, marchinhas de rua e vers\u00f5es que misturam a batida do Carnaval com o som das ruas, como funk, pop e rap. Encabe\u00e7ado pelo m\u00fasico Pedro Luis (de A Parede), a apresenta\u00e7\u00e3o em S\u00e3o Paulo ter\u00e1 ainda","og_url":"https:\/\/www.encontramoema.com.br\/sobre\/monobloco-fara-show-em-moema-em-fevereiro\/","og_site_name":"Encontra Moema","article_published_time":"2011-02-02T20:13:26+00:00","article_modified_time":"2019-04-12T21:05:42+00:00","author":"Encontra Moema","twitter_card":"summary_large_image","twitter_misc":{"Escrito por":"Encontra Moema","Est. tempo de leitura":"1 minuto"},"schema":{"@context":"https:\/\/schema.org","@graph":[{"@type":"WebPage","@id":"https:\/\/www.encontramoema.com.br\/sobre\/monobloco-fara-show-em-moema-em-fevereiro\/","url":"https:\/\/www.encontramoema.com.br\/sobre\/monobloco-fara-show-em-moema-em-fevereiro\/","name":"Monobloco far\u00e1 show em Moema em fevereiro - Encontra Moema","isPartOf":{"@id":"https:\/\/www.encontramoema.com.br\/sobre\/#website"},"datePublished":"2011-02-02T20:13:26+00:00","dateModified":"2019-04-12T21:05:42+00:00","author":{"@id":"https:\/\/www.encontramoema.com.br\/sobre\/#\/schema\/person\/3c3656d12b82130d77eba13c4ef23efa"},"breadcrumb":{"@id":"https:\/\/www.encontramoema.com.br\/sobre\/monobloco-fara-show-em-moema-em-fevereiro\/#breadcrumb"},"inLanguage":"pt-BR","potentialAction":[{"@type":"ReadAction","target":["https:\/\/www.encontramoema.com.br\/sobre\/monobloco-fara-show-em-moema-em-fevereiro\/"]}]},{"@type":"BreadcrumbList","@id":"https:\/\/www.encontramoema.com.br\/sobre\/monobloco-fara-show-em-moema-em-fevereiro\/#breadcrumb","itemListElement":[{"@type":"ListItem","position":1,"name":"In\u00edcio","item":"https:\/\/www.encontramoema.com.br\/sobre\/"},{"@type":"ListItem","position":2,"name":"Monobloco far\u00e1 show em Moema em fevereiro"}]},{"@type":"WebSite","@id":"https:\/\/www.encontramoema.com.br\/sobre\/#website","url":"https:\/\/www.encontramoema.com.br\/sobre\/","name":"Encontra Moema","description":"Not\u00edcias, eventos, informa\u00e7\u00f5es e dicas no bairro de Moema e regi\u00e3o.","potentialAction":[{"@type":"SearchAction","target":{"@type":"EntryPoint","urlTemplate":"https:\/\/www.encontramoema.com.br\/sobre\/?s={search_term_string}"},"query-input":{"@type":"PropertyValueSpecification","valueRequired":true,"valueName":"search_term_string"}}],"inLanguage":"pt-BR"},{"@type":"Person","@id":"https:\/\/www.encontramoema.com.br\/sobre\/#\/schema\/person\/3c3656d12b82130d77eba13c4ef23efa","name":"Encontra Moema","image":{"@type":"ImageObject","inLanguage":"pt-BR","@id":"https:\/\/www.encontramoema.com.br\/sobre\/#\/schema\/person\/image\/","url":"https:\/\/secure.gravatar.com\/avatar\/0fbed662e37531ae23e68f85f9517b2454e50c1dfebf80eb9b721449ac95e0b9?s=96&d=mm&r=g","contentUrl":"https:\/\/secure.gravatar.com\/avatar\/0fbed662e37531ae23e68f85f9517b2454e50c1dfebf80eb9b721449ac95e0b9?s=96&d=mm&r=g","caption":"Encontra Moema"},"url":"https:\/\/www.encontramoema.com.br\/sobre\/author\/emoema\/"}]}},"_links":{"self":[{"href":"https:\/\/www.encontramoema.com.br\/sobre\/wp-json\/wp\/v2\/posts\/970","targetHints":{"allow":["GET"]}}],"collection":[{"href":"https:\/\/www.encontramoema.com.br\/sobre\/wp-json\/wp\/v2\/posts"}],"about":[{"href":"https:\/\/www.encontramoema.com.br\/sobre\/wp-json\/wp\/v2\/types\/post"}],"author":[{"embeddable":true,"href":"https:\/\/www.encontramoema.com.br\/sobre\/wp-json\/wp\/v2\/users\/1"}],"replies":[{"embeddable":true,"href":"https:\/\/www.encontramoema.com.br\/sobre\/wp-json\/wp\/v2\/comments?post=970"}],"version-history":[{"count":0,"href":"https:\/\/www.encontramoema.com.br\/sobre\/wp-json\/wp\/v2\/posts\/970\/revisions"}],"wp:attachment":[{"href":"https:\/\/www.encontramoema.com.br\/sobre\/wp-json\/wp\/v2\/media?parent=970"}],"wp:term":[{"taxonomy":"category","embeddable":true,"href":"https:\/\/www.encontramoema.com.br\/sobre\/wp-json\/wp\/v2\/categories?post=970"},{"taxonomy":"post_tag","embeddable":true,"href":"https:\/\/www.encontramoema.com.br\/sobre\/wp-json\/wp\/v2\/tags?post=970"}],"curies":[{"name":"wp","href":"https:\/\/api.w.org\/{rel}","templated":true}]}}