{"id":975,"date":"2011-02-09T17:03:28","date_gmt":"2011-02-09T19:03:28","guid":{"rendered":"http:\/\/www.encontramoema.com.br\/blog\/?p=975"},"modified":"2019-04-12T19:05:42","modified_gmt":"2019-04-12T21:05:42","slug":"bairro-do-moema-tambem-foi-atingido-por-blecaute-nesta-terca","status":"publish","type":"post","link":"https:\/\/www.encontramoema.com.br\/sobre\/bairro-do-moema-tambem-foi-atingido-por-blecaute-nesta-terca\/","title":{"rendered":"Bairro do Moema tamb\u00e9m foi atingido por blecaute nesta ter\u00e7a"},"content":{"rendered":"<div class=\"b7f545a958fd6350ffae2d30a84cafb8\" data-index=\"1\" style=\"float: none; margin:0px;\">\n<!-- Anuncio display - global -->\r\n<ins class=\"adsbygoogle\"\r\n     style=\"display:block\"\r\n     data-ad-client=\"ca-pub-8585364105181520\"\r\n     data-ad-slot=\"8789329856\"\r\n     data-ad-format=\"auto\"\r\n     data-full-width-responsive=\"true\"><\/ins>\r\n<script>\r\n     (adsbygoogle = window.adsbygoogle || []).push({});\r\n<\/script>\n<\/div>\n<p>Uma falha em um dos tr\u00eas transformadores da subesta\u00e7\u00e3o Bandeirantes, na\u00a0zona sul de S\u00e3o Paulo, deixou parte da cidade por 23 minutos sem luz na tarde desta ter\u00e7a-feira.<\/p>\n<p>Segundo o ONS (Operador Nacional do Sistema El\u00e9trico), a falha teve in\u00edcio \u00e0s 15h11 e a energia foi restabelecida completamente \u00e0s 15h34.<\/p>\n<p>A CET (Companhia de Engenharia de Tr\u00e1fego) registrou ao menos 21 pontos da cidade sem luz por volta das 16h. Entre as regi\u00f5es atingidas estavam a da avenida Paulista,\u00a0Pinheiros,\u00a0Vila Mariana,\u00a0Vila Ol\u00edmpia,\u00a0Brooklin,\u00a0Jabaquara,\u00a0Moema e Ibirapuera.<\/p>\n<p>A CTEEP (Companhia de Transmiss\u00e3o e Energia El\u00e9trica Paulista) \u2013respons\u00e1vel\u00a0pela transmiss\u00e3o de energia\u2013 informou que, com a falha de um transformador, os outros dois foram desligados automaticamente pelo sistema de seguran\u00e7a da subesta\u00e7\u00e3o. Segundo a companhia, \u00e0s 15h21 os dois transformadores voltaram a operar.<\/p>\n<p>Entretanto, \u00e0s 16h40 os dois equipamentos sofreram uma sobrecarga e desligaram novamente, por cinco minutos. De acordo com a companhia, o restabelecimento completo ocorreu \u00e0s 16h45.<\/p>\n<p>Ainda de acordo com a empresa, as regi\u00f5es atingidas foram as da avenida Paulista na regi\u00e3o dos\u00a0Jardins, avenida Brigadeiro Lu\u00eds Antonio, 13 de Maio e imedia\u00e7\u00f5es, parte da\u00a0zona sul, como Vila Ol\u00edmpia,\u00a0Itaim Bibi, e parte da\u00a0zona oeste, como Leopoldina,\u00a0Perdizes,\u00a0Pinheiros.<\/p>\n<p>As causas do desligamento do transformador est\u00e3o sendo analisadas pela Cteep.<\/p>\n<p>O\u00a0aeroporto de Congonhas, no\u00a0bairro do Campo Belo, zona\u00a0sul, tamb\u00e9m registrou falta de energia, mas as opera\u00e7\u00f5es de pouso e decolagem n\u00e3o foram prejudicadas. Segundo a Infraero (estatal que administra os aeroportos), o terminal funcionou com gerador das 15h12 \u00e0s 15h25, quando a energia foi reestabelecida.<\/p>\n<p>A Secretaria de Transportes Metropolitanos informou que a circula\u00e7\u00e3o de trens da CPTM (Companhia Paulista de Trens Metropolitanos) e do metr\u00f4 n\u00e3o foi afetada.<em> <\/em><\/p>\n<p><em> <\/em><\/p>\n<p><em>Fonte: Folha de S. Paulo<\/em><\/p>\n\n<div style=\"font-size: 0px; height: 0px; line-height: 0px; margin: 0; padding: 0; clear: both;\"><\/div>","protected":false},"excerpt":{"rendered":"<p>Uma falha em um dos tr\u00eas transformadores da subesta\u00e7\u00e3o Bandeirantes, na\u00a0zona sul de S\u00e3o Paulo, deixou parte da cidade por 23 minutos sem luz na tarde desta ter\u00e7a-feira. Segundo o ONS (Operador Nacional do Sistema El\u00e9trico), a falha teve in\u00edcio \u00e0s 15h11 e a energia foi restabelecida completamente \u00e0s 15h34. A CET (Companhia de Engenharia de Tr\u00e1fego) registrou ao menos 21 pontos da cidade sem luz por volta das 16h. Entre as regi\u00f5es atingidas estavam a da avenida Paulista,\u00a0Pinheiros,\u00a0Vila Mariana,\u00a0Vila Ol\u00edmpia,\u00a0Brooklin,\u00a0Jabaquara,\u00a0Moema e Ibirapuera. A CTEEP (Companhia de Transmiss\u00e3o e Energia El\u00e9trica Paulista) \u2013respons\u00e1vel\u00a0pela transmiss\u00e3o de energia\u2013 informou que, com a <\/p>\n","protected":false},"author":1,"featured_media":0,"comment_status":"open","ping_status":"closed","sticky":false,"template":"","format":"standard","meta":{"footnotes":""},"categories":[1],"tags":[7],"class_list":["post-975","post","type-post","status-publish","format-standard","hentry","category-noticias-em-moema","tag-moema"],"yoast_head":"<!-- This site is optimized with the Yoast SEO plugin v26.3 - https:\/\/yoast.com\/wordpress\/plugins\/seo\/ -->\n<title>Bairro do Moema tamb\u00e9m foi atingido por blecaute nesta ter\u00e7a - Encontra Moema<\/title>\n<meta name=\"robots\" content=\"index, follow, max-snippet:-1, max-image-preview:large, max-video-preview:-1\" \/>\n<link rel=\"canonical\" href=\"https:\/\/www.encontramoema.com.br\/sobre\/bairro-do-moema-tambem-foi-atingido-por-blecaute-nesta-terca\/\" \/>\n<meta property=\"og:locale\" content=\"pt_BR\" \/>\n<meta property=\"og:type\" content=\"article\" \/>\n<meta property=\"og:title\" content=\"Bairro do Moema tamb\u00e9m foi atingido por blecaute nesta ter\u00e7a - Encontra Moema\" \/>\n<meta property=\"og:description\" content=\"Uma falha em um dos tr\u00eas transformadores da subesta\u00e7\u00e3o Bandeirantes, na\u00a0zona sul de S\u00e3o Paulo, deixou parte da cidade por 23 minutos sem luz na tarde desta ter\u00e7a-feira. Segundo o ONS (Operador Nacional do Sistema El\u00e9trico), a falha teve in\u00edcio \u00e0s 15h11 e a energia foi restabelecida completamente \u00e0s 15h34. A CET (Companhia de Engenharia de Tr\u00e1fego) registrou ao menos 21 pontos da cidade sem luz por volta das 16h. Entre as regi\u00f5es atingidas estavam a da avenida Paulista,\u00a0Pinheiros,\u00a0Vila Mariana,\u00a0Vila Ol\u00edmpia,\u00a0Brooklin,\u00a0Jabaquara,\u00a0Moema e Ibirapuera. A CTEEP (Companhia de Transmiss\u00e3o e Energia El\u00e9trica Paulista) \u2013respons\u00e1vel\u00a0pela transmiss\u00e3o de energia\u2013 informou que, com a\" \/>\n<meta property=\"og:url\" content=\"https:\/\/www.encontramoema.com.br\/sobre\/bairro-do-moema-tambem-foi-atingido-por-blecaute-nesta-terca\/\" \/>\n<meta property=\"og:site_name\" content=\"Encontra Moema\" \/>\n<meta property=\"article:published_time\" content=\"2011-02-09T19:03:28+00:00\" \/>\n<meta property=\"article:modified_time\" content=\"2019-04-12T21:05:42+00:00\" \/>\n<meta name=\"author\" content=\"Encontra Moema\" \/>\n<meta name=\"twitter:card\" content=\"summary_large_image\" \/>\n<meta name=\"twitter:label1\" content=\"Escrito por\" \/>\n\t<meta name=\"twitter:data1\" content=\"Encontra Moema\" \/>\n\t<meta name=\"twitter:label2\" content=\"Est. tempo de leitura\" \/>\n\t<meta name=\"twitter:data2\" content=\"2 minutos\" \/>\n<script type=\"application\/ld+json\" class=\"yoast-schema-graph\">{\"@context\":\"https:\/\/schema.org\",\"@graph\":[{\"@type\":\"WebPage\",\"@id\":\"https:\/\/www.encontramoema.com.br\/sobre\/bairro-do-moema-tambem-foi-atingido-por-blecaute-nesta-terca\/\",\"url\":\"https:\/\/www.encontramoema.com.br\/sobre\/bairro-do-moema-tambem-foi-atingido-por-blecaute-nesta-terca\/\",\"name\":\"Bairro do Moema tamb\u00e9m foi atingido por blecaute nesta ter\u00e7a - Encontra Moema\",\"isPartOf\":{\"@id\":\"https:\/\/www.encontramoema.com.br\/sobre\/#website\"},\"datePublished\":\"2011-02-09T19:03:28+00:00\",\"dateModified\":\"2019-04-12T21:05:42+00:00\",\"author\":{\"@id\":\"https:\/\/www.encontramoema.com.br\/sobre\/#\/schema\/person\/3c3656d12b82130d77eba13c4ef23efa\"},\"breadcrumb\":{\"@id\":\"https:\/\/www.encontramoema.com.br\/sobre\/bairro-do-moema-tambem-foi-atingido-por-blecaute-nesta-terca\/#breadcrumb\"},\"inLanguage\":\"pt-BR\",\"potentialAction\":[{\"@type\":\"ReadAction\",\"target\":[\"https:\/\/www.encontramoema.com.br\/sobre\/bairro-do-moema-tambem-foi-atingido-por-blecaute-nesta-terca\/\"]}]},{\"@type\":\"BreadcrumbList\",\"@id\":\"https:\/\/www.encontramoema.com.br\/sobre\/bairro-do-moema-tambem-foi-atingido-por-blecaute-nesta-terca\/#breadcrumb\",\"itemListElement\":[{\"@type\":\"ListItem\",\"position\":1,\"name\":\"In\u00edcio\",\"item\":\"https:\/\/www.encontramoema.com.br\/sobre\/\"},{\"@type\":\"ListItem\",\"position\":2,\"name\":\"Bairro do Moema tamb\u00e9m foi atingido por blecaute nesta ter\u00e7a\"}]},{\"@type\":\"WebSite\",\"@id\":\"https:\/\/www.encontramoema.com.br\/sobre\/#website\",\"url\":\"https:\/\/www.encontramoema.com.br\/sobre\/\",\"name\":\"Encontra Moema\",\"description\":\"Not\u00edcias, eventos, informa\u00e7\u00f5es e dicas no bairro de Moema e regi\u00e3o.\",\"potentialAction\":[{\"@type\":\"SearchAction\",\"target\":{\"@type\":\"EntryPoint\",\"urlTemplate\":\"https:\/\/www.encontramoema.com.br\/sobre\/?s={search_term_string}\"},\"query-input\":{\"@type\":\"PropertyValueSpecification\",\"valueRequired\":true,\"valueName\":\"search_term_string\"}}],\"inLanguage\":\"pt-BR\"},{\"@type\":\"Person\",\"@id\":\"https:\/\/www.encontramoema.com.br\/sobre\/#\/schema\/person\/3c3656d12b82130d77eba13c4ef23efa\",\"name\":\"Encontra Moema\",\"image\":{\"@type\":\"ImageObject\",\"inLanguage\":\"pt-BR\",\"@id\":\"https:\/\/www.encontramoema.com.br\/sobre\/#\/schema\/person\/image\/\",\"url\":\"https:\/\/secure.gravatar.com\/avatar\/0fbed662e37531ae23e68f85f9517b2454e50c1dfebf80eb9b721449ac95e0b9?s=96&d=mm&r=g\",\"contentUrl\":\"https:\/\/secure.gravatar.com\/avatar\/0fbed662e37531ae23e68f85f9517b2454e50c1dfebf80eb9b721449ac95e0b9?s=96&d=mm&r=g\",\"caption\":\"Encontra Moema\"},\"url\":\"https:\/\/www.encontramoema.com.br\/sobre\/author\/emoema\/\"}]}<\/script>\n<!-- \/ Yoast SEO plugin. -->","yoast_head_json":{"title":"Bairro do Moema tamb\u00e9m foi atingido por blecaute nesta ter\u00e7a - Encontra Moema","robots":{"index":"index","follow":"follow","max-snippet":"max-snippet:-1","max-image-preview":"max-image-preview:large","max-video-preview":"max-video-preview:-1"},"canonical":"https:\/\/www.encontramoema.com.br\/sobre\/bairro-do-moema-tambem-foi-atingido-por-blecaute-nesta-terca\/","og_locale":"pt_BR","og_type":"article","og_title":"Bairro do Moema tamb\u00e9m foi atingido por blecaute nesta ter\u00e7a - Encontra Moema","og_description":"Uma falha em um dos tr\u00eas transformadores da subesta\u00e7\u00e3o Bandeirantes, na\u00a0zona sul de S\u00e3o Paulo, deixou parte da cidade por 23 minutos sem luz na tarde desta ter\u00e7a-feira. Segundo o ONS (Operador Nacional do Sistema El\u00e9trico), a falha teve in\u00edcio \u00e0s 15h11 e a energia foi restabelecida completamente \u00e0s 15h34. A CET (Companhia de Engenharia de Tr\u00e1fego) registrou ao menos 21 pontos da cidade sem luz por volta das 16h. Entre as regi\u00f5es atingidas estavam a da avenida Paulista,\u00a0Pinheiros,\u00a0Vila Mariana,\u00a0Vila Ol\u00edmpia,\u00a0Brooklin,\u00a0Jabaquara,\u00a0Moema e Ibirapuera. A CTEEP (Companhia de Transmiss\u00e3o e Energia El\u00e9trica Paulista) \u2013respons\u00e1vel\u00a0pela transmiss\u00e3o de energia\u2013 informou que, com a","og_url":"https:\/\/www.encontramoema.com.br\/sobre\/bairro-do-moema-tambem-foi-atingido-por-blecaute-nesta-terca\/","og_site_name":"Encontra Moema","article_published_time":"2011-02-09T19:03:28+00:00","article_modified_time":"2019-04-12T21:05:42+00:00","author":"Encontra Moema","twitter_card":"summary_large_image","twitter_misc":{"Escrito por":"Encontra Moema","Est. tempo de leitura":"2 minutos"},"schema":{"@context":"https:\/\/schema.org","@graph":[{"@type":"WebPage","@id":"https:\/\/www.encontramoema.com.br\/sobre\/bairro-do-moema-tambem-foi-atingido-por-blecaute-nesta-terca\/","url":"https:\/\/www.encontramoema.com.br\/sobre\/bairro-do-moema-tambem-foi-atingido-por-blecaute-nesta-terca\/","name":"Bairro do Moema tamb\u00e9m foi atingido por blecaute nesta ter\u00e7a - Encontra Moema","isPartOf":{"@id":"https:\/\/www.encontramoema.com.br\/sobre\/#website"},"datePublished":"2011-02-09T19:03:28+00:00","dateModified":"2019-04-12T21:05:42+00:00","author":{"@id":"https:\/\/www.encontramoema.com.br\/sobre\/#\/schema\/person\/3c3656d12b82130d77eba13c4ef23efa"},"breadcrumb":{"@id":"https:\/\/www.encontramoema.com.br\/sobre\/bairro-do-moema-tambem-foi-atingido-por-blecaute-nesta-terca\/#breadcrumb"},"inLanguage":"pt-BR","potentialAction":[{"@type":"ReadAction","target":["https:\/\/www.encontramoema.com.br\/sobre\/bairro-do-moema-tambem-foi-atingido-por-blecaute-nesta-terca\/"]}]},{"@type":"BreadcrumbList","@id":"https:\/\/www.encontramoema.com.br\/sobre\/bairro-do-moema-tambem-foi-atingido-por-blecaute-nesta-terca\/#breadcrumb","itemListElement":[{"@type":"ListItem","position":1,"name":"In\u00edcio","item":"https:\/\/www.encontramoema.com.br\/sobre\/"},{"@type":"ListItem","position":2,"name":"Bairro do Moema tamb\u00e9m foi atingido por blecaute nesta ter\u00e7a"}]},{"@type":"WebSite","@id":"https:\/\/www.encontramoema.com.br\/sobre\/#website","url":"https:\/\/www.encontramoema.com.br\/sobre\/","name":"Encontra Moema","description":"Not\u00edcias, eventos, informa\u00e7\u00f5es e dicas no bairro de Moema e regi\u00e3o.","potentialAction":[{"@type":"SearchAction","target":{"@type":"EntryPoint","urlTemplate":"https:\/\/www.encontramoema.com.br\/sobre\/?s={search_term_string}"},"query-input":{"@type":"PropertyValueSpecification","valueRequired":true,"valueName":"search_term_string"}}],"inLanguage":"pt-BR"},{"@type":"Person","@id":"https:\/\/www.encontramoema.com.br\/sobre\/#\/schema\/person\/3c3656d12b82130d77eba13c4ef23efa","name":"Encontra Moema","image":{"@type":"ImageObject","inLanguage":"pt-BR","@id":"https:\/\/www.encontramoema.com.br\/sobre\/#\/schema\/person\/image\/","url":"https:\/\/secure.gravatar.com\/avatar\/0fbed662e37531ae23e68f85f9517b2454e50c1dfebf80eb9b721449ac95e0b9?s=96&d=mm&r=g","contentUrl":"https:\/\/secure.gravatar.com\/avatar\/0fbed662e37531ae23e68f85f9517b2454e50c1dfebf80eb9b721449ac95e0b9?s=96&d=mm&r=g","caption":"Encontra Moema"},"url":"https:\/\/www.encontramoema.com.br\/sobre\/author\/emoema\/"}]}},"_links":{"self":[{"href":"https:\/\/www.encontramoema.com.br\/sobre\/wp-json\/wp\/v2\/posts\/975","targetHints":{"allow":["GET"]}}],"collection":[{"href":"https:\/\/www.encontramoema.com.br\/sobre\/wp-json\/wp\/v2\/posts"}],"about":[{"href":"https:\/\/www.encontramoema.com.br\/sobre\/wp-json\/wp\/v2\/types\/post"}],"author":[{"embeddable":true,"href":"https:\/\/www.encontramoema.com.br\/sobre\/wp-json\/wp\/v2\/users\/1"}],"replies":[{"embeddable":true,"href":"https:\/\/www.encontramoema.com.br\/sobre\/wp-json\/wp\/v2\/comments?post=975"}],"version-history":[{"count":0,"href":"https:\/\/www.encontramoema.com.br\/sobre\/wp-json\/wp\/v2\/posts\/975\/revisions"}],"wp:attachment":[{"href":"https:\/\/www.encontramoema.com.br\/sobre\/wp-json\/wp\/v2\/media?parent=975"}],"wp:term":[{"taxonomy":"category","embeddable":true,"href":"https:\/\/www.encontramoema.com.br\/sobre\/wp-json\/wp\/v2\/categories?post=975"},{"taxonomy":"post_tag","embeddable":true,"href":"https:\/\/www.encontramoema.com.br\/sobre\/wp-json\/wp\/v2\/tags?post=975"}],"curies":[{"name":"wp","href":"https:\/\/api.w.org\/{rel}","templated":true}]}}