{"id":99,"date":"2009-06-16T16:56:31","date_gmt":"2009-06-16T18:56:31","guid":{"rendered":"http:\/\/www.encontramoema.com.br\/blog\/?p=99"},"modified":"2019-04-12T19:06:31","modified_gmt":"2019-04-12T21:06:31","slug":"moema-exposicao-arte-fragil-resistencias","status":"publish","type":"post","link":"https:\/\/www.encontramoema.com.br\/sobre\/moema-exposicao-arte-fragil-resistencias\/","title":{"rendered":"Moema Exposi\u00e7\u00e3o &#8211; Arte fr\u00e1gil, resist\u00eancias"},"content":{"rendered":"<div class=\"b7f545a958fd6350ffae2d30a84cafb8\" data-index=\"1\" style=\"float: none; margin:0px;\">\n<!-- Anuncio display - global -->\r\n<ins class=\"adsbygoogle\"\r\n     style=\"display:block\"\r\n     data-ad-client=\"ca-pub-8585364105181520\"\r\n     data-ad-slot=\"8789329856\"\r\n     data-ad-format=\"auto\"\r\n     data-full-width-responsive=\"true\"><\/ins>\r\n<script>\r\n     (adsbygoogle = window.adsbygoogle || []).push({});\r\n<\/script>\n<\/div>\n<p>Nove artistas brasileiros e oito franceses refletem sobre o meio ambiente em 24  trabalhos, divididos entre instala\u00e7\u00f5es, fotografias e v\u00eddeos. A coletiva traz  ainda uma sala dedicada a Frans Krajcberg, com treze obras do escultor.  <strong><\/strong><\/p>\n<p><strong><a title=\"Museu de Arte Contempor\u00e2nea em Moema\" href=\"http:\/\/www.encontramoema.com.br\/moema\/museu-de-arte-contemporanea-no-ibirapuera.shtml\">MAC<\/a>&#8211;<a title=\"Parque do Ibirapuera em Moema\" href=\"http:\/\/www.encontramoema.com.br\/moema\/parque-do-ibirapuera.shtml\">Ibirapuera<\/a>. <\/strong>Moema, Pavilh\u00e3o da Bienal, 3\u00ba andar, <a title=\"Parque do Ibirapuera em Moema\" href=\"http:\/\/www.encontramoema.com.br\/moema\/parque-do-ibirapuera.shtml\">Parque do  Ibirapuera<\/a>, port\u00e3o 3,   5573-9932. Ter\u00e7a a domingo e feriados, 10h \u00e0s 19h. <em>Gr\u00e1tis. At\u00e9 9 de agosto.  A partir de ter\u00e7a (16).<\/em><\/p>\n\n<div style=\"font-size: 0px; height: 0px; line-height: 0px; margin: 0; padding: 0; clear: both;\"><\/div>","protected":false},"excerpt":{"rendered":"<p>Nove artistas brasileiros e oito franceses refletem sobre o meio ambiente em 24 trabalhos, divididos entre instala\u00e7\u00f5es, fotografias e v\u00eddeos. A coletiva traz ainda uma sala dedicada a Frans Krajcberg, com treze obras do escultor. MAC&#8211;Ibirapuera. Moema, Pavilh\u00e3o da Bienal, 3\u00ba andar, Parque do Ibirapuera, port\u00e3o 3, 5573-9932. Ter\u00e7a a domingo e feriados, 10h \u00e0s 19h. Gr\u00e1tis. At\u00e9 9 de agosto. A partir de ter\u00e7a (16).<\/p>\n","protected":false},"author":1,"featured_media":0,"comment_status":"open","ping_status":"closed","sticky":false,"template":"","format":"standard","meta":{"footnotes":""},"categories":[1],"tags":[],"class_list":["post-99","post","type-post","status-publish","format-standard","hentry","category-noticias-em-moema"],"yoast_head":"<!-- This site is optimized with the Yoast SEO plugin v26.3 - https:\/\/yoast.com\/wordpress\/plugins\/seo\/ -->\n<title>Moema Exposi\u00e7\u00e3o - Arte fr\u00e1gil, resist\u00eancias - Encontra Moema<\/title>\n<meta name=\"robots\" content=\"index, follow, max-snippet:-1, max-image-preview:large, max-video-preview:-1\" \/>\n<link rel=\"canonical\" href=\"https:\/\/www.encontramoema.com.br\/sobre\/moema-exposicao-arte-fragil-resistencias\/\" \/>\n<meta property=\"og:locale\" content=\"pt_BR\" \/>\n<meta property=\"og:type\" content=\"article\" \/>\n<meta property=\"og:title\" content=\"Moema Exposi\u00e7\u00e3o - Arte fr\u00e1gil, resist\u00eancias - Encontra Moema\" \/>\n<meta property=\"og:description\" content=\"Nove artistas brasileiros e oito franceses refletem sobre o meio ambiente em 24 trabalhos, divididos entre instala\u00e7\u00f5es, fotografias e v\u00eddeos. A coletiva traz ainda uma sala dedicada a Frans Krajcberg, com treze obras do escultor. MAC&#8211;Ibirapuera. Moema, Pavilh\u00e3o da Bienal, 3\u00ba andar, Parque do Ibirapuera, port\u00e3o 3, 5573-9932. Ter\u00e7a a domingo e feriados, 10h \u00e0s 19h. Gr\u00e1tis. At\u00e9 9 de agosto. A partir de ter\u00e7a (16).\" \/>\n<meta property=\"og:url\" content=\"https:\/\/www.encontramoema.com.br\/sobre\/moema-exposicao-arte-fragil-resistencias\/\" \/>\n<meta property=\"og:site_name\" content=\"Encontra Moema\" \/>\n<meta property=\"article:published_time\" content=\"2009-06-16T18:56:31+00:00\" \/>\n<meta property=\"article:modified_time\" content=\"2019-04-12T21:06:31+00:00\" \/>\n<meta name=\"author\" content=\"Encontra Moema\" \/>\n<meta name=\"twitter:card\" content=\"summary_large_image\" \/>\n<meta name=\"twitter:label1\" content=\"Escrito por\" \/>\n\t<meta name=\"twitter:data1\" content=\"Encontra Moema\" \/>\n<script type=\"application\/ld+json\" class=\"yoast-schema-graph\">{\"@context\":\"https:\/\/schema.org\",\"@graph\":[{\"@type\":\"WebPage\",\"@id\":\"https:\/\/www.encontramoema.com.br\/sobre\/moema-exposicao-arte-fragil-resistencias\/\",\"url\":\"https:\/\/www.encontramoema.com.br\/sobre\/moema-exposicao-arte-fragil-resistencias\/\",\"name\":\"Moema Exposi\u00e7\u00e3o - Arte fr\u00e1gil, resist\u00eancias - Encontra Moema\",\"isPartOf\":{\"@id\":\"https:\/\/www.encontramoema.com.br\/sobre\/#website\"},\"datePublished\":\"2009-06-16T18:56:31+00:00\",\"dateModified\":\"2019-04-12T21:06:31+00:00\",\"author\":{\"@id\":\"https:\/\/www.encontramoema.com.br\/sobre\/#\/schema\/person\/3c3656d12b82130d77eba13c4ef23efa\"},\"breadcrumb\":{\"@id\":\"https:\/\/www.encontramoema.com.br\/sobre\/moema-exposicao-arte-fragil-resistencias\/#breadcrumb\"},\"inLanguage\":\"pt-BR\",\"potentialAction\":[{\"@type\":\"ReadAction\",\"target\":[\"https:\/\/www.encontramoema.com.br\/sobre\/moema-exposicao-arte-fragil-resistencias\/\"]}]},{\"@type\":\"BreadcrumbList\",\"@id\":\"https:\/\/www.encontramoema.com.br\/sobre\/moema-exposicao-arte-fragil-resistencias\/#breadcrumb\",\"itemListElement\":[{\"@type\":\"ListItem\",\"position\":1,\"name\":\"In\u00edcio\",\"item\":\"https:\/\/www.encontramoema.com.br\/sobre\/\"},{\"@type\":\"ListItem\",\"position\":2,\"name\":\"Moema Exposi\u00e7\u00e3o &#8211; Arte fr\u00e1gil, resist\u00eancias\"}]},{\"@type\":\"WebSite\",\"@id\":\"https:\/\/www.encontramoema.com.br\/sobre\/#website\",\"url\":\"https:\/\/www.encontramoema.com.br\/sobre\/\",\"name\":\"Encontra Moema\",\"description\":\"Not\u00edcias, eventos, informa\u00e7\u00f5es e dicas no bairro de Moema e regi\u00e3o.\",\"potentialAction\":[{\"@type\":\"SearchAction\",\"target\":{\"@type\":\"EntryPoint\",\"urlTemplate\":\"https:\/\/www.encontramoema.com.br\/sobre\/?s={search_term_string}\"},\"query-input\":{\"@type\":\"PropertyValueSpecification\",\"valueRequired\":true,\"valueName\":\"search_term_string\"}}],\"inLanguage\":\"pt-BR\"},{\"@type\":\"Person\",\"@id\":\"https:\/\/www.encontramoema.com.br\/sobre\/#\/schema\/person\/3c3656d12b82130d77eba13c4ef23efa\",\"name\":\"Encontra Moema\",\"image\":{\"@type\":\"ImageObject\",\"inLanguage\":\"pt-BR\",\"@id\":\"https:\/\/www.encontramoema.com.br\/sobre\/#\/schema\/person\/image\/\",\"url\":\"https:\/\/secure.gravatar.com\/avatar\/0fbed662e37531ae23e68f85f9517b2454e50c1dfebf80eb9b721449ac95e0b9?s=96&d=mm&r=g\",\"contentUrl\":\"https:\/\/secure.gravatar.com\/avatar\/0fbed662e37531ae23e68f85f9517b2454e50c1dfebf80eb9b721449ac95e0b9?s=96&d=mm&r=g\",\"caption\":\"Encontra Moema\"},\"url\":\"https:\/\/www.encontramoema.com.br\/sobre\/author\/emoema\/\"}]}<\/script>\n<!-- \/ Yoast SEO plugin. -->","yoast_head_json":{"title":"Moema Exposi\u00e7\u00e3o - Arte fr\u00e1gil, resist\u00eancias - Encontra Moema","robots":{"index":"index","follow":"follow","max-snippet":"max-snippet:-1","max-image-preview":"max-image-preview:large","max-video-preview":"max-video-preview:-1"},"canonical":"https:\/\/www.encontramoema.com.br\/sobre\/moema-exposicao-arte-fragil-resistencias\/","og_locale":"pt_BR","og_type":"article","og_title":"Moema Exposi\u00e7\u00e3o - Arte fr\u00e1gil, resist\u00eancias - Encontra Moema","og_description":"Nove artistas brasileiros e oito franceses refletem sobre o meio ambiente em 24 trabalhos, divididos entre instala\u00e7\u00f5es, fotografias e v\u00eddeos. A coletiva traz ainda uma sala dedicada a Frans Krajcberg, com treze obras do escultor. MAC&#8211;Ibirapuera. Moema, Pavilh\u00e3o da Bienal, 3\u00ba andar, Parque do Ibirapuera, port\u00e3o 3, 5573-9932. Ter\u00e7a a domingo e feriados, 10h \u00e0s 19h. Gr\u00e1tis. At\u00e9 9 de agosto. A partir de ter\u00e7a (16).","og_url":"https:\/\/www.encontramoema.com.br\/sobre\/moema-exposicao-arte-fragil-resistencias\/","og_site_name":"Encontra Moema","article_published_time":"2009-06-16T18:56:31+00:00","article_modified_time":"2019-04-12T21:06:31+00:00","author":"Encontra Moema","twitter_card":"summary_large_image","twitter_misc":{"Escrito por":"Encontra Moema"},"schema":{"@context":"https:\/\/schema.org","@graph":[{"@type":"WebPage","@id":"https:\/\/www.encontramoema.com.br\/sobre\/moema-exposicao-arte-fragil-resistencias\/","url":"https:\/\/www.encontramoema.com.br\/sobre\/moema-exposicao-arte-fragil-resistencias\/","name":"Moema Exposi\u00e7\u00e3o - Arte fr\u00e1gil, resist\u00eancias - Encontra Moema","isPartOf":{"@id":"https:\/\/www.encontramoema.com.br\/sobre\/#website"},"datePublished":"2009-06-16T18:56:31+00:00","dateModified":"2019-04-12T21:06:31+00:00","author":{"@id":"https:\/\/www.encontramoema.com.br\/sobre\/#\/schema\/person\/3c3656d12b82130d77eba13c4ef23efa"},"breadcrumb":{"@id":"https:\/\/www.encontramoema.com.br\/sobre\/moema-exposicao-arte-fragil-resistencias\/#breadcrumb"},"inLanguage":"pt-BR","potentialAction":[{"@type":"ReadAction","target":["https:\/\/www.encontramoema.com.br\/sobre\/moema-exposicao-arte-fragil-resistencias\/"]}]},{"@type":"BreadcrumbList","@id":"https:\/\/www.encontramoema.com.br\/sobre\/moema-exposicao-arte-fragil-resistencias\/#breadcrumb","itemListElement":[{"@type":"ListItem","position":1,"name":"In\u00edcio","item":"https:\/\/www.encontramoema.com.br\/sobre\/"},{"@type":"ListItem","position":2,"name":"Moema Exposi\u00e7\u00e3o &#8211; Arte fr\u00e1gil, resist\u00eancias"}]},{"@type":"WebSite","@id":"https:\/\/www.encontramoema.com.br\/sobre\/#website","url":"https:\/\/www.encontramoema.com.br\/sobre\/","name":"Encontra Moema","description":"Not\u00edcias, eventos, informa\u00e7\u00f5es e dicas no bairro de Moema e regi\u00e3o.","potentialAction":[{"@type":"SearchAction","target":{"@type":"EntryPoint","urlTemplate":"https:\/\/www.encontramoema.com.br\/sobre\/?s={search_term_string}"},"query-input":{"@type":"PropertyValueSpecification","valueRequired":true,"valueName":"search_term_string"}}],"inLanguage":"pt-BR"},{"@type":"Person","@id":"https:\/\/www.encontramoema.com.br\/sobre\/#\/schema\/person\/3c3656d12b82130d77eba13c4ef23efa","name":"Encontra Moema","image":{"@type":"ImageObject","inLanguage":"pt-BR","@id":"https:\/\/www.encontramoema.com.br\/sobre\/#\/schema\/person\/image\/","url":"https:\/\/secure.gravatar.com\/avatar\/0fbed662e37531ae23e68f85f9517b2454e50c1dfebf80eb9b721449ac95e0b9?s=96&d=mm&r=g","contentUrl":"https:\/\/secure.gravatar.com\/avatar\/0fbed662e37531ae23e68f85f9517b2454e50c1dfebf80eb9b721449ac95e0b9?s=96&d=mm&r=g","caption":"Encontra Moema"},"url":"https:\/\/www.encontramoema.com.br\/sobre\/author\/emoema\/"}]}},"_links":{"self":[{"href":"https:\/\/www.encontramoema.com.br\/sobre\/wp-json\/wp\/v2\/posts\/99","targetHints":{"allow":["GET"]}}],"collection":[{"href":"https:\/\/www.encontramoema.com.br\/sobre\/wp-json\/wp\/v2\/posts"}],"about":[{"href":"https:\/\/www.encontramoema.com.br\/sobre\/wp-json\/wp\/v2\/types\/post"}],"author":[{"embeddable":true,"href":"https:\/\/www.encontramoema.com.br\/sobre\/wp-json\/wp\/v2\/users\/1"}],"replies":[{"embeddable":true,"href":"https:\/\/www.encontramoema.com.br\/sobre\/wp-json\/wp\/v2\/comments?post=99"}],"version-history":[{"count":0,"href":"https:\/\/www.encontramoema.com.br\/sobre\/wp-json\/wp\/v2\/posts\/99\/revisions"}],"wp:attachment":[{"href":"https:\/\/www.encontramoema.com.br\/sobre\/wp-json\/wp\/v2\/media?parent=99"}],"wp:term":[{"taxonomy":"category","embeddable":true,"href":"https:\/\/www.encontramoema.com.br\/sobre\/wp-json\/wp\/v2\/categories?post=99"},{"taxonomy":"post_tag","embeddable":true,"href":"https:\/\/www.encontramoema.com.br\/sobre\/wp-json\/wp\/v2\/tags?post=99"}],"curies":[{"name":"wp","href":"https:\/\/api.w.org\/{rel}","templated":true}]}}